{"id":1021,"date":"2026-01-26T00:00:24","date_gmt":"2026-01-25T21:00:24","guid":{"rendered":"https:\/\/sunpress4.com\/index.php\/2026\/01\/26\/benfica-farka-kostu-rafa-silva-ilk-macina-cikti\/"},"modified":"2026-01-26T00:00:25","modified_gmt":"2026-01-25T21:00:25","slug":"benfica-farka-kostu-rafa-silva-ilk-macina-cikti","status":"publish","type":"post","link":"https:\/\/sunpress4.com\/index.php\/2026\/01\/26\/benfica-farka-kostu-rafa-silva-ilk-macina-cikti\/","title":{"rendered":"Benfica farka ko\u015ftu: Rafa Silva ilk ma\u00e7\u0131na \u00e7\u0131kt\u0131"},"content":{"rendered":"<p>Portekiz Premier Ligi&#8217;nde Jose Mourinho&#8217;nun \u00e7al\u0131\u015ft\u0131rd\u0131\u011f\u0131 Benfica, evinde Estrela ile kar\u015f\u0131la\u015ft\u0131. Be\u015fikta\u015f&#8217;tan transfer edilen y\u0131ld\u0131z oyuncu Rafa Silva, bu m\u00fccadeleye yedek kul\u00fcbesinde ba\u015flad\u0131.<\/p>\n<p>M\u00fccadelenin 42. dakikas\u0131nda Pavlidis&#8217;in gol\u00fcyle 1-0 \u00f6ne ge\u00e7en ev sahibi Benfica, ilk yar\u0131y\u0131 bu skorla tamamlad\u0131. \u0130kinci yar\u0131da da \u00fcst\u00fcn oyununu s\u00fcrd\u00fcren Portekiz devi, 55. dakikada yine Pavlidis&#8217;in penalt\u0131dan att\u0131\u011f\u0131 golle skoru 2-0&#8217;a ta\u015f\u0131d\u0131. Sadece \u00fc\u00e7 dakika sonra, 58. dakikada Cabral fark\u0131 daha da a\u00e7arak skoru 3-0 yapt\u0131. Benfica&#8217;da 73. dakikada Aursnes&#8217;in yerine oyuna Rafa Silva dahil oldu.<\/p>\n<p>Ma\u00e7ta kapan\u0131\u015f gol\u00fcn\u00fc 84. dakikada bir kez daha Cabral atarak skoru 4-0&#8217;a getirdi ve m\u00fchr\u00fc vurdu. Bu net galibiyetle puan\u0131n\u0131 45&#8217;e \u00e7\u0131karan Benfica, lider Porto ile aras\u0131ndaki yedi puanl\u0131k fark\u0131 korudu. Deplasmanda ma\u011flup olan Estrela ise 19 puanla ligin 13. s\u0131ras\u0131nda bulunuyor.<\/p>\n","protected":false},"excerpt":{"rendered":"<p>Portekiz Premier Ligi&#8217;nde Jose Mourinho&#8217;nun \u00e7al\u0131\u015ft\u0131rd\u0131\u011f\u0131 Benfica, evinde Estrela ile kar\u015f\u0131la\u015ft\u0131. Be\u015fikta\u015f&#8217;tan transfer edilen y\u0131ld\u0131z oyuncu Rafa Silva, bu m\u00fccadeleye yedek kul\u00fcbesinde ba\u015flad\u0131. M\u00fccadelenin 42. dakikas\u0131nda Pavlidis&#8217;in gol\u00fcyle 1-0 \u00f6ne ge\u00e7en ev sahibi Benfica, ilk yar\u0131y\u0131 bu skorla tamamlad\u0131. \u0130kinci yar\u0131da da \u00fcst\u00fcn oyununu s\u00fcrd\u00fcren Portekiz devi, 55. dakikada yine Pavlidis&#8217;in penalt\u0131dan att\u0131\u011f\u0131 golle skoru [&hellip;]<\/p>\n","protected":false},"author":0,"featured_media":1022,"comment_status":"open","ping_status":"open","sticky":false,"template":"","format":"standard","meta":{"footnotes":""},"categories":[32],"tags":[],"class_list":["post-1021","post","type-post","status-publish","format-standard","has-post-thumbnail","hentry","category-spor"],"_links":{"self":[{"href":"https:\/\/sunpress4.com\/index.php\/wp-json\/wp\/v2\/posts\/1021","targetHints":{"allow":["GET"]}}],"collection":[{"href":"https:\/\/sunpress4.com\/index.php\/wp-json\/wp\/v2\/posts"}],"about":[{"href":"https:\/\/sunpress4.com\/index.php\/wp-json\/wp\/v2\/types\/post"}],"replies":[{"embeddable":true,"href":"https:\/\/sunpress4.com\/index.php\/wp-json\/wp\/v2\/comments?post=1021"}],"version-history":[{"count":1,"href":"https:\/\/sunpress4.com\/index.php\/wp-json\/wp\/v2\/posts\/1021\/revisions"}],"predecessor-version":[{"id":1023,"href":"https:\/\/sunpress4.com\/index.php\/wp-json\/wp\/v2\/posts\/1021\/revisions\/1023"}],"wp:featuredmedia":[{"embeddable":true,"href":"https:\/\/sunpress4.com\/index.php\/wp-json\/wp\/v2\/media\/1022"}],"wp:attachment":[{"href":"https:\/\/sunpress4.com\/index.php\/wp-json\/wp\/v2\/media?parent=1021"}],"wp:term":[{"taxonomy":"category","embeddable":true,"href":"https:\/\/sunpress4.com\/index.php\/wp-json\/wp\/v2\/categories?post=1021"},{"taxonomy":"post_tag","embeddable":true,"href":"https:\/\/sunpress4.com\/index.php\/wp-json\/wp\/v2\/tags?post=1021"}],"curies":[{"name":"wp","href":"https:\/\/api.w.org\/{rel}","templated":true}]}}