{"id":1039,"date":"2026-01-26T12:00:34","date_gmt":"2026-01-26T09:00:34","guid":{"rendered":"https:\/\/sunpress4.com\/index.php\/2026\/01\/26\/goztepeden-avrupa-yolunda-kritik-puan\/"},"modified":"2026-01-26T12:00:35","modified_gmt":"2026-01-26T09:00:35","slug":"goztepeden-avrupa-yolunda-kritik-puan","status":"publish","type":"post","link":"https:\/\/sunpress4.com\/index.php\/2026\/01\/26\/goztepeden-avrupa-yolunda-kritik-puan\/","title":{"rendered":"G\u00f6ztepe&#8217;den Avrupa yolunda kritik puan"},"content":{"rendered":"<p>A\u011f\u0131r eksikliklere ra\u011fmen sahadan puanla ayr\u0131lan G\u00f6ztepe, Fenerbah\u00e7e deplasman\u0131nda g\u00f6sterdi\u011fi diren\u00e7le dikkat \u00e7ekti. Cezal\u0131 stoperleri Bokele ve Heliton, sakat Alexis Antes&#8217;in yan\u0131 s\u0131ra grip rahats\u0131zl\u0131\u011f\u0131 ya\u015fayan orta saha Dennis ve savunmac\u0131 Furkan&#8217;dan mahrum sar\u0131-k\u0131rm\u0131z\u0131l\u0131lar, t\u00fcm olumsuzluklara kar\u015f\u0131n rakibine boyun e\u011fmedi. Kar\u015f\u0131la\u015fman\u0131n 17. dakikas\u0131nda Nene&#8217;nin gol\u00fcyle geriye d\u00fc\u015fen G\u00f6ztepe, bu gole yedi dakika sonra Janderson ile yan\u0131t vererek beraberli\u011fi sa\u011flad\u0131. Topla oynama oran\u0131n\u0131n d\u00fc\u015f\u00fck olmas\u0131na ra\u011fmen, \u00f6zellikle ikinci yar\u0131da defansif disiplinle Fenerbah\u00e7e&#8217;ye gol \u015fans\u0131 tan\u0131mayan G\u00f6ztepe, kritik bir deplasman puan\u0131 kazand\u0131.<\/p>\n<p>Savunmadaki m\u00fccadelesiyle alk\u0131\u015f toplayan G\u00f6ztepe, bu zorlu deplasmandan ald\u0131\u011f\u0131 bir puanla ligdeki d\u00f6rd\u00fcnc\u00fc s\u0131radaki yerini korumay\u0131 ba\u015fard\u0131. Tak\u0131m\u0131n golc\u00fc isimlerinden Juan da gribal enfeksiyon nedeniyle ilk 11&#8217;de yer alamad\u0131. Ma\u00e7a 62. dakikada dahil olan Juan, hastal\u0131\u011f\u0131na ra\u011fmen sahada m\u00fccadelesiyle \u00f6ne \u00e7\u0131kt\u0131. G\u00f6ztepe&#8217;nin tek gol\u00fcn\u00fc atan Janderson ise &#8220;deplasman golc\u00fcs\u00fc&#8221; unvan\u0131n\u0131 peki\u015ftirdi. Bu sezon \u00fc\u00e7\u00fcnc\u00fc kez fileleri havaland\u0131ran Brezilyal\u0131 forvet, daha \u00f6nce \u0130stanbul&#8217;daki Fatih Karag\u00fcmr\u00fck (2-0) ve deplasmandaki Gaziantep FK (1-0) ma\u00e7lar\u0131nda da gol sevinci ya\u015fam\u0131\u015ft\u0131. Fenerbah\u00e7e kar\u015f\u0131s\u0131nda att\u0131\u011f\u0131 bu kritik golle tak\u0131m\u0131na \u00f6nemli bir katk\u0131 sa\u011flad\u0131.<\/p>\n<p>G\u00f6ztepe Teknik Direkt\u00f6r\u00fc Stanimir Stoilov, Fenerbah\u00e7e deplasman\u0131ndan puanla d\u00f6nmelerinin b\u00fcy\u00fck bir mutluluk verdi\u011fini dile getirdi. \u00d6nemli oyuncu eksikliklerine ra\u011fmen sahaya \u00e7\u0131kt\u0131klar\u0131n\u0131 belirten Bulgar teknik adam, &#8220;Taktiksel plan\u0131m\u0131za sad\u0131k kald\u0131k ve arad\u0131\u011f\u0131m\u0131z gol\u00fc bulduk. B\u00f6ylesine g\u00fc\u00e7l\u00fc bir rakibe ve tecr\u00fcbeli bir hocas\u0131 olan tak\u0131ma kar\u015f\u0131 bu puan\u0131 almak bizim i\u00e7in \u00e7ok de\u011ferli. Bir\u00e7ok kilit oyuncumuz eksikti ve yerlerine oynayan futbolcular\u0131n taktiksel olarak g\u00f6revlerini ba\u015far\u0131yla yerine getirmesi gerekiyordu. Neredeyse s\u0131f\u0131r hata yapmam\u0131z gereken bir ma\u00e7t\u0131. F\u0131rsat bulduk\u00e7a gol\u00fc bulmak zorundayd\u0131k; zira bu tarz ma\u00e7larda gol atamazsan\u0131z kazanamazs\u0131n\u0131z&#8221; \u015feklinde konu\u015ftu.<\/p>\n<p>Kul\u00fcb\u00fcn genel stratejisi hakk\u0131nda da a\u00e7\u0131klamalarda bulunan Stoilov, hem saha i\u00e7inde hem de saha d\u0131\u015f\u0131nda G\u00f6ztepe&#8217;nin en iyisini yapmaya \u00e7al\u0131\u015ft\u0131\u011f\u0131n\u0131 vurgulad\u0131. &#8220;Her kul\u00fcb\u00fcn kendi stratejisi, transfer politikas\u0131 ve b\u00fct\u00e7esi var. G\u00f6ztepe olarak bizim de s\u0131n\u0131rlar\u0131m\u0131z belli. Biz kendi yolumuzda en iyisini yapmaya \u00e7al\u0131\u015f\u0131yoruz. Rakibimizin durumu bizi ilgilendirmiyor. Tak\u0131ma en uygun oyuncular\u0131 katmay\u0131 ve onlar\u0131 geli\u015ftirmeyi hedefliyoruz. Futbolda paran\u0131n de\u011fil, oyuncular\u0131n kazand\u0131\u011f\u0131na inan\u0131yorum. B\u00fct\u00e7e olarak bir\u00e7ok kul\u00fcple aram\u0131zda b\u00fcy\u00fck farklar olsa da, sahaya her zaman en iyi performans\u0131m\u0131z\u0131 yans\u0131tmaya gayret ediyoruz. Benim her zaman inand\u0131\u011f\u0131m bir s\u00f6z var: &#8216;\u00c7al\u0131\u015fmak, her \u015feye galip gelir'&#8221; ifadelerini kulland\u0131.<\/p>\n<p>Puan ald\u0131klar\u0131 i\u00e7in mutlu oldu\u011funu ancak oynanan oyundan tam olarak memnun kalmad\u0131\u011f\u0131n\u0131 belirten Stoilov, s\u00f6zlerini \u015f\u00f6yle s\u00fcrd\u00fcrd\u00fc: &#8220;Ma\u00e7tan \u00f6nce iki cezal\u0131, d\u00f6rt hasta oyuncumuz vard\u0131. Baz\u0131 futbolcular\u0131n pozisyonlar\u0131n\u0131 de\u011fi\u015ftirmek zorunda kald\u0131k. Normalde her antrenmana 20 oyuncuyla \u00e7\u0131k\u0131yoruz. Bu ma\u00e7ta sergiledi\u011fimiz performanstan ve oyundan \u00e7ok memnun oldu\u011fumu s\u00f6yleyemem. Potansiyelimiz \u00e7ok daha y\u00fcksek. Belki ba\u015fka nedenler de vard\u0131 ama ben bahane \u00fcretmeyi sevmiyorum. Santraforumuz son \u00fc\u00e7 g\u00fcn antrenmana kat\u0131lamad\u0131, ma\u00e7 g\u00fcn\u00fc tak\u0131ma dahil olabildi. Sahada bir tak\u0131m oyunu sergilemeye \u00e7al\u0131\u015ft\u0131k. Daha \u00f6nce de benzer zorluklar ya\u015fad\u0131k; \u00f6rne\u011fin Arda, bir ma\u00e7ta santrfor oynam\u0131\u015f ve iki gol atm\u0131\u015ft\u0131. Bu t\u00fcr durumlarla ba\u015fa \u00e7\u0131kmaya al\u0131\u015fk\u0131n\u0131z.&#8221;<\/p>\n<p>G\u00f6ztepe, 31 Ocak Cumartesi g\u00fcn\u00fc kendi sahas\u0131nda Fatih Karag\u00fcmr\u00fck ile m\u00fccadele edecek.<\/p>\n","protected":false},"excerpt":{"rendered":"<p>A\u011f\u0131r eksikliklere ra\u011fmen sahadan puanla ayr\u0131lan G\u00f6ztepe, Fenerbah\u00e7e deplasman\u0131nda g\u00f6sterdi\u011fi diren\u00e7le dikkat \u00e7ekti. Cezal\u0131 stoperleri Bokele ve Heliton, sakat Alexis Antes&#8217;in yan\u0131 s\u0131ra grip rahats\u0131zl\u0131\u011f\u0131 ya\u015fayan orta saha Dennis ve savunmac\u0131 Furkan&#8217;dan mahrum sar\u0131-k\u0131rm\u0131z\u0131l\u0131lar, t\u00fcm olumsuzluklara kar\u015f\u0131n rakibine boyun e\u011fmedi. Kar\u015f\u0131la\u015fman\u0131n 17. dakikas\u0131nda Nene&#8217;nin gol\u00fcyle geriye d\u00fc\u015fen G\u00f6ztepe, bu gole yedi dakika sonra Janderson ile [&hellip;]<\/p>\n","protected":false},"author":0,"featured_media":1040,"comment_status":"open","ping_status":"open","sticky":false,"template":"","format":"standard","meta":{"footnotes":""},"categories":[32],"tags":[],"class_list":["post-1039","post","type-post","status-publish","format-standard","has-post-thumbnail","hentry","category-spor"],"_links":{"self":[{"href":"https:\/\/sunpress4.com\/index.php\/wp-json\/wp\/v2\/posts\/1039","targetHints":{"allow":["GET"]}}],"collection":[{"href":"https:\/\/sunpress4.com\/index.php\/wp-json\/wp\/v2\/posts"}],"about":[{"href":"https:\/\/sunpress4.com\/index.php\/wp-json\/wp\/v2\/types\/post"}],"replies":[{"embeddable":true,"href":"https:\/\/sunpress4.com\/index.php\/wp-json\/wp\/v2\/comments?post=1039"}],"version-history":[{"count":1,"href":"https:\/\/sunpress4.com\/index.php\/wp-json\/wp\/v2\/posts\/1039\/revisions"}],"predecessor-version":[{"id":1041,"href":"https:\/\/sunpress4.com\/index.php\/wp-json\/wp\/v2\/posts\/1039\/revisions\/1041"}],"wp:featuredmedia":[{"embeddable":true,"href":"https:\/\/sunpress4.com\/index.php\/wp-json\/wp\/v2\/media\/1040"}],"wp:attachment":[{"href":"https:\/\/sunpress4.com\/index.php\/wp-json\/wp\/v2\/media?parent=1039"}],"wp:term":[{"taxonomy":"category","embeddable":true,"href":"https:\/\/sunpress4.com\/index.php\/wp-json\/wp\/v2\/categories?post=1039"},{"taxonomy":"post_tag","embeddable":true,"href":"https:\/\/sunpress4.com\/index.php\/wp-json\/wp\/v2\/tags?post=1039"}],"curies":[{"name":"wp","href":"https:\/\/api.w.org\/{rel}","templated":true}]}}