{"id":1195,"date":"2026-01-31T00:01:05","date_gmt":"2026-01-30T21:01:05","guid":{"rendered":"https:\/\/sunpress4.com\/index.php\/2026\/01\/31\/cumhurbaskani-erdogan-ulasimda-cag-atlattik\/"},"modified":"2026-01-31T00:01:06","modified_gmt":"2026-01-30T21:01:06","slug":"cumhurbaskani-erdogan-ulasimda-cag-atlattik","status":"publish","type":"post","link":"https:\/\/sunpress4.com\/index.php\/2026\/01\/31\/cumhurbaskani-erdogan-ulasimda-cag-atlattik\/","title":{"rendered":"Cumhurba\u015fkan\u0131 Erdo\u011fan: Ula\u015f\u0131mda \u00e7a\u011f atlatt\u0131k"},"content":{"rendered":"<p>Cumhurba\u015fkan\u0131 Recep Tayyip Erdo\u011fan, Hali\u00e7 Kongre Merkezi&#8217;nde d\u00fczenlenen &#8220;Karayollar\u0131 Genel M\u00fcd\u00fcrl\u00fc\u011f\u00fc Otuz Bininci Kilometre B\u00f6l\u00fcnm\u00fc\u015f Yol Hizmete Alma T\u00f6reni&#8221;nde tarihi bir ba\u015far\u0131ya imza at\u0131ld\u0131\u011f\u0131n\u0131 duyurdu. T\u00fcrkiye&#8217;nin ula\u015f\u0131m altyap\u0131s\u0131nda d\u00f6n\u00fcm noktas\u0131 niteli\u011findeki bu t\u00f6ren, \u00fclkenin d\u00f6rt bir yan\u0131n\u0131 kapsayan devasa karayolu a\u011f\u0131n\u0131n geldi\u011fi son noktay\u0131 g\u00f6zler \u00f6n\u00fcne serdi.<\/p>\n<p>Erdo\u011fan, konu\u015fmas\u0131na Fatih&#8217;in emaneti \u0130stanbul&#8217;da bulunmaktan duydu\u011fu memnuniyeti dile getirerek ba\u015flad\u0131. Bug\u00fcn itibar\u0131yla 30 bin kilometreye ula\u015fan b\u00f6l\u00fcnm\u00fc\u015f yol a\u011f\u0131n\u0131n hizmete al\u0131nmas\u0131yla b\u00fcy\u00fck bir gurur ya\u015fad\u0131klar\u0131n\u0131 belirten Cumhurba\u015fkan\u0131, bu yat\u0131r\u0131mlar\u0131n T\u00fcrkiye&#8217;yi daha g\u00fc\u00e7l\u00fc k\u0131ld\u0131\u011f\u0131n\u0131 ve 86 milyon vatanda\u015fa a\u015fkla hizmet etme misyonunun bir par\u00e7as\u0131 oldu\u011funu vurgulad\u0131.<\/p>\n<p>Bu b\u00fcy\u00fck ba\u015far\u0131n\u0131n arkas\u0131ndaki emek sahiplerini unutmayan Erdo\u011fan, projelerde g\u00f6rev alan t\u00fcm mimar, m\u00fchendis ve yol yap\u0131m\u0131nda \u00e7al\u0131\u015fanlara te\u015fekk\u00fcrlerini iletti. Ayr\u0131ca, projeyi birlikte ba\u015flatt\u0131klar\u0131 merhum Bitlis Milletvekili Zeki Ergezen&#8217;i rahmetle anarken, 7\/24 esas\u0131yla, en zorlu ko\u015fullarda yollar\u0131n bak\u0131m ve onar\u0131m\u0131n\u0131 ger\u00e7ekle\u015ftiren karayollar\u0131 \u00e7al\u0131\u015fanlar\u0131n\u0131n vatanda\u015flar\u0131n g\u00fcvenli ve konforlu seyahati i\u00e7in g\u00f6sterdi\u011fi \u00f6zverili \u00e7abay\u0131 takdir etti.<\/p>\n<p>Konu\u015fmas\u0131nda hizmet anlay\u0131\u015flar\u0131n\u0131 da dile getiren Cumhurba\u015fkan\u0131 Erdo\u011fan, 23 y\u0131ld\u0131r &#8216;Halka hizmet, Hakka hizmettir&#8217; d\u00fcsturuyla \u00e7al\u0131\u015ft\u0131klar\u0131n\u0131 ifade etti. Milletin emanetini lay\u0131k\u0131yla ta\u015f\u0131mak ve 86 milyon vatanda\u015f\u0131n tamam\u0131na en iyi hizmetleri ula\u015ft\u0131rmak i\u00e7in b\u00fcy\u00fck bir gayret i\u00e7inde olduklar\u0131n\u0131, \u015fehit kanlar\u0131yla sulanm\u0131\u015f bu topraklara a\u015fkla hizmet ettiklerini belirtti.<\/p>\n<p>Erdo\u011fan, T\u00fcrkiye&#8217;nin ula\u015ft\u0131rma alan\u0131nda &#8216;eski T\u00fcrkiye&#8217;den &#8216;yeni T\u00fcrkiye&#8217;ye&#8217; ge\u00e7i\u015fte adeta bir \u00e7a\u011f atlad\u0131\u011f\u0131n\u0131 vurgulad\u0131. \u0130stanbul Havaliman\u0131&#8217;n\u0131n k\u00fcresel bir marka haline geldi\u011fini, deniz ula\u015f\u0131m\u0131nda daha \u00f6nce hayal dahi edilemeyen projelerin hayata ge\u00e7irildi\u011fini hat\u0131rlatt\u0131. Karayolu ula\u015f\u0131m\u0131nda ise destan yaz\u0131ld\u0131\u011f\u0131n\u0131 dile getiren Cumhurba\u015fkan\u0131, g\u00f6reve geldiklerinde sadece 6.101 kilometre olan b\u00f6l\u00fcnm\u00fc\u015f yol uzunlu\u011funu 23 y\u0131l i\u00e7inde 77 ili birbirine ba\u011flayarak 30.049 kilometreye \u00e7\u0131kard\u0131klar\u0131n\u0131 b\u00fcy\u00fck bir gururla a\u00e7\u0131klad\u0131.<\/p>\n<p>Yap\u0131lan her olumlu icraat\u0131n engellenmeye \u00e7al\u0131\u015f\u0131ld\u0131\u011f\u0131n\u0131 dile getiren Erdo\u011fan, 23 y\u0131ld\u0131r milletin yarar\u0131na at\u0131lan her ad\u0131m\u0131n \u00f6n\u00fcne &#8216;takoz&#8217; konulmak istendi\u011fini belirtti. B\u00f6l\u00fcnm\u00fc\u015f yol projesinin ilk a\u00e7\u0131kland\u0131\u011f\u0131nda &#8216;hizmet ve eser d\u00fc\u015fman\u0131&#8217; olarak nitelendirdi\u011fi muhalefet taraf\u0131ndan a\u011f\u0131r ele\u015ftirilere maruz kald\u0131klar\u0131n\u0131, hatta &#8216;kendi m\u00fcteahhitlerini zengin ediyorlar&#8217; veya &#8216;mevcut yollar\u0131 korumak yeterli&#8217; gibi s\u00f6ylemlerle kar\u015f\u0131la\u015ft\u0131klar\u0131n\u0131 anlatt\u0131. Cumhurba\u015fkan\u0131, bu ele\u015ftirilere kulak assalard\u0131 bug\u00fcn 30 bin kilometrelik bu ba\u015far\u0131ya ula\u015f\u0131lamayaca\u011f\u0131n\u0131 ve bu gurur tablosunun ya\u015fanamayaca\u011f\u0131n\u0131 ifade etti.<\/p>\n<p>30 bin kilometre hedefini a\u015fman\u0131n verdi\u011fi mutlulukla, &#8216;Yol medeniyettir&#8217; \u015fiar\u0131yla hareket ettiklerini ve g\u00fcvenli, rahat, h\u0131zl\u0131 ula\u015f\u0131m imkanlar\u0131 sunduklar\u0131n\u0131 ifade etti. Erdo\u011fan, her t\u00fcrl\u00fc engellemeye ve olumsuzlu\u011fa ra\u011fmen \u00fclkeyi b\u00f6l\u00fcnm\u00fc\u015f yollarla donatt\u0131klar\u0131n\u0131, ge\u00e7ilemez denilen co\u011frafi engelleri a\u015farak milletin \u00f6n\u00fcn\u00fc a\u00e7t\u0131klar\u0131n\u0131 belirtti. &#8216;Rabbim \u00f6m\u00fcr verdik\u00e7e durmak yok yola devam&#8217; s\u00f6zleriyle kararl\u0131l\u0131klar\u0131n\u0131 vurgulayan Cumhurba\u015fkan\u0131, yeni yollar sayesinde vakit ve yak\u0131t israf\u0131n\u0131n \u00f6nlendi\u011fini, \u00e7evre kirlili\u011finin azald\u0131\u011f\u0131n\u0131 ve \u015fehirleraras\u0131 seyahatin bir eziyet olmaktan \u00e7\u0131k\u0131p keyifli bir deneyime d\u00f6n\u00fc\u015ft\u00fc\u011f\u00fcn\u00fc aktard\u0131.<\/p>\n<p>Otobanlar, y\u00fcksek h\u0131zl\u0131 tren hatlar\u0131, yeni havalimanlar\u0131, K\u00f6rfez Ge\u00e7i\u015fi ve 1915 \u00c7anakkale K\u00f6pr\u00fcs\u00fc gibi stratejik yat\u0131r\u0131mlarla T\u00fcrkiye&#8217;nin b\u00f6lgesindeki en avantajl\u0131 \u00fclkelerden biri konumuna y\u00fckseldi\u011fini belirten Erdo\u011fan, bu yat\u0131r\u0131mlar\u0131n en somut faydalar\u0131ndan birinin de trafik kazalar\u0131ndaki azalma oldu\u011funu kaydetti. Yol kusurlar\u0131ndan kaynaklanan kaza oran\u0131n\u0131n neredeyse s\u0131f\u0131ra indirilmesinin maddi kar\u015f\u0131l\u0131\u011f\u0131n\u0131n olmad\u0131\u011f\u0131n\u0131, insan hayat\u0131n\u0131n her \u015feyden de\u011ferli oldu\u011funu dile getirdi.<\/p>\n<p>Gelecek nesillere daha g\u00fcvenli yollar miras b\u0131rakman\u0131n sevincini ya\u015fad\u0131klar\u0131n\u0131 vurgulayan Cumhurba\u015fkan\u0131, \u00f6nlerinde daha gidilecek \u00e7ok yol ve ger\u00e7ekle\u015ftirilecek nice hayaller oldu\u011funu ifade etti. 23 y\u0131l \u00f6nce 6.101 km ile yola \u00e7\u0131kt\u0131klar\u0131nda kendilerini &#8216;hayal kurmakla&#8217; itham edenlere ra\u011fmen bug\u00fcn 30 bin kilometreyi a\u015fman\u0131n gururunu ya\u015fad\u0131klar\u0131n\u0131 s\u00f6yledi. &#8216;Bu tekerlek t\u00fcmsekte, yolda kalmayacak&#8217; diyerek kararl\u0131l\u0131\u011f\u0131n\u0131 yineleyen Erdo\u011fan, T\u00fcrkiye&#8217;yi yeni yat\u0131r\u0131mlarla b\u00fcy\u00fctmeye devam edeceklerini belirtti. Muhalefeti &#8216;i\u015f yapmaktan, millete ufuk \u00e7izmekten ve ta\u015f \u00fcst\u00fcne ta\u015f koymaktan aciz&#8217; olmakla ele\u015ftiren Erdo\u011fan, onlar\u0131n &#8216;para kuleleri ve r\u00fc\u015fvet \u00e7arklar\u0131 d\u0131\u015f\u0131nda hi\u00e7bir icraatlar\u0131 olmad\u0131\u011f\u0131n\u0131&#8217; iddia etti.<\/p>\n<p>Konu\u015fmas\u0131nda belediyelerdeki iddia edilen &#8216;deli dumrul d\u00fczeni&#8217; ve &#8216;r\u00fc\u015fvet \u00e7arklar\u0131&#8217;na da de\u011finen Erdo\u011fan, ortaya \u00e7\u0131kan &#8216;pisliklerden&#8217; sonra tehditler savuran ve mikrofon tokatlayanlar\u0131n hukukun i\u015fleyi\u015fine engel olamayaca\u011f\u0131n\u0131 belirtti. &#8216;Ba\u011f\u0131ms\u0131z ve tarafs\u0131z T\u00fcrk yarg\u0131s\u0131n\u0131n en isabetli karar\u0131 verece\u011fini&#8217; dile getiren Cumhurba\u015fkan\u0131, mahkemeler \u00fczerinde bask\u0131 kurmaya \u00e7al\u0131\u015fman\u0131n yarg\u0131 s\u00fcre\u00e7lerinden \u00e7ekinenlerin y\u00f6ntemi oldu\u011funu vurgulad\u0131. &#8216;\u00c7i\u011f s\u00fct i\u00e7mediyseniz bu kar\u0131n a\u011fr\u0131s\u0131 neden? R\u00fc\u015fvet almad\u0131ysan\u0131z bu tela\u015f hali niye?&#8217; s\u00f6zleriyle ele\u015ftirilerini s\u00fcrd\u00fcren Erdo\u011fan, kendi h\u00fck\u00fcmetinin eserleriyle konu\u015fmaya devam edece\u011fini ifade etti.<\/p>\n<p>Erdo\u011fan, \u00f6fkenin ve gerilimin diline asla teslim olmayacaklar\u0131n\u0131, hizmet ve eser siyasetini s\u00fcrd\u00fcrmeye kararl\u0131 olduklar\u0131n\u0131 belirterek s\u00f6zlerini tamamlad\u0131.<\/p>\n","protected":false},"excerpt":{"rendered":"<p>Cumhurba\u015fkan\u0131 Recep Tayyip Erdo\u011fan, Hali\u00e7 Kongre Merkezi&#8217;nde d\u00fczenlenen &#8220;Karayollar\u0131 Genel M\u00fcd\u00fcrl\u00fc\u011f\u00fc Otuz Bininci Kilometre B\u00f6l\u00fcnm\u00fc\u015f Yol Hizmete Alma T\u00f6reni&#8221;nde tarihi bir ba\u015far\u0131ya imza at\u0131ld\u0131\u011f\u0131n\u0131 duyurdu. T\u00fcrkiye&#8217;nin ula\u015f\u0131m altyap\u0131s\u0131nda d\u00f6n\u00fcm noktas\u0131 niteli\u011findeki bu t\u00f6ren, \u00fclkenin d\u00f6rt bir yan\u0131n\u0131 kapsayan devasa karayolu a\u011f\u0131n\u0131n geldi\u011fi son noktay\u0131 g\u00f6zler \u00f6n\u00fcne serdi. Erdo\u011fan, konu\u015fmas\u0131na Fatih&#8217;in emaneti \u0130stanbul&#8217;da bulunmaktan duydu\u011fu memnuniyeti [&hellip;]<\/p>\n","protected":false},"author":0,"featured_media":1196,"comment_status":"open","ping_status":"open","sticky":false,"template":"","format":"standard","meta":{"footnotes":""},"categories":[2],"tags":[],"class_list":["post-1195","post","type-post","status-publish","format-standard","has-post-thumbnail","hentry","category-ekonomi"],"_links":{"self":[{"href":"https:\/\/sunpress4.com\/index.php\/wp-json\/wp\/v2\/posts\/1195","targetHints":{"allow":["GET"]}}],"collection":[{"href":"https:\/\/sunpress4.com\/index.php\/wp-json\/wp\/v2\/posts"}],"about":[{"href":"https:\/\/sunpress4.com\/index.php\/wp-json\/wp\/v2\/types\/post"}],"replies":[{"embeddable":true,"href":"https:\/\/sunpress4.com\/index.php\/wp-json\/wp\/v2\/comments?post=1195"}],"version-history":[{"count":1,"href":"https:\/\/sunpress4.com\/index.php\/wp-json\/wp\/v2\/posts\/1195\/revisions"}],"predecessor-version":[{"id":1199,"href":"https:\/\/sunpress4.com\/index.php\/wp-json\/wp\/v2\/posts\/1195\/revisions\/1199"}],"wp:featuredmedia":[{"embeddable":true,"href":"https:\/\/sunpress4.com\/index.php\/wp-json\/wp\/v2\/media\/1196"}],"wp:attachment":[{"href":"https:\/\/sunpress4.com\/index.php\/wp-json\/wp\/v2\/media?parent=1195"}],"wp:term":[{"taxonomy":"category","embeddable":true,"href":"https:\/\/sunpress4.com\/index.php\/wp-json\/wp\/v2\/categories?post=1195"},{"taxonomy":"post_tag","embeddable":true,"href":"https:\/\/sunpress4.com\/index.php\/wp-json\/wp\/v2\/tags?post=1195"}],"curies":[{"name":"wp","href":"https:\/\/api.w.org\/{rel}","templated":true}]}}