{"id":1420,"date":"2026-02-08T00:00:50","date_gmt":"2026-02-07T21:00:50","guid":{"rendered":"https:\/\/sunpress4.com\/index.php\/2026\/02\/08\/yuksel-yildirimdan-sert-sozler-takim-doymus-samsunsporda-oynamayi-hak-etmiyorlar\/"},"modified":"2026-02-08T00:00:50","modified_gmt":"2026-02-07T21:00:50","slug":"yuksel-yildirimdan-sert-sozler-takim-doymus-samsunsporda-oynamayi-hak-etmiyorlar","status":"publish","type":"post","link":"https:\/\/sunpress4.com\/index.php\/2026\/02\/08\/yuksel-yildirimdan-sert-sozler-takim-doymus-samsunsporda-oynamayi-hak-etmiyorlar\/","title":{"rendered":"Y\u00fcksel Y\u0131ld\u0131r\u0131m&#8217;dan sert s\u00f6zler! &#8216;Tak\u0131m doymu\u015f, Samsunspor&#8217;da oynamay\u0131 hak etmiyorlar&#8217;"},"content":{"rendered":"<p>Y\u00fcksel Y\u0131ld\u0131r\u0131m, Samsun Yeni 19 May\u0131s Stad\u0131&#8217;nda oynanan Trabzonspor ma\u00e7\u0131n\u0131n ard\u0131ndan \u00f6nemli a\u00e7\u0131klamalarda bulundu. Kar\u015f\u0131la\u015fma sonras\u0131 b\u00fcy\u00fck \u00fcz\u00fcnt\u00fc duydu\u011funu ifade eden Y\u0131ld\u0131r\u0131m, &#8220;Kul\u00fcb\u00fcm ad\u0131na t\u00fcm taraftarlar\u0131m\u0131zdan \u00f6z\u00fcr diliyorum. Beklentimizin \u00e7ok alt\u0131nda kalan bu ma\u011flubiyetle camiam\u0131z\u0131 derinden \u00fczd\u00fck. Ma\u00e7 \u00f6ncesi puan veya puanlar alaca\u011f\u0131m\u0131za dair b\u00fcy\u00fck bir inanc\u0131m\u0131z vard\u0131, ancak tak\u0131m sahada galibiyeti de, puan\u0131 da hak etmeyen bir performans sergiledi. Bu durum bizi derinden etkiledi. Trabzonspor ise sahadan daha istekli ve arzulu bir oyunla ayr\u0131ld\u0131; hak ettikleri net bir galibiyet ald\u0131lar. Kendilerini tebrik ediyorum.&#8221; \u015feklinde konu\u015ftu.<\/p>\n<p>Trabzonspor y\u00f6netimiyle ma\u00e7 \u00f6ncesi yemekte bir araya geldi\u011fini belirten Y\u00fcksel Y\u0131ld\u0131r\u0131m, bordo-mavili kul\u00fcb\u00fcn ba\u015fkan\u0131 Ertu\u011frul Do\u011fan&#8217;\u0131 da bu vesileyle kutlad\u0131\u011f\u0131n\u0131 dile getirdi. Sakatl\u0131k ya\u015fayan oyuncular\u0131n varl\u0131\u011f\u0131na ra\u011fmen Samsunspor&#8217;un be\u015fincilik hedefine odakland\u0131\u011f\u0131n\u0131 vurgulayan Y\u0131ld\u0131r\u0131m, &#8220;Sezon sonuna kadar be\u015fincili\u011fi zorlayaca\u011f\u0131z, ancak bu sezon bizim i\u00e7in zorlu ge\u00e7iyor. \u00c7\u00fcnk\u00fc biz zaten hedefimizi y\u00fckseltmi\u015ftik. Art\u0131k kul\u00fcb\u00fcm\u00fczde kapsaml\u0131 bir yap\u0131lanmaya gitme zaman\u0131 geldi. Bug\u00fcn sahadaki baz\u0131 futbolcular\u0131n formunun zirvesinde olmad\u0131\u011f\u0131n\u0131, Samsunspor&#8217;da oynamay\u0131 hak etmediklerini net bir \u015fekilde g\u00f6rd\u00fcm. Bu nedenle sezon sonunda kendileriyle yollar\u0131m\u0131z\u0131 ay\u0131rma karar\u0131 alaca\u011f\u0131z. Samsun \u015fehrine verdi\u011fim s\u00f6zleri tutmak ad\u0131na ne gerekiyorsa yapmaktan \u00e7ekinmeyece\u011fim.&#8221; s\u00f6zleriyle kararl\u0131l\u0131\u011f\u0131n\u0131 ortaya koydu.<\/p>\n<p>Kul\u00fcb\u00fcn ba\u015fkan\u0131 s\u00f6zlerine \u015f\u00f6yle devam etti: &#8220;Teknik ekille de g\u00f6r\u00fc\u015fece\u011fim. Bu gidi\u015fat\u0131 d\u00fczeltmek zorunday\u0131z, ba\u015fka alternatifimiz yok. Sezon sonuna kadar kimsenin camiam\u0131z\u0131 ve fedakar Samsun taraftar\u0131n\u0131 \u00fczme l\u00fcks\u00fc olamaz. \u015eahsen \u00e7ok \u00fczg\u00fcn\u00fcm. K\u0131sa s\u00fcre i\u00e7inde alt\u0131 farkl\u0131 \u00fclkeyi ziyaret edip d\u00fcn gece d\u00f6nmeme ve hatta fiziksel rahats\u0131zl\u0131klar\u0131ma ra\u011fmen bu ma\u00e7\u0131 izlemek i\u00e7in geldim. Oyuncular\u0131n sahada bana iyi bir performans sergileyeceklerini hissettirmesi gerekiyordu ama bu olmad\u0131. E\u011fer onlar bunu hissettirmiyorsa, a\u00e7\u0131k\u00e7a s\u00f6yleyeyim, kul\u00fcp olarak baz\u0131 radikal ad\u0131mlar atmak zorunday\u0131z. \u00c7\u00fcnk\u00fc oyuncular Samsun&#8217;da doygunlu\u011fa ula\u015fm\u0131\u015f durumda. Her t\u00fcrl\u00fc \u00f6deme, primler eksiksiz yap\u0131l\u0131yor, ancak bu durum onlar\u0131n &#8216;a\u00e7&#8217; kalmas\u0131n\u0131 engelliyor. Ger\u00e7ekten \u00fcz\u00fcnt\u00fcl\u00fcy\u00fcm ve Samsunspor taraftar\u0131ndan bir kez daha \u00f6z\u00fcr dilerim. Bu yenilgiyi hak etmedik. Gelecek i\u00e7in gereken her \u015feyi yapaca\u011f\u0131m\u0131n bilinmesini isterim.&#8221;<\/p>\n<p>Yakla\u015fan UEFA Konferans Ligi son 16 play-off turunda Kuzey Makedonya temsilcisi Shkendija ile kar\u015f\u0131la\u015facaklar\u0131n\u0131 hat\u0131rlatan Y\u0131ld\u0131r\u0131m, Samsunspor&#8217;un \u00f6n\u00fcnde zorlu bir d\u00f6nem oldu\u011funu belirtti. Ara transfer d\u00f6nemindeki \u00e7al\u0131\u015fmalar\u0131na de\u011finen ba\u015fkan, &#8220;Son \u00fc\u00e7 g\u00fcnde yo\u011fun \u00e7abalar\u0131m\u0131zla Elayis Tavsan&#8217;\u0131 T\u00fcrk vatanda\u015f\u0131 yapt\u0131k. Bu s\u00fcre\u00e7teki destekleri i\u00e7in \u0130\u00e7i\u015fleri Bakan\u0131m\u0131za \u015f\u00fckranlar\u0131m\u0131 sunuyorum. Kadroda yer a\u00e7\u0131lmas\u0131na ra\u011fmen teknik direkt\u00f6r\u00fcm\u00fcz yeni bir transfer i\u00e7in \u00e7ok aceleci davranmad\u0131; ancak &#8216;\u00e7ok iyi&#8217; bir oyuncu bulunursa de\u011ferlendirebilece\u011fini ifade etti. Ne yaz\u0131k ki bu kriterlere uyan bir isim bulamad\u0131k. Zorlu bir d\u00f6neme girsek de tak\u0131ma ve hocam\u0131z\u0131n yapacaklar\u0131na g\u00fcveniyorum. Samsunspor, bundan b\u00f6yle hedefleri net olan ve sa\u011flam bir yap\u0131lanmaya sahip, \u00f6rnek bir kul\u00fcp olarak yoluna devam edecek.&#8221; \u015feklinde s\u00f6zlerini tamamlad\u0131.<\/p>\n","protected":false},"excerpt":{"rendered":"<p>Y\u00fcksel Y\u0131ld\u0131r\u0131m, Samsun Yeni 19 May\u0131s Stad\u0131&#8217;nda oynanan Trabzonspor ma\u00e7\u0131n\u0131n ard\u0131ndan \u00f6nemli a\u00e7\u0131klamalarda bulundu. Kar\u015f\u0131la\u015fma sonras\u0131 b\u00fcy\u00fck \u00fcz\u00fcnt\u00fc duydu\u011funu ifade eden Y\u0131ld\u0131r\u0131m, &#8220;Kul\u00fcb\u00fcm ad\u0131na t\u00fcm taraftarlar\u0131m\u0131zdan \u00f6z\u00fcr diliyorum. Beklentimizin \u00e7ok alt\u0131nda kalan bu ma\u011flubiyetle camiam\u0131z\u0131 derinden \u00fczd\u00fck. Ma\u00e7 \u00f6ncesi puan veya puanlar alaca\u011f\u0131m\u0131za dair b\u00fcy\u00fck bir inanc\u0131m\u0131z vard\u0131, ancak tak\u0131m sahada galibiyeti de, puan\u0131 da [&hellip;]<\/p>\n","protected":false},"author":0,"featured_media":1421,"comment_status":"open","ping_status":"open","sticky":false,"template":"","format":"standard","meta":{"footnotes":""},"categories":[32],"tags":[],"class_list":["post-1420","post","type-post","status-publish","format-standard","has-post-thumbnail","hentry","category-spor"],"_links":{"self":[{"href":"https:\/\/sunpress4.com\/index.php\/wp-json\/wp\/v2\/posts\/1420","targetHints":{"allow":["GET"]}}],"collection":[{"href":"https:\/\/sunpress4.com\/index.php\/wp-json\/wp\/v2\/posts"}],"about":[{"href":"https:\/\/sunpress4.com\/index.php\/wp-json\/wp\/v2\/types\/post"}],"replies":[{"embeddable":true,"href":"https:\/\/sunpress4.com\/index.php\/wp-json\/wp\/v2\/comments?post=1420"}],"version-history":[{"count":1,"href":"https:\/\/sunpress4.com\/index.php\/wp-json\/wp\/v2\/posts\/1420\/revisions"}],"predecessor-version":[{"id":1422,"href":"https:\/\/sunpress4.com\/index.php\/wp-json\/wp\/v2\/posts\/1420\/revisions\/1422"}],"wp:featuredmedia":[{"embeddable":true,"href":"https:\/\/sunpress4.com\/index.php\/wp-json\/wp\/v2\/media\/1421"}],"wp:attachment":[{"href":"https:\/\/sunpress4.com\/index.php\/wp-json\/wp\/v2\/media?parent=1420"}],"wp:term":[{"taxonomy":"category","embeddable":true,"href":"https:\/\/sunpress4.com\/index.php\/wp-json\/wp\/v2\/categories?post=1420"},{"taxonomy":"post_tag","embeddable":true,"href":"https:\/\/sunpress4.com\/index.php\/wp-json\/wp\/v2\/tags?post=1420"}],"curies":[{"name":"wp","href":"https:\/\/api.w.org\/{rel}","templated":true}]}}