{"id":1528,"date":"2026-02-11T12:00:40","date_gmt":"2026-02-11T09:00:40","guid":{"rendered":"https:\/\/sunpress4.com\/index.php\/2026\/02\/11\/sergio-ramostan-trabzonspor-karari-beklenmedik-gelisme\/"},"modified":"2026-02-11T12:00:41","modified_gmt":"2026-02-11T09:00:41","slug":"sergio-ramostan-trabzonspor-karari-beklenmedik-gelisme","status":"publish","type":"post","link":"https:\/\/sunpress4.com\/index.php\/2026\/02\/11\/sergio-ramostan-trabzonspor-karari-beklenmedik-gelisme\/","title":{"rendered":"Sergio Ramos&#8217;tan Trabzonspor karar\u0131! Beklenmedik geli\u015fme&#8230;"},"content":{"rendered":"<p>S\u00fcper Lig&#8217;den La Liga&#8217;ya uzanan kariyerinde b\u00fcy\u00fck bir \u00e7\u0131k\u0131\u015f yakalayan Batista Mendy&#8217;nin gelece\u011fi, \u0130spanya&#8217;dan gelen \u015fok edici bir geli\u015fmeyle belirsizli\u011fe b\u00fcr\u00fcnd\u00fc. Sezon ba\u015f\u0131nda Fatih Tekke&#8217;nin Trabzonspor&#8217;daki sistemine adaptasyon sorunu nedeniyle ayr\u0131lan ve Sevilla&#8217;da adeta yeniden do\u011fan Frans\u0131z \u00f6n liberonun bonservis opsiyonu beklenirken, transfer g\u00fcndemini sarsan bomba bir haber t\u00fcm planlar\u0131 alt\u00fcst etti.<\/p>\n<p>Sevilla&#8217;n\u0131n efsanevi kaptan\u0131 Sergio Ramos, futbol sahalar\u0131ndan sonra i\u015f d\u00fcnyas\u0131nda da ad\u0131ndan s\u00f6z ettirmeye haz\u0131rlan\u0131yor. Dev bir yat\u0131r\u0131m fonuyla i\u015f birli\u011fi yapan Ramos, kul\u00fcb\u00fcn\u00fc yakla\u015f\u0131k 400 milyon Euro kar\u015f\u0131l\u0131\u011f\u0131nda sat\u0131n almak \u00fczere prensip anla\u015fmas\u0131na vard\u0131. Bu beklenmedik kul\u00fcp devri, imzalar\u0131n at\u0131lmas\u0131 an meselesiyken, Sevilla&#8217;daki t\u00fcm transfer s\u00fcre\u00e7lerini ve operasyonlar\u0131n\u0131 ask\u0131ya ald\u0131.<\/p>\n<p>Bu kritik geli\u015fme, Trabzonspor ve Sevilla aras\u0131ndaki Batista Mendy anla\u015fmas\u0131n\u0131 da do\u011frudan etkiledi. Mendy&#8217;nin bonservisi i\u00e7in belirlenen 7 milyon Euro&#8217;luk sat\u0131n alma opsiyonu ve gelecekteki sat\u0131\u015ftan %10 pay maddesi i\u00e7eren s\u00f6zle\u015fme, \u015fu an i\u00e7in belirsiz bir bekleyi\u015fe girdi. Zira Sergio Ramos&#8217;un kul\u00fcb\u00fc devralmas\u0131n\u0131n ard\u0131ndan transfer politikas\u0131n\u0131 ve tak\u0131m yap\u0131lanmas\u0131n\u0131 k\u00f6kten de\u011fi\u015ftirebilece\u011fi g\u00fc\u00e7l\u00fc bir \u015fekilde dile getiriliyor.<\/p>\n<p>Sevilla&#8217;da mevcut sportif direkt\u00f6rl\u00fck kademesinin etkisi azal\u0131rken, Batista Mendy&#8217;nin gelece\u011fine dair son s\u00f6z\u00fc Sergio Ramos ve yeni ekibi s\u00f6yleyecek. Ramos&#8217;un liderli\u011findeki yeni y\u00f6netimin, maa\u015f b\u00fct\u00e7esini g\u00f6zden ge\u00e7irmesi, sportif planlamay\u0131 yeniden \u015fekillendirmesi ve Mendy&#8217;nin mevcut opsiyonu yerine farkl\u0131 alternatiflere y\u00f6nelmesi ya da tam tersine gen\u00e7 yetene\u011fi yeni projenin temel ta\u015flar\u0131ndan biri yapmas\u0131 gibi bir\u00e7ok senaryo masada duruyor.<\/p>\n<p>\u0130spanya futbolundaki bu tarihi devir teslim s\u00fcrecini yak\u0131ndan izleyen Trabzonspor y\u00f6netimi i\u00e7in de s\u00fcre\u00e7 b\u00fcy\u00fck \u00f6nem ta\u015f\u0131yor. Batista Mendy&#8217;nin sezon sonunda Karadeniz ekibine geri d\u00f6n\u00fcp d\u00f6nmeyece\u011fi veya Sergio Ramos&#8217;un vizyonundaki yeni Sevilla&#8217;n\u0131n bir par\u00e7as\u0131 olup olmayaca\u011f\u0131, \u00f6n\u00fcm\u00fczdeki haftalarda ya\u015fanacak geli\u015fmelere ba\u011fl\u0131 olarak netlik kazanacak. T\u00fcm g\u00f6zler, Sevilla&#8217;dan gelecek resmi a\u00e7\u0131klamalara \u00e7evrilmi\u015f durumda.<\/p>\n","protected":false},"excerpt":{"rendered":"<p>S\u00fcper Lig&#8217;den La Liga&#8217;ya uzanan kariyerinde b\u00fcy\u00fck bir \u00e7\u0131k\u0131\u015f yakalayan Batista Mendy&#8217;nin gelece\u011fi, \u0130spanya&#8217;dan gelen \u015fok edici bir geli\u015fmeyle belirsizli\u011fe b\u00fcr\u00fcnd\u00fc. Sezon ba\u015f\u0131nda Fatih Tekke&#8217;nin Trabzonspor&#8217;daki sistemine adaptasyon sorunu nedeniyle ayr\u0131lan ve Sevilla&#8217;da adeta yeniden do\u011fan Frans\u0131z \u00f6n liberonun bonservis opsiyonu beklenirken, transfer g\u00fcndemini sarsan bomba bir haber t\u00fcm planlar\u0131 alt\u00fcst etti. Sevilla&#8217;n\u0131n efsanevi kaptan\u0131 [&hellip;]<\/p>\n","protected":false},"author":0,"featured_media":1529,"comment_status":"open","ping_status":"open","sticky":false,"template":"","format":"standard","meta":{"footnotes":""},"categories":[32],"tags":[],"class_list":["post-1528","post","type-post","status-publish","format-standard","has-post-thumbnail","hentry","category-spor"],"_links":{"self":[{"href":"https:\/\/sunpress4.com\/index.php\/wp-json\/wp\/v2\/posts\/1528","targetHints":{"allow":["GET"]}}],"collection":[{"href":"https:\/\/sunpress4.com\/index.php\/wp-json\/wp\/v2\/posts"}],"about":[{"href":"https:\/\/sunpress4.com\/index.php\/wp-json\/wp\/v2\/types\/post"}],"replies":[{"embeddable":true,"href":"https:\/\/sunpress4.com\/index.php\/wp-json\/wp\/v2\/comments?post=1528"}],"version-history":[{"count":1,"href":"https:\/\/sunpress4.com\/index.php\/wp-json\/wp\/v2\/posts\/1528\/revisions"}],"predecessor-version":[{"id":1530,"href":"https:\/\/sunpress4.com\/index.php\/wp-json\/wp\/v2\/posts\/1528\/revisions\/1530"}],"wp:featuredmedia":[{"embeddable":true,"href":"https:\/\/sunpress4.com\/index.php\/wp-json\/wp\/v2\/media\/1529"}],"wp:attachment":[{"href":"https:\/\/sunpress4.com\/index.php\/wp-json\/wp\/v2\/media?parent=1528"}],"wp:term":[{"taxonomy":"category","embeddable":true,"href":"https:\/\/sunpress4.com\/index.php\/wp-json\/wp\/v2\/categories?post=1528"},{"taxonomy":"post_tag","embeddable":true,"href":"https:\/\/sunpress4.com\/index.php\/wp-json\/wp\/v2\/tags?post=1528"}],"curies":[{"name":"wp","href":"https:\/\/api.w.org\/{rel}","templated":true}]}}