{"id":1543,"date":"2026-02-12T00:00:50","date_gmt":"2026-02-11T21:00:50","guid":{"rendered":"https:\/\/sunpress4.com\/index.php\/2026\/02\/12\/galatasaray-ikinci-baskani-metin-ozturk-fenerbahce-bizi-taklit-etti\/"},"modified":"2026-02-12T00:00:50","modified_gmt":"2026-02-11T21:00:50","slug":"galatasaray-ikinci-baskani-metin-ozturk-fenerbahce-bizi-taklit-etti","status":"publish","type":"post","link":"https:\/\/sunpress4.com\/index.php\/2026\/02\/12\/galatasaray-ikinci-baskani-metin-ozturk-fenerbahce-bizi-taklit-etti\/","title":{"rendered":"Galatasaray \u0130kinci Ba\u015fkan\u0131 Metin \u00d6zt\u00fcrk: Fenerbah\u00e7e bizi taklit etti"},"content":{"rendered":"<p>Galatasaray Kul\u00fcb\u00fc&#8217;n\u00fcn \u015fubat ay\u0131 ola\u011fan divan kurulu toplant\u0131s\u0131 RAMS Park&#8217;ta yer alan \u00d6zhan Canayd\u0131n Konferans Salonu&#8217;nda ger\u00e7ekle\u015ftirildi. Toplant\u0131ya kul\u00fcp ba\u015fkan\u0131 Dursun \u00d6zbek, y\u00f6netim kurulu \u00fcyeleri, divan kurulu ba\u015fkan\u0131 Aykutalp Derkan ve \u00e7ok say\u0131da divan kurulu \u00fcyesi kat\u0131l\u0131m g\u00f6sterdi.<\/p>\n<p>Toplant\u0131da \u00f6nemli a\u00e7\u0131klamalarda bulunan Galatasaray \u0130kinci Ba\u015fkan\u0131 Metin \u00d6zt\u00fcrk, kul\u00fcbe de\u011ferli hizmetler sunmu\u015f eski y\u00f6netici Erden Timur, eski teknik direkt\u00f6r Fatih Terim ve eski futbolcu Arda Turan&#8217;a y\u00f6nelik ele\u015ftirilere sert tepki g\u00f6sterdi. \u00d6zt\u00fcrk, &#8220;Burada olmayan ve kendini savunamayacak bir profesyonele hakaret edildi\u011finde an\u0131nda m\u00fcdahale etmeliyiz. Galatasaray&#8217;a de\u011fer katan bu isimlerin hepsi bizim i\u00e7in k\u0131ymetlidir ve onlara arka \u00e7\u0131kmaktan asla \u00e7ekinmeyiz&#8221; ifadelerini kulland\u0131.<\/p>\n<p>\u00d6zellikle eski Sportif A\u015e Ba\u015fkan Vekili Erden Timur&#8217;a y\u00f6neltilen ele\u015ftirilere kar\u015f\u0131 \u00e7\u0131kan \u00d6zt\u00fcrk, Timur&#8217;un kul\u00fcbe olan katk\u0131lar\u0131n\u0131 vurgulad\u0131. &#8220;Galatasaray&#8217;a zor zamanlar\u0131nda sponsorluk yapm\u0131\u015f, ba\u015fkan vekilli\u011fi g\u00f6revini \u00fcstlenmi\u015f, kul\u00fcb\u00fcm\u00fcz i\u00e7in m\u00fccadele etmi\u015f, hatta kendi ekonomik menfaatlerini ikinci plana atm\u0131\u015f birine haks\u0131z ele\u015ftirilerde bulunmak yak\u0131\u015f\u0131ks\u0131zd\u0131r. Erden Timur, y\u00f6netim kurulumuz, \u00fcyelerimiz ve taraftarlar\u0131m\u0131z i\u00e7in her zaman b\u00fcy\u00fck bir gayret g\u00f6stermi\u015f, Galatasaray&#8217;dan asla nemalanmam\u0131\u015f, t\u00fcm eme\u011fiyle kul\u00fcb\u00fcm\u00fcze de\u011fer katm\u0131\u015ft\u0131r. Kendisine ba\u015fkan\u0131m\u0131z ve y\u00f6netim kurulumuz ad\u0131na te\u015fekk\u00fcr ediyorum&#8221; \u015feklinde konu\u015ftu.<\/p>\n<p>\u00d6zt\u00fcrk ayr\u0131ca, Galatasaray&#8217;\u0131n att\u0131\u011f\u0131 ad\u0131mlar\u0131n di\u011fer kul\u00fcplere \u00f6rnek te\u015fkil etti\u011fini de belirtti. &#8220;Fenerbah\u00e7e Kul\u00fcb\u00fc, Bankalar Birli\u011fi Anla\u015fmas\u0131&#8217;ndan \u00e7\u0131karken Galatasaray&#8217;\u0131n modelini taklit etti. Be\u015fikta\u015f da benzer bir yetki ald\u0131. Bu durum, kul\u00fcplerin sadece varl\u0131k satmak yerine, bunlar\u0131 geli\u015ftirmek ve gelece\u011fe ta\u015f\u0131mak ad\u0131na ayn\u0131 stratejileri izledi\u011fini g\u00f6steriyor. Riva projemiz de h\u0131zla ilerliyor ve k\u0131sa s\u00fcrede kul\u00fcb\u00fcm\u00fcze \u00f6nemli nakit ak\u0131\u015flar\u0131 sa\u011flayacak&#8221; diye ekledi.<\/p>\n<p>Toplant\u0131da k\u0131sa bir konu\u015fma yapan Galatasaray Kul\u00fcb\u00fc Ba\u015fkan\u0131 Dursun \u00d6zbek ise, UEFA \u015eampiyonlar Ligi son 16 play-off turu ilk ma\u00e7\u0131nda konuk edecekleri \u0130talya ekibi Juventus kar\u015f\u0131s\u0131nda galibiyete inand\u0131\u011f\u0131n\u0131 ifade etti.<\/p>\n<p>Muhasip Y\u00f6netim Kurulu \u00dcyesi ve Sportif A\u015e Ba\u015fkan Vekili \u0130brahim Hatipo\u011flu ise, 30 Kas\u0131m 2025 tarihi itibar\u0131yla ba\u011f\u0131ms\u0131z denetimden ge\u00e7mi\u015f 6 ayl\u0131k konsolide mali tablolar\u0131 detayl\u0131 bir sunumla a\u00e7\u0131klad\u0131. Hatipo\u011flu&#8217;nun a\u00e7\u0131klamalar\u0131na g\u00f6re, 1 Haziran 2025 \u2013 30 Kas\u0131m 2025 d\u00f6neminde kul\u00fcb\u00fcn has\u0131lat\u0131 11 milyar liraya ula\u015farak ge\u00e7en d\u00f6neme k\u0131yasla y\u00fczde 58&#8217;lik bir art\u0131\u015f g\u00f6sterdi. Sat\u0131\u015flar\u0131n 8,8 milyar liray\u0131 buldu\u011fu bu s\u00fcre\u00e7te, 2,188 milyar lira br\u00fct kar ve 106 milyon lira faaliyet kar\u0131 elde edildi. D\u00f6nem, 491,6 milyon lira karla ba\u015far\u0131yla tamamland\u0131.<\/p>\n<p>Hatipo\u011flu, has\u0131lat da\u011f\u0131l\u0131m\u0131n\u0131 da detayland\u0131rarak \u00f6nemli gelir kalemlerini s\u0131ralad\u0131: Sponsorluk, isim hakk\u0131 ve reklam gelirlerinden 2 milyar 156 milyon lira; yay\u0131n hakk\u0131 gelirlerinden 409 milyon lira; loca, VIP ve kombine sat\u0131\u015flar\u0131ndan 2,1 milyar lira; ma\u011faza sat\u0131\u015flar\u0131ndan 3,1 milyar lira; sporcu transferi, kira ve yeti\u015ftirme gelirlerinden 213 milyon lira ve UEFA \u015eampiyonlar Ligi ile UEFA Avrupa Ligi gelirlerinden ise 1,72 milyar lira kazan\u0131ld\u0131. Di\u011fer gelir kalemlerinden gelen 1,3 milyar lira ile toplam has\u0131lat\u0131n 11 milyar liraya ula\u015ft\u0131\u011f\u0131 vurguland\u0131.<\/p>\n","protected":false},"excerpt":{"rendered":"<p>Galatasaray Kul\u00fcb\u00fc&#8217;n\u00fcn \u015fubat ay\u0131 ola\u011fan divan kurulu toplant\u0131s\u0131 RAMS Park&#8217;ta yer alan \u00d6zhan Canayd\u0131n Konferans Salonu&#8217;nda ger\u00e7ekle\u015ftirildi. Toplant\u0131ya kul\u00fcp ba\u015fkan\u0131 Dursun \u00d6zbek, y\u00f6netim kurulu \u00fcyeleri, divan kurulu ba\u015fkan\u0131 Aykutalp Derkan ve \u00e7ok say\u0131da divan kurulu \u00fcyesi kat\u0131l\u0131m g\u00f6sterdi. Toplant\u0131da \u00f6nemli a\u00e7\u0131klamalarda bulunan Galatasaray \u0130kinci Ba\u015fkan\u0131 Metin \u00d6zt\u00fcrk, kul\u00fcbe de\u011ferli hizmetler sunmu\u015f eski y\u00f6netici Erden Timur, [&hellip;]<\/p>\n","protected":false},"author":0,"featured_media":1544,"comment_status":"open","ping_status":"open","sticky":false,"template":"","format":"standard","meta":{"footnotes":""},"categories":[32],"tags":[],"class_list":["post-1543","post","type-post","status-publish","format-standard","has-post-thumbnail","hentry","category-spor"],"_links":{"self":[{"href":"https:\/\/sunpress4.com\/index.php\/wp-json\/wp\/v2\/posts\/1543","targetHints":{"allow":["GET"]}}],"collection":[{"href":"https:\/\/sunpress4.com\/index.php\/wp-json\/wp\/v2\/posts"}],"about":[{"href":"https:\/\/sunpress4.com\/index.php\/wp-json\/wp\/v2\/types\/post"}],"replies":[{"embeddable":true,"href":"https:\/\/sunpress4.com\/index.php\/wp-json\/wp\/v2\/comments?post=1543"}],"version-history":[{"count":1,"href":"https:\/\/sunpress4.com\/index.php\/wp-json\/wp\/v2\/posts\/1543\/revisions"}],"predecessor-version":[{"id":1545,"href":"https:\/\/sunpress4.com\/index.php\/wp-json\/wp\/v2\/posts\/1543\/revisions\/1545"}],"wp:featuredmedia":[{"embeddable":true,"href":"https:\/\/sunpress4.com\/index.php\/wp-json\/wp\/v2\/media\/1544"}],"wp:attachment":[{"href":"https:\/\/sunpress4.com\/index.php\/wp-json\/wp\/v2\/media?parent=1543"}],"wp:term":[{"taxonomy":"category","embeddable":true,"href":"https:\/\/sunpress4.com\/index.php\/wp-json\/wp\/v2\/categories?post=1543"},{"taxonomy":"post_tag","embeddable":true,"href":"https:\/\/sunpress4.com\/index.php\/wp-json\/wp\/v2\/tags?post=1543"}],"curies":[{"name":"wp","href":"https:\/\/api.w.org\/{rel}","templated":true}]}}