{"id":1564,"date":"2026-02-13T00:00:36","date_gmt":"2026-02-12T21:00:36","guid":{"rendered":"https:\/\/sunpress4.com\/index.php\/2026\/02\/13\/leonardo-bonucciden-kura-yorumu-belcika-turkiye-fransa-ve-italya-en-iyi-grup-bu\/"},"modified":"2026-02-13T00:00:37","modified_gmt":"2026-02-12T21:00:37","slug":"leonardo-bonucciden-kura-yorumu-belcika-turkiye-fransa-ve-italya-en-iyi-grup-bu","status":"publish","type":"post","link":"https:\/\/sunpress4.com\/index.php\/2026\/02\/13\/leonardo-bonucciden-kura-yorumu-belcika-turkiye-fransa-ve-italya-en-iyi-grup-bu\/","title":{"rendered":"Leonardo Bonucci&#8217;den kura yorumu: Bel\u00e7ika, T\u00fcrkiye, Fransa ve \u0130talya, en iyi grup bu"},"content":{"rendered":"<h1>Leonardo Bonucci&#8217;den UEFA Uluslar Ligi Kura Yorumu: &#8216;En Heyecan Verici Grup Bu&#8217;<\/h1>\n<p>\u0130talyan futbolunun efsanevi isimlerinden Leonardo Bonucci, UEFA Uluslar A Ligi kura \u00e7ekimi sonras\u0131 yapt\u0131\u011f\u0131 a\u00e7\u0131klamalarla dikkat \u00e7ekti. \u0130talya&#8217;n\u0131n T\u00fcrkiye, Fransa ve Bel\u00e7ika ile ayn\u0131 grupta yer almas\u0131n\u0131n ard\u0131ndan Bonucci, &#8220;\u00dcst seviyede ma\u00e7lar izlemek i\u00e7in en iyi grup bu.&#8221; ifadelerini kulland\u0131. Bu e\u015fle\u015fmelerin futbolseverlere unutulmaz anlar ya\u015fataca\u011f\u0131n\u0131 vurgulad\u0131.<\/p>\n<h2>Bonucci: &#8220;D\u00f6rt G\u00fc\u00e7l\u00fc Milli Tak\u0131m Bir Arada&#8221;<\/h2>\n<p>Bel\u00e7ika&#8217;n\u0131n ba\u015fkenti Br\u00fcksel&#8217;de ger\u00e7ekle\u015fen UEFA Uluslar A Ligi kura \u00e7ekimi, futbol d\u00fcnyas\u0131nda b\u00fcy\u00fck yank\u0131 uyand\u0131rd\u0131. Deneyimli futbolcu Bonucci, \u00e7ekilen kuran\u0131n ard\u0131ndan grubun kalitesine vurgu yaparak, &#8220;Kesinlikle heyecan verici bir e\u015fle\u015fme oldu. D\u00f6rt g\u00fc\u00e7l\u00fc milli tak\u0131m, Bel\u00e7ika, T\u00fcrkiye, Fransa ve \u0130talya, bu grupta m\u00fccadele edecek. Bu, \u00fcst d\u00fczey futbol izlemek isteyenler i\u00e7in en iyi grup. Dolay\u0131s\u0131yla bu e\u015fle\u015fmelerden son derece memnunum.&#8221; \u015feklinde konu\u015ftu. Bonucci, grup ma\u00e7lar\u0131n\u0131n y\u00fcksek rekabet seviyesi sunaca\u011f\u0131n\u0131 belirtti.<\/p>\n<h3>Vincenzo Montella ile \u00c7eki\u015fmeli Kar\u015f\u0131la\u015fmalar Bekleniyor<\/h3>\n<p>T\u00fcrkiye A Milli Futbol Tak\u0131m\u0131 Teknik Direkt\u00f6r\u00fc Vincenzo Montella&#8217;n\u0131n kendi \u00fclkesi \u0130talya&#8217;ya kar\u015f\u0131 m\u00fccadele edecek olmas\u0131n\u0131n yaratt\u0131\u011f\u0131 heyecana da de\u011finen Bonucci, &#8220;Vincenzo Montella ile kuradan \u00f6nce de sohbet etme f\u0131rsat\u0131m\u0131z oldu. Onunla sahada kar\u015f\u0131la\u015fmak her zaman ayr\u0131 bir keyif. Bu ma\u00e7lar\u0131n da olduk\u00e7a \u00e7eki\u015fmeli ge\u00e7ece\u011finden eminim.&#8221; yorumunu yapt\u0131. \u0130ki \u00fclkenin futbol felsefelerinin \u00e7at\u0131\u015faca\u011f\u0131 bu m\u00fccadelelerin, turnuvaya ayr\u0131 bir renk kataca\u011f\u0131n\u0131 ifade etti.<\/p>\n<h3>T\u00fcrkiye-\u0130talya Ma\u00e7lar\u0131: Yeteneklerin Bulu\u015fmas\u0131<\/h3>\n<p>Grup i\u00e7inde \u00f6zellikle T\u00fcrkiye ile \u0130talya aras\u0131ndaki ma\u00e7lara dikkat \u00e7eken Bonucci, her iki tak\u0131m\u0131n da kadrosunda \u00f6nemli yeteneklere ve y\u0131ld\u0131zlara sahip oldu\u011funu belirtti. &#8220;T\u00fcrkiye de \u0130talya da iyi futbol sergileyen iki tak\u0131m. Bu kar\u015f\u0131la\u015fmalar\u0131n futbolseverler i\u00e7in izlenmeye de\u011fer, keyifli m\u00fccadeleler olaca\u011f\u0131na inan\u0131yorum.&#8221; diyerek, iki \u00fclkenin futbol k\u00fclt\u00fcr\u00fcn\u00fcn sahaya yans\u0131yacak kalitesine i\u015faret etti. Bonucci, bu ma\u00e7lar\u0131n grup liderli\u011fi yolunda kritik rol oynayaca\u011f\u0131n\u0131 vurgulad\u0131.<\/p>\n<p>Futbol kariyerinde Juventus ve Milan gibi dev kul\u00fcplerde uzun y\u0131llar forma giyen ve \u0130talya Milli Tak\u0131m\u0131&#8217;n\u0131n da \u00f6nemli stoperlerinden biri olan Leonardo Bonucci, son olarak 2023-24 sezonunun devre aras\u0131nda Fenerbah\u00e7e&#8217;ye transfer olmu\u015f ve sezon sonunda aktif futbol hayat\u0131na nokta koymu\u015ftu. Deneyimli ismin futbol otoritelerinin be\u011fenisini kazanan bu yorumlar\u0131, UEFA Uluslar Ligi&#8217;nin heyecan\u0131n\u0131 daha da art\u0131rd\u0131.<\/p>\n","protected":false},"excerpt":{"rendered":"<p>Leonardo Bonucci&#8217;den UEFA Uluslar Ligi Kura Yorumu: &#8216;En Heyecan Verici Grup Bu&#8217; \u0130talyan futbolunun efsanevi isimlerinden Leonardo Bonucci, UEFA Uluslar A Ligi kura \u00e7ekimi sonras\u0131 yapt\u0131\u011f\u0131 a\u00e7\u0131klamalarla dikkat \u00e7ekti. \u0130talya&#8217;n\u0131n T\u00fcrkiye, Fransa ve Bel\u00e7ika ile ayn\u0131 grupta yer almas\u0131n\u0131n ard\u0131ndan Bonucci, &#8220;\u00dcst seviyede ma\u00e7lar izlemek i\u00e7in en iyi grup bu.&#8221; ifadelerini kulland\u0131. Bu e\u015fle\u015fmelerin futbolseverlere [&hellip;]<\/p>\n","protected":false},"author":0,"featured_media":1565,"comment_status":"open","ping_status":"open","sticky":false,"template":"","format":"standard","meta":{"footnotes":""},"categories":[32],"tags":[],"class_list":["post-1564","post","type-post","status-publish","format-standard","has-post-thumbnail","hentry","category-spor"],"_links":{"self":[{"href":"https:\/\/sunpress4.com\/index.php\/wp-json\/wp\/v2\/posts\/1564","targetHints":{"allow":["GET"]}}],"collection":[{"href":"https:\/\/sunpress4.com\/index.php\/wp-json\/wp\/v2\/posts"}],"about":[{"href":"https:\/\/sunpress4.com\/index.php\/wp-json\/wp\/v2\/types\/post"}],"replies":[{"embeddable":true,"href":"https:\/\/sunpress4.com\/index.php\/wp-json\/wp\/v2\/comments?post=1564"}],"version-history":[{"count":1,"href":"https:\/\/sunpress4.com\/index.php\/wp-json\/wp\/v2\/posts\/1564\/revisions"}],"predecessor-version":[{"id":1566,"href":"https:\/\/sunpress4.com\/index.php\/wp-json\/wp\/v2\/posts\/1564\/revisions\/1566"}],"wp:featuredmedia":[{"embeddable":true,"href":"https:\/\/sunpress4.com\/index.php\/wp-json\/wp\/v2\/media\/1565"}],"wp:attachment":[{"href":"https:\/\/sunpress4.com\/index.php\/wp-json\/wp\/v2\/media?parent=1564"}],"wp:term":[{"taxonomy":"category","embeddable":true,"href":"https:\/\/sunpress4.com\/index.php\/wp-json\/wp\/v2\/categories?post=1564"},{"taxonomy":"post_tag","embeddable":true,"href":"https:\/\/sunpress4.com\/index.php\/wp-json\/wp\/v2\/tags?post=1564"}],"curies":[{"name":"wp","href":"https:\/\/api.w.org\/{rel}","templated":true}]}}