{"id":1573,"date":"2026-02-13T00:00:50","date_gmt":"2026-02-12T21:00:50","guid":{"rendered":"https:\/\/sunpress4.com\/index.php\/2026\/02\/13\/sivassporun-eski-yildizi-max-gradel-siyasete-atildi-turizm-bakan-yardimcisi-oldu\/"},"modified":"2026-02-13T00:00:50","modified_gmt":"2026-02-12T21:00:50","slug":"sivassporun-eski-yildizi-max-gradel-siyasete-atildi-turizm-bakan-yardimcisi-oldu","status":"publish","type":"post","link":"https:\/\/sunpress4.com\/index.php\/2026\/02\/13\/sivassporun-eski-yildizi-max-gradel-siyasete-atildi-turizm-bakan-yardimcisi-oldu\/","title":{"rendered":"Sivasspor&#8217;un eski y\u0131ld\u0131z\u0131 Max Gradel siyasete at\u0131ld\u0131, Turizm Bakan Yard\u0131mc\u0131s\u0131 oldu"},"content":{"rendered":"<p>T\u00fcrk futbolseverlerin yak\u0131ndan tan\u0131d\u0131\u011f\u0131, Sivasspor&#8217;un eski y\u0131ld\u0131z\u0131 Max Gradel, futbol kariyerini sonland\u0131rd\u0131ktan sonra siyasete at\u0131larak \u00fclkesi Fildi\u015fi Sahili&#8217;nde \u00f6nemli bir g\u00f6reve getirildi. Deneyimli kanat oyuncusu, art\u0131k Fildi\u015fi Sahili Turizm Bakan Yard\u0131mc\u0131s\u0131 olarak g\u00f6rev yapacak.<\/p>\n<p>Bat\u0131 Afrika \u00fclkesi Fildi\u015fi Sahili&#8217;nin kalk\u0131nmas\u0131 i\u00e7in daha \u00f6nce turizm el\u00e7isi olarak g\u00f6revlendirilen Gradel, k\u0131sa s\u00fcre i\u00e7inde bu yeni ve prestijli pozisyona y\u00fckseldi. Bu atama, spor d\u00fcnyas\u0131nda b\u00fcy\u00fck bir s\u00fcrpriz olarak kar\u015f\u0131lan\u0131rken, Gradel&#8217;in \u00fclkesindeki etkisinin ve pop\u00fclaritesinin bir g\u00f6stergesi olarak de\u011ferlendirildi.<\/p>\n<p>Fildi\u015fi Sahili Milli Tak\u0131m\u0131 formas\u0131n\u0131 tam 113 kez giyen ve 18 gol atan Max Gradel, \u00fclkesinde Didier Drogba kadar tan\u0131nan ve sevilen bir fig\u00fcr olarak biliniyor. Milli tak\u0131mdaki uzun soluklu kariyeri ve ba\u015far\u0131l\u0131 performanslar\u0131, onu Fildi\u015fi Sahili halk\u0131 nezdinde \u00f6zel bir yere ta\u015f\u0131m\u0131\u015ft\u0131.<\/p>\n<p>Premier Lig deneyiminin ard\u0131ndan 2020 yaz\u0131nda Fransa&#8217;n\u0131n Toulouse tak\u0131m\u0131ndan S\u00fcper Lig&#8217;in ba\u015far\u0131l\u0131 ekiplerinden Sivasspor&#8217;a transfer olan Gradel, T\u00fcrkiye&#8217;de de unutulmaz anlara imza att\u0131. D\u00f6nemin Sivasspor Teknik Direkt\u00f6r\u00fc R\u0131za \u00c7al\u0131mbay&#8217;\u0131n en g\u00fcvendi\u011fi isimlerden biri haline gelen Fildi\u015fili futbolcu, tak\u0131m\u0131n\u0131n S\u00fcper Lig&#8217;deki ve Avrupa kupalar\u0131ndaki ba\u015far\u0131lar\u0131nda kilit rol oynad\u0131.<\/p>\n<p>Sivasspor kariyerinde toplamda 129 ma\u00e7a \u00e7\u0131kan Max Gradel, bu kar\u015f\u0131la\u015fmalarda 22 gol atarken, 36 da asist yaparak tak\u0131m\u0131na b\u00fcy\u00fck katk\u0131 sa\u011flad\u0131. Sahadaki liderli\u011fi ve m\u00fccadeleci ruhuyla taraftarlar\u0131n sevgilisi olan Gradel, futbol sahalar\u0131ndaki ba\u015far\u0131s\u0131n\u0131 \u015fimdi de siyaset ve devlet g\u00f6revinde s\u00fcrd\u00fcrmeye haz\u0131rlan\u0131yor.<\/p>\n","protected":false},"excerpt":{"rendered":"<p>T\u00fcrk futbolseverlerin yak\u0131ndan tan\u0131d\u0131\u011f\u0131, Sivasspor&#8217;un eski y\u0131ld\u0131z\u0131 Max Gradel, futbol kariyerini sonland\u0131rd\u0131ktan sonra siyasete at\u0131larak \u00fclkesi Fildi\u015fi Sahili&#8217;nde \u00f6nemli bir g\u00f6reve getirildi. Deneyimli kanat oyuncusu, art\u0131k Fildi\u015fi Sahili Turizm Bakan Yard\u0131mc\u0131s\u0131 olarak g\u00f6rev yapacak. Bat\u0131 Afrika \u00fclkesi Fildi\u015fi Sahili&#8217;nin kalk\u0131nmas\u0131 i\u00e7in daha \u00f6nce turizm el\u00e7isi olarak g\u00f6revlendirilen Gradel, k\u0131sa s\u00fcre i\u00e7inde bu yeni ve prestijli [&hellip;]<\/p>\n","protected":false},"author":0,"featured_media":1574,"comment_status":"open","ping_status":"open","sticky":false,"template":"","format":"standard","meta":{"footnotes":""},"categories":[32],"tags":[],"class_list":["post-1573","post","type-post","status-publish","format-standard","has-post-thumbnail","hentry","category-spor"],"_links":{"self":[{"href":"https:\/\/sunpress4.com\/index.php\/wp-json\/wp\/v2\/posts\/1573","targetHints":{"allow":["GET"]}}],"collection":[{"href":"https:\/\/sunpress4.com\/index.php\/wp-json\/wp\/v2\/posts"}],"about":[{"href":"https:\/\/sunpress4.com\/index.php\/wp-json\/wp\/v2\/types\/post"}],"replies":[{"embeddable":true,"href":"https:\/\/sunpress4.com\/index.php\/wp-json\/wp\/v2\/comments?post=1573"}],"version-history":[{"count":1,"href":"https:\/\/sunpress4.com\/index.php\/wp-json\/wp\/v2\/posts\/1573\/revisions"}],"predecessor-version":[{"id":1575,"href":"https:\/\/sunpress4.com\/index.php\/wp-json\/wp\/v2\/posts\/1573\/revisions\/1575"}],"wp:featuredmedia":[{"embeddable":true,"href":"https:\/\/sunpress4.com\/index.php\/wp-json\/wp\/v2\/media\/1574"}],"wp:attachment":[{"href":"https:\/\/sunpress4.com\/index.php\/wp-json\/wp\/v2\/media?parent=1573"}],"wp:term":[{"taxonomy":"category","embeddable":true,"href":"https:\/\/sunpress4.com\/index.php\/wp-json\/wp\/v2\/categories?post=1573"},{"taxonomy":"post_tag","embeddable":true,"href":"https:\/\/sunpress4.com\/index.php\/wp-json\/wp\/v2\/tags?post=1573"}],"curies":[{"name":"wp","href":"https:\/\/api.w.org\/{rel}","templated":true}]}}