{"id":1576,"date":"2026-02-13T12:00:16","date_gmt":"2026-02-13T09:00:16","guid":{"rendered":"https:\/\/sunpress4.com\/index.php\/2026\/02\/13\/sacha-boey-ilk-kez-acikladi-o-her-zaman-benim-kardesim-galatasaraya-dondu-suskunlugunu-bozdu\/"},"modified":"2026-02-13T12:00:17","modified_gmt":"2026-02-13T09:00:17","slug":"sacha-boey-ilk-kez-acikladi-o-her-zaman-benim-kardesim-galatasaraya-dondu-suskunlugunu-bozdu","status":"publish","type":"post","link":"https:\/\/sunpress4.com\/index.php\/2026\/02\/13\/sacha-boey-ilk-kez-acikladi-o-her-zaman-benim-kardesim-galatasaraya-dondu-suskunlugunu-bozdu\/","title":{"rendered":"Sacha Boey ilk kez a\u00e7\u0131klad\u0131: &#8216;O her zaman benim karde\u015fim!&#8217; Galatasaray&#8217;a d\u00f6nd\u00fc, suskunlu\u011funu bozdu&#8230;"},"content":{"rendered":"<p>Okan Buruk y\u00f6netimindeki Galatasaray&#8217;a ara transfer d\u00f6neminde geri d\u00f6nen Frans\u0131z sa\u011f bek Sacha Boey, uzun s\u00fcren sessizli\u011fini bozarak \u00f6nemli a\u00e7\u0131klamalarda bulundu. Sar\u0131-k\u0131rm\u0131z\u0131l\u0131lar\u0131n resmi YouTube hesab\u0131na konu\u015fan Boey, camiaya ve hedeflere dair samimi ifadeler kulland\u0131.<\/p>\n<p>Tecr\u00fcbeli futbolcu, Galatasaray&#8217;daki g\u00f6zle g\u00f6r\u00fcl\u00fcr de\u011fi\u015fime dikkat \u00e7ekerek, &#8220;Kul\u00fcb\u00fcm\u00fcz \u00e7ok b\u00fcy\u00fcd\u00fc ve geli\u015fti. Bu yenilenmelerle birlikte \u00e7ok daha b\u00fcy\u00fck hedeflere ula\u015faca\u011f\u0131m\u0131za y\u00fcrekten inan\u0131yorum. Tekrar burada oldu\u011fum i\u00e7in \u00e7ok mutluyum. Galatasaray&#8217;\u0131 derinden \u00f6zledim ve camiam\u0131zla birlikte nice b\u00fcy\u00fck ba\u015far\u0131lara imza atmak istiyorum,&#8221; dedi.<\/p>\n<p>Bayern M\u00fcnih&#8217;te ge\u00e7irdi\u011fi d\u00f6nemde bile Galatasaray&#8217;\u0131 yak\u0131ndan takip etti\u011fini belirten Sacha Boey, &#8220;Galatasaray&#8217;dan uzak kald\u0131\u011f\u0131m s\u00fcre boyunca t\u00fcm ma\u00e7lar\u0131 b\u00fcy\u00fck bir ilgiyle takip ettim. \u0130n\u015fallah sezon sonunda yine \u015fampiyonluk ipini g\u00f6\u011f\u00fcsleyen taraf biz olaca\u011f\u0131z. B\u00fcy\u00fck zaferler elde etmek i\u00e7in buraday\u0131m ve bu s\u00fcre\u00e7 beni fazlas\u0131yla heyecanland\u0131r\u0131yor,&#8221; ifadelerini kulland\u0131.<\/p>\n<p>Tak\u0131mdan ayr\u0131lan Berkan Kutlu ile olan ili\u015fkisine de de\u011finen Sacha Boey, &#8220;Do\u011fru, ben geldim o gitti; ancak Berkan ile s\u00fcrekli ileti\u015fim halindeyim. O benim i\u00e7in her zaman bir karde\u015f gibi kalacak,&#8221; a\u00e7\u0131klamas\u0131nda bulunarak dostluklar\u0131n\u0131n baki oldu\u011funu vurgulad\u0131.<\/p>\n","protected":false},"excerpt":{"rendered":"<p>Okan Buruk y\u00f6netimindeki Galatasaray&#8217;a ara transfer d\u00f6neminde geri d\u00f6nen Frans\u0131z sa\u011f bek Sacha Boey, uzun s\u00fcren sessizli\u011fini bozarak \u00f6nemli a\u00e7\u0131klamalarda bulundu. Sar\u0131-k\u0131rm\u0131z\u0131l\u0131lar\u0131n resmi YouTube hesab\u0131na konu\u015fan Boey, camiaya ve hedeflere dair samimi ifadeler kulland\u0131. Tecr\u00fcbeli futbolcu, Galatasaray&#8217;daki g\u00f6zle g\u00f6r\u00fcl\u00fcr de\u011fi\u015fime dikkat \u00e7ekerek, &#8220;Kul\u00fcb\u00fcm\u00fcz \u00e7ok b\u00fcy\u00fcd\u00fc ve geli\u015fti. Bu yenilenmelerle birlikte \u00e7ok daha b\u00fcy\u00fck hedeflere ula\u015faca\u011f\u0131m\u0131za [&hellip;]<\/p>\n","protected":false},"author":0,"featured_media":1577,"comment_status":"open","ping_status":"open","sticky":false,"template":"","format":"standard","meta":{"footnotes":""},"categories":[32],"tags":[],"class_list":["post-1576","post","type-post","status-publish","format-standard","has-post-thumbnail","hentry","category-spor"],"_links":{"self":[{"href":"https:\/\/sunpress4.com\/index.php\/wp-json\/wp\/v2\/posts\/1576","targetHints":{"allow":["GET"]}}],"collection":[{"href":"https:\/\/sunpress4.com\/index.php\/wp-json\/wp\/v2\/posts"}],"about":[{"href":"https:\/\/sunpress4.com\/index.php\/wp-json\/wp\/v2\/types\/post"}],"replies":[{"embeddable":true,"href":"https:\/\/sunpress4.com\/index.php\/wp-json\/wp\/v2\/comments?post=1576"}],"version-history":[{"count":1,"href":"https:\/\/sunpress4.com\/index.php\/wp-json\/wp\/v2\/posts\/1576\/revisions"}],"predecessor-version":[{"id":1578,"href":"https:\/\/sunpress4.com\/index.php\/wp-json\/wp\/v2\/posts\/1576\/revisions\/1578"}],"wp:featuredmedia":[{"embeddable":true,"href":"https:\/\/sunpress4.com\/index.php\/wp-json\/wp\/v2\/media\/1577"}],"wp:attachment":[{"href":"https:\/\/sunpress4.com\/index.php\/wp-json\/wp\/v2\/media?parent=1576"}],"wp:term":[{"taxonomy":"category","embeddable":true,"href":"https:\/\/sunpress4.com\/index.php\/wp-json\/wp\/v2\/categories?post=1576"},{"taxonomy":"post_tag","embeddable":true,"href":"https:\/\/sunpress4.com\/index.php\/wp-json\/wp\/v2\/tags?post=1576"}],"curies":[{"name":"wp","href":"https:\/\/api.w.org\/{rel}","templated":true}]}}