{"id":1594,"date":"2026-02-14T00:00:21","date_gmt":"2026-02-13T21:00:21","guid":{"rendered":"https:\/\/sunpress4.com\/index.php\/2026\/02\/14\/samsunspor-teknik-direktoru-thomas-reis-hayal-kirikligi-yasiyorum\/"},"modified":"2026-02-14T00:00:22","modified_gmt":"2026-02-13T21:00:22","slug":"samsunspor-teknik-direktoru-thomas-reis-hayal-kirikligi-yasiyorum","status":"publish","type":"post","link":"https:\/\/sunpress4.com\/index.php\/2026\/02\/14\/samsunspor-teknik-direktoru-thomas-reis-hayal-kirikligi-yasiyorum\/","title":{"rendered":"Samsunspor Teknik Direkt\u00f6r\u00fc Thomas Reis: &#8216;Hayal k\u0131r\u0131kl\u0131\u011f\u0131 ya\u015f\u0131yorum&#8217;"},"content":{"rendered":"<p>Trendyol S\u00fcper Lig&#8217;in 22. haftas\u0131nda deplasmanda Hesap.com Antalyaspor&#8217;a 3-1 ma\u011flup olan Samsunspor&#8217;da teknik direkt\u00f6r Thomas Reis, kar\u015f\u0131la\u015fman\u0131n ard\u0131ndan ya\u015fad\u0131\u011f\u0131 hayal k\u0131r\u0131kl\u0131\u011f\u0131n\u0131 dile getirdi.<\/p>\n<p>Corendon Airlines Park Antalya Stad\u0131&#8217;nda oynanan m\u00fcsabakan\u0131n ard\u0131ndan d\u00fczenlenen bas\u0131n toplant\u0131s\u0131nda konu\u015fan Reis, Antalya&#8217;ya iyi ve cesur bir oyun sergileme amac\u0131yla geldiklerini ancak bu hedeflerine ula\u015famad\u0131klar\u0131n\u0131 ifade etti.<\/p>\n<p>&#8220;HAYAL KIRIKLI\u011eI YA\u015eIYORUM&#8221;<\/p>\n<p>Alman teknik adam, ma\u00e7 boyunca rakibe ciddi bo\u015fluklar verdiklerini ve Antalyaspor&#8217;un sahada rahat oynamas\u0131na izin verdiklerini belirtti. \u0130kinci yar\u0131da da arzu ettikleri futbolu ortaya koyamad\u0131klar\u0131n\u0131n alt\u0131n\u0131 \u00e7izen Reis, &#8220;Yedi\u011fimiz gollere bakt\u0131\u011f\u0131m\u0131zda \u00e7ok basit hatalardan kaynakland\u0131\u011f\u0131n\u0131 g\u00f6r\u00fcyoruz. A\u00e7\u0131k\u00e7as\u0131 b\u00fcy\u00fck bir hayal k\u0131r\u0131kl\u0131\u011f\u0131 ya\u015f\u0131yorum. Bug\u00fcn tak\u0131m olmaktan uzak bir performans sergiledik ve bu durumdan bir an \u00f6nce geri d\u00f6nmemiz gerekiyor&#8221; \u015feklinde konu\u015ftu.<\/p>\n<p>Reis, per\u015fembe g\u00fcn\u00fc UEFA Konferans Ligi son 16 play-off turunda oynayacaklar\u0131 Shkendija ma\u00e7\u0131 i\u00e7in de uyar\u0131larda bulunarak, &#8220;E\u011fer bu performans\u0131 sergilemeye devam edersek, per\u015fembe g\u00fcnk\u00fc \u00f6nemli kar\u015f\u0131la\u015fmadan istedi\u011fimiz sonucu almam\u0131z m\u00fcmk\u00fcn de\u011fil&#8221; dedi.<\/p>\n<p>Antalyaspor ma\u00e7\u0131ndaki topa sahip olma oran\u0131n\u0131n kendi aleyhlerine y\u00fczde 65 gibi y\u00fcksek bir seviyede ger\u00e7ekle\u015fti\u011fine dikkat \u00e7eken Reis, &#8220;Bu \u015fekilde oynayacaksak, topu rakibe b\u0131rakmak daha iyi bir se\u00e7enek olurdu&#8221; yorumunda bulundu. Antalyaspor&#8217;un sahada kazanmay\u0131 daha \u00e7ok isteyen tek tak\u0131m g\u00f6r\u00fcnt\u00fcs\u00fc verdi\u011fini vurgulayan Samsunspor teknik direkt\u00f6r\u00fc, tak\u0131m\u0131 yeniden agresif oyunlar\u0131na d\u00f6nd\u00fcrmek i\u00e7in t\u00fcm \u00e7abalar\u0131n\u0131 ortaya koyacaklar\u0131n\u0131 belirtti.<\/p>\n<p>Kaleci \u0130rfan Can E\u011fribayat&#8217;\u0131n Antalyaspor ma\u00e7\u0131nda forma giymesinin daha \u00f6nceden al\u0131nm\u0131\u015f bir karar oldu\u011funu a\u00e7\u0131klayan Reis, bu tercihin Trabzonspor ma\u011flubiyetiyle bir ilgisi olmad\u0131\u011f\u0131n\u0131 \u00f6zellikle vurgulad\u0131. &#8220;Kaleci pozisyonunu \u00f6zel bir mevki olarak g\u00f6r\u00fcyorum. \u0130rfan iyi ve tecr\u00fcbeli bir kaleci. Bu kar\u015f\u0131la\u015fmada oynamay\u0131 hak ediyordu. \u0130ki iyi kaleciye sahip oldu\u011fum i\u00e7in mutluyum&#8221; diyerek s\u00f6zlerini noktalad\u0131.<\/p>\n","protected":false},"excerpt":{"rendered":"<p>Trendyol S\u00fcper Lig&#8217;in 22. haftas\u0131nda deplasmanda Hesap.com Antalyaspor&#8217;a 3-1 ma\u011flup olan Samsunspor&#8217;da teknik direkt\u00f6r Thomas Reis, kar\u015f\u0131la\u015fman\u0131n ard\u0131ndan ya\u015fad\u0131\u011f\u0131 hayal k\u0131r\u0131kl\u0131\u011f\u0131n\u0131 dile getirdi. Corendon Airlines Park Antalya Stad\u0131&#8217;nda oynanan m\u00fcsabakan\u0131n ard\u0131ndan d\u00fczenlenen bas\u0131n toplant\u0131s\u0131nda konu\u015fan Reis, Antalya&#8217;ya iyi ve cesur bir oyun sergileme amac\u0131yla geldiklerini ancak bu hedeflerine ula\u015famad\u0131klar\u0131n\u0131 ifade etti. &#8220;HAYAL KIRIKLI\u011eI YA\u015eIYORUM&#8221; Alman [&hellip;]<\/p>\n","protected":false},"author":0,"featured_media":1595,"comment_status":"open","ping_status":"open","sticky":false,"template":"","format":"standard","meta":{"footnotes":""},"categories":[32],"tags":[],"class_list":["post-1594","post","type-post","status-publish","format-standard","has-post-thumbnail","hentry","category-spor"],"_links":{"self":[{"href":"https:\/\/sunpress4.com\/index.php\/wp-json\/wp\/v2\/posts\/1594","targetHints":{"allow":["GET"]}}],"collection":[{"href":"https:\/\/sunpress4.com\/index.php\/wp-json\/wp\/v2\/posts"}],"about":[{"href":"https:\/\/sunpress4.com\/index.php\/wp-json\/wp\/v2\/types\/post"}],"replies":[{"embeddable":true,"href":"https:\/\/sunpress4.com\/index.php\/wp-json\/wp\/v2\/comments?post=1594"}],"version-history":[{"count":1,"href":"https:\/\/sunpress4.com\/index.php\/wp-json\/wp\/v2\/posts\/1594\/revisions"}],"predecessor-version":[{"id":1596,"href":"https:\/\/sunpress4.com\/index.php\/wp-json\/wp\/v2\/posts\/1594\/revisions\/1596"}],"wp:featuredmedia":[{"embeddable":true,"href":"https:\/\/sunpress4.com\/index.php\/wp-json\/wp\/v2\/media\/1595"}],"wp:attachment":[{"href":"https:\/\/sunpress4.com\/index.php\/wp-json\/wp\/v2\/media?parent=1594"}],"wp:term":[{"taxonomy":"category","embeddable":true,"href":"https:\/\/sunpress4.com\/index.php\/wp-json\/wp\/v2\/categories?post=1594"},{"taxonomy":"post_tag","embeddable":true,"href":"https:\/\/sunpress4.com\/index.php\/wp-json\/wp\/v2\/tags?post=1594"}],"curies":[{"name":"wp","href":"https:\/\/api.w.org\/{rel}","templated":true}]}}