{"id":1606,"date":"2026-02-14T00:00:47","date_gmt":"2026-02-13T21:00:47","guid":{"rendered":"https:\/\/sunpress4.com\/index.php\/2026\/02\/14\/kayserisporda-teknik-direktor-krizi-djalovic-idmanlara-cikmiyor\/"},"modified":"2026-02-14T00:00:47","modified_gmt":"2026-02-13T21:00:47","slug":"kayserisporda-teknik-direktor-krizi-djalovic-idmanlara-cikmiyor","status":"publish","type":"post","link":"https:\/\/sunpress4.com\/index.php\/2026\/02\/14\/kayserisporda-teknik-direktor-krizi-djalovic-idmanlara-cikmiyor\/","title":{"rendered":"Kayserispor&#8217;da teknik direkt\u00f6r krizi! Djalovic idmanlara \u00e7\u0131km\u0131yor&#8230;"},"content":{"rendered":"<p>S\u00fcper Lig&#8217;in 22. haftas\u0131nda kritik bir viraja giren Kayserispor, deplasmanda G\u00f6ztepe ile kar\u015f\u0131 kar\u015f\u0131ya gelmeye haz\u0131rlan\u0131rken, tak\u0131mda teknik direkt\u00f6r krizi patlak verdi. Alman teknik adam Gisdol&#8217;un ayr\u0131l\u0131\u011f\u0131 sonras\u0131 g\u00f6reve getirilen Radomir Djalovic, G\u00f6ztepe ma\u00e7\u0131 \u00f6ncesi yap\u0131lan antrenmanlara kat\u0131lmayarak dikkatleri \u00fczerine \u00e7ekti.<\/p>\n<p><b>Djalovic \u0130dmanlara Neden \u00c7\u0131kmad\u0131? G\u00f6ztepe Ma\u00e7\u0131nda Ak\u0131beti Ne Olacak?<\/b><\/p>\n<p>Sar\u0131-k\u0131rm\u0131z\u0131l\u0131 ekibin teknik patronu Radomir Djalovic&#8217;in son iki antrenmanda tak\u0131mla birlikte sahaya \u00e7\u0131kmamas\u0131, kafalarda soru i\u015faretleri yaratt\u0131. Bu beklenmedik geli\u015fme, Djalovic&#8217;in pazar g\u00fcn\u00fc oynanacak G\u00f6ztepe kar\u015f\u0131la\u015fmas\u0131nda yedek kul\u00fcbesinde yer al\u0131p almayaca\u011f\u0131 konusunda b\u00fcy\u00fck bir belirsizlik olu\u015fturdu. Ligin kaderini etkileyecek bu \u00f6nemli m\u00fccadele \u00f6ncesi ya\u015fanan teknik direkt\u00f6r krizi, Kayserispor camias\u0131nda endi\u015feye neden oldu. Kayserispor, pazar g\u00fcn\u00fc \u0130zmir&#8217;de G\u00f6ztepe ile kozlar\u0131n\u0131 payla\u015facak.<\/p>\n<p><p><img decoding=\"async\" src=\"https:\/\/image.fanatik.com.tr\/i\/fanatik\/75\/770x0\/698f89b3b81f905918466977.jpg\" data-src=\"https:\/\/image.fanatik.com.tr\/i\/fanatik\/75\/770x0\/698f89b3b81f905918466977.jpg\" alt=\"Kayserisporda teknik direkt\u00f6r krizi Djalovic idmanlara \u00e7\u0131km\u0131yor...\" class=\"lazyload \" width=\"770\" height=\"100%\" class=\"rhd-article-news-img\" data-inline-image=\"true\"><\/p>\n<p><b>Kayserispor&#8217;a A\u011f\u0131r PFDK Cezas\u0131: 1 Milyon 180 Bin TL!<\/b><\/p>\n<p>Kayserispor&#8217;un ya\u015fad\u0131\u011f\u0131 tek sorun teknik direkt\u00f6r krizi de\u011fil. Kul\u00fcp, Profesyonel Futbol Disiplin Kurulu (PFDK) taraf\u0131ndan ciddi bir para cezas\u0131na \u00e7arpt\u0131r\u0131ld\u0131. Kocaelispor ile oynanan kar\u015f\u0131la\u015fman\u0131n ard\u0131ndan PFDK&#8217;ya sevk edilen sar\u0131-k\u0131rm\u0131z\u0131l\u0131 kul\u00fcbe, toplamda 1 milyon 180 bin TL tutar\u0131nda rekor bir ceza kesildi.<\/p>\n<p>T\u00fcrkiye Futbol Federasyonu (TFF) taraf\u0131ndan yap\u0131lan resmi a\u00e7\u0131klamaya g\u00f6re, Kayserispor-Kocaelispor S\u00fcper Lig Mehmet Ali Y\u0131lmaz Sezonu m\u00fcsabakas\u0131nda ya\u015fanan olaylar kul\u00fcbe pahal\u0131ya patlad\u0131. PFDK karar\u0131na g\u00f6re, 09.02.2026 tarihinde oynanan bu kar\u015f\u0131la\u015fmada taraftarlar\u0131n sebep oldu\u011fu saha olaylar\u0131 nedeniyle FDT\u2019nin 52\/2. ve 46\/1. maddeleri uyar\u0131nca 220.000 TL para cezas\u0131 uyguland\u0131. Ayr\u0131ca, \u00e7irkin ve k\u00f6t\u00fc tezah\u00fcratlarda bulunan Kuzey Trib\u00fcn Kuzey alt C ve D bloklardaki seyircilerin elektronik biletleri bloke edilerek, bir sonraki i\u00e7 saha ma\u00e7\u0131na giri\u015fleri yasakland\u0131. Kul\u00fcb\u00fcn en b\u00fcy\u00fck cezas\u0131 ise, stadyuma usuls\u00fcz seyirci al\u0131nmas\u0131 gerek\u00e7esiyle FDT\u2019nin 49\/1. maddesi uyar\u0131nca kesilen 960.000 TL oldu. Bu cezalarla birlikte Kayserispor, toplamda 1 milyon 180 bin TL\u2019lik bir \u00f6deme yapmak zorunda kalacak.<\/p>\n","protected":false},"excerpt":{"rendered":"<p>S\u00fcper Lig&#8217;in 22. haftas\u0131nda kritik bir viraja giren Kayserispor, deplasmanda G\u00f6ztepe ile kar\u015f\u0131 kar\u015f\u0131ya gelmeye haz\u0131rlan\u0131rken, tak\u0131mda teknik direkt\u00f6r krizi patlak verdi. Alman teknik adam Gisdol&#8217;un ayr\u0131l\u0131\u011f\u0131 sonras\u0131 g\u00f6reve getirilen Radomir Djalovic, G\u00f6ztepe ma\u00e7\u0131 \u00f6ncesi yap\u0131lan antrenmanlara kat\u0131lmayarak dikkatleri \u00fczerine \u00e7ekti. Djalovic \u0130dmanlara Neden \u00c7\u0131kmad\u0131? G\u00f6ztepe Ma\u00e7\u0131nda Ak\u0131beti Ne Olacak? Sar\u0131-k\u0131rm\u0131z\u0131l\u0131 ekibin teknik patronu Radomir [&hellip;]<\/p>\n","protected":false},"author":0,"featured_media":1607,"comment_status":"open","ping_status":"open","sticky":false,"template":"","format":"standard","meta":{"footnotes":""},"categories":[32],"tags":[],"class_list":["post-1606","post","type-post","status-publish","format-standard","has-post-thumbnail","hentry","category-spor"],"_links":{"self":[{"href":"https:\/\/sunpress4.com\/index.php\/wp-json\/wp\/v2\/posts\/1606","targetHints":{"allow":["GET"]}}],"collection":[{"href":"https:\/\/sunpress4.com\/index.php\/wp-json\/wp\/v2\/posts"}],"about":[{"href":"https:\/\/sunpress4.com\/index.php\/wp-json\/wp\/v2\/types\/post"}],"replies":[{"embeddable":true,"href":"https:\/\/sunpress4.com\/index.php\/wp-json\/wp\/v2\/comments?post=1606"}],"version-history":[{"count":1,"href":"https:\/\/sunpress4.com\/index.php\/wp-json\/wp\/v2\/posts\/1606\/revisions"}],"predecessor-version":[{"id":1608,"href":"https:\/\/sunpress4.com\/index.php\/wp-json\/wp\/v2\/posts\/1606\/revisions\/1608"}],"wp:featuredmedia":[{"embeddable":true,"href":"https:\/\/sunpress4.com\/index.php\/wp-json\/wp\/v2\/media\/1607"}],"wp:attachment":[{"href":"https:\/\/sunpress4.com\/index.php\/wp-json\/wp\/v2\/media?parent=1606"}],"wp:term":[{"taxonomy":"category","embeddable":true,"href":"https:\/\/sunpress4.com\/index.php\/wp-json\/wp\/v2\/categories?post=1606"},{"taxonomy":"post_tag","embeddable":true,"href":"https:\/\/sunpress4.com\/index.php\/wp-json\/wp\/v2\/tags?post=1606"}],"curies":[{"name":"wp","href":"https:\/\/api.w.org\/{rel}","templated":true}]}}