{"id":1621,"date":"2026-02-14T12:00:47","date_gmt":"2026-02-14T09:00:47","guid":{"rendered":"https:\/\/sunpress4.com\/index.php\/2026\/02\/14\/amed-baskani-nahit-eren-takimindan-memnun-bulunduklari-yeri-fazlasiyla-hak-ediyorlar\/"},"modified":"2026-02-14T12:00:48","modified_gmt":"2026-02-14T09:00:48","slug":"amed-baskani-nahit-eren-takimindan-memnun-bulunduklari-yeri-fazlasiyla-hak-ediyorlar","status":"publish","type":"post","link":"https:\/\/sunpress4.com\/index.php\/2026\/02\/14\/amed-baskani-nahit-eren-takimindan-memnun-bulunduklari-yeri-fazlasiyla-hak-ediyorlar\/","title":{"rendered":"Amed Ba\u015fkan\u0131 Nahit Eren, tak\u0131m\u0131ndan memnun: &#8216;Bulunduklar\u0131 yeri fazlas\u0131yla hak ediyorlar&#8217;"},"content":{"rendered":"<p>Trendyol 1. Lig&#8217;in zirvesinde yer alan Amed Sportif Faaliyetler Kul\u00fcb\u00fc, S\u00fcper Lig hedefine emin ad\u0131mlarla ilerliyor. Kul\u00fcp Ba\u015fkan\u0131 Nahit Eren, tak\u0131m\u0131n sergiledi\u011fi performans\u0131n camiada b\u00fcy\u00fck bir S\u00fcper Lig umudu yaratt\u0131\u011f\u0131n\u0131 dile getirdi.<\/p>\n<p>Ba\u015fkan Eren, Anadolu Ajans\u0131&#8217;na yapt\u0131\u011f\u0131 a\u00e7\u0131klamada, Trendyol 1. Lig&#8217;deki liderlik koltu\u011funda oturman\u0131n kendileri i\u00e7in b\u00fcy\u00fck bir gurur ve mutluluk kayna\u011f\u0131 oldu\u011funu vurgulad\u0131.<\/p>\n<p>Tak\u0131m\u0131n y\u00fckselen grafi\u011finden ve trib\u00fcnleri dolduran muazzam taraftar deste\u011finden duydu\u011fu memnuniyeti dile getiren Eren, sezon ba\u015flang\u0131c\u0131nda ya\u015fanan adaptasyon sorunlar\u0131na ra\u011fmen zamanla b\u00fcy\u00fck bir ivme kazand\u0131klar\u0131n\u0131 belirtti.<\/p>\n<p>Kul\u00fcp Ba\u015fkan\u0131, sezon ba\u015f\u0131nda yeni bir olu\u015fum olmalar\u0131ndan kaynaklanan uyum s\u00fcrecinin ya\u015fand\u0131\u011f\u0131n\u0131 ifade etti. Ancak Eren, &#8220;Kariyerli ve tecr\u00fcbeli oyunculardan kurulu kadromuzla zaman i\u00e7inde sahada kolektif futbol anlay\u0131\u015f\u0131n\u0131 eksiksiz yans\u0131tt\u0131k. Yeni teknik direkt\u00f6r\u00fcm\u00fczle yakalad\u0131\u011f\u0131m\u0131z y\u00fckseli\u015f trendi, bizi S\u00fcper Lig hedefine bir ad\u0131m daha yakla\u015ft\u0131rd\u0131. Futbolcular\u0131m\u0131zdan teknik ekibimize, t\u00fcm kul\u00fcp \u00e7al\u0131\u015fanlar\u0131m\u0131za kadar herkes bu ba\u015far\u0131da b\u00fcy\u00fck pay sahibi. Hepsine te\u015fekk\u00fcr ediyor, hak ettikleri yerde olduklar\u0131n\u0131 belirtmek isterim&#8221; \u015feklinde konu\u015ftu.<\/p>\n<p>Nahit Eren, Amedspor&#8217;un geni\u015f ve tutkulu taraftar kitlesinin S\u00fcper Lig&#8217;i fazlas\u0131yla hak etti\u011fini vurgulayarak, bu ba\u015far\u0131n\u0131n kentin ve T\u00fcrkiye futbolunun prestiji i\u00e7in ta\u015f\u0131d\u0131\u011f\u0131 \u00f6neme dikkat \u00e7ekti.<\/p>\n<p>B\u00f6lgesel tak\u0131mlar\u0131n S\u00fcper Lig&#8217;e getirece\u011fi \u00e7e\u015fitlili\u011fin ve dinamizmin \u00f6nemine de\u011finen Eren, futbol heyecan\u0131n\u0131n sadece b\u00fcy\u00fck \u015fehirlere de\u011fil, T\u00fcrkiye&#8217;nin her k\u00f6\u015fesine yay\u0131lmas\u0131 gerekti\u011fini savundu.<\/p>\n<p>Eren, Amedspor&#8217;un sadece Diyarbak\u0131r ile s\u0131n\u0131rl\u0131 kalmayan, T\u00fcrkiye&#8217;nin bat\u0131s\u0131ndan ve yurt d\u0131\u015f\u0131ndan da b\u00fcy\u00fck destek alan, geni\u015f ve co\u015fkulu bir taraftar kitlesine sahip oldu\u011funu belirtti. &#8220;En so\u011fuk havalarda bile trib\u00fcnlerimiz t\u0131kl\u0131m t\u0131kl\u0131m doluyor. Bu \u015fehir, bu tak\u0131m ve bu e\u015fsiz taraftar, S\u00fcper Lig atmosferini fazlas\u0131yla hak ediyor. T\u00fcrk futboluna farkl\u0131 bir heyecan ve renk kataca\u011f\u0131m\u0131za inan\u0131yorum&#8221; diyen Eren, Amedspor&#8217;un kentteki gen\u00e7 nesiller \u00fczerindeki etkisine de vurgu yapt\u0131: &#8220;Art\u0131k \u00e7ocuklar\u0131m\u0131z Amedspor ile b\u00fcy\u00fcyor. Eskiden \u00fc\u00e7 b\u00fcy\u00fckleri tutan \u00e7ocuklar\u0131m\u0131z, bug\u00fcn sporla tan\u0131\u015ft\u0131klar\u0131nda ilk olarak Amedspor&#8217;u benimsiyor. Bu durum bizi gururland\u0131r\u0131yor ve gelecek ad\u0131na umut veriyor.&#8221;<\/p>\n<p>Taraftar\u0131n y\u00fcz\u00fcn\u00fc g\u00fcld\u00fcrmek i\u00e7in yo\u011fun \u00e7aba sarf ettiklerini belirten Eren, Amedspor&#8217;un kent ve b\u00f6lge \u00fczerindeki sosyal etkisine dikkat \u00e7ekti. &#8220;Haftal\u0131k ma\u00e7 sonu\u00e7lar\u0131, Diyarbak\u0131r ve \u00e7evre illerdeki insanlar\u0131n genel moralini ve motivasyonunu do\u011frudan etkiliyor. Ma\u00e7 sonras\u0131nda insanlar, Amedspor&#8217;un galibiyetine g\u00f6re haftaya daha co\u015fkulu, ma\u011flubiyetine g\u00f6re ise daha buruk ba\u015flayabiliyor. Kul\u00fcb\u00fcm\u00fcz, b\u00f6lgede benzersiz bir ruh ve heyecan kayna\u011f\u0131 haline geldi. Bunun olumlu yans\u0131malar\u0131n\u0131 her alanda g\u00f6rmek m\u00fcmk\u00fcn&#8221; de\u011ferlendirmesinde bulundu.<\/p>\n<p>Deneyimli Ba\u015fkan Nahit Eren, hakem kararlar\u0131n\u0131n adilli\u011fi konusuna da de\u011finerek \u015fu \u00f6nemli de\u011ferlendirmelerde bulundu:<\/p>\n<p>&#8220;M\u00fccadele etti\u011fimiz sahada adil ve tarafs\u0131z kararlar\u0131n al\u0131nmas\u0131n\u0131 arzu ediyoruz. Futbolun do\u011fas\u0131nda insani hatalar her zaman yer alabilir; ancak g\u00fcn\u00fcm\u00fcz teknolojisi ve VAR sistemiyle bu hatalar\u0131n minimize edilmesi m\u00fcmk\u00fcn. Hi\u00e7bir akt\u00f6r\u00fcn kas\u0131tl\u0131 veya art niyetli davrand\u0131\u011f\u0131na inanmak istemiyoruz. Biz Amed Sportif Faaliyetler olarak, her kul\u00fcb\u00fcn eme\u011finin ma\u00e7 skorlar\u0131na eksiksiz bir \u015fekilde yans\u0131mas\u0131 gerekti\u011fini savunuyoruz. Bu prensibi sadece kendi tak\u0131m\u0131m\u0131z i\u00e7in de\u011fil, t\u00fcm ligdeki rakiplerimiz i\u00e7in de ge\u00e7erli g\u00f6r\u00fcyoruz. Kas\u0131tl\u0131 olmayan hatalar\u0131n olabilece\u011fini kabul etmekle birlikte, esas olan\u0131n hak edenin kazand\u0131\u011f\u0131 bir s\u00fcre\u00e7 tesis etmek oldu\u011funa inan\u0131yoruz. Bu hassas konuda yetkililerden azami dikkat ve \u015feffafl\u0131k bekliyor, her platformda bu talebimizi dile getiriyoruz.&#8221;<\/p>\n<p>Amedspor Ba\u015fkan\u0131 Nahit Eren, tak\u0131m\u0131n her m\u00fcsabakaya &#8220;3 puan&#8221; parolas\u0131yla \u00e7\u0131kt\u0131\u011f\u0131n\u0131n alt\u0131n\u0131 \u00e7izdi ve \u00f6zellikle yakla\u015fan Sakaryaspor kar\u015f\u0131la\u015fmas\u0131na dair \u00f6nemli a\u00e7\u0131klamalarda bulundu.<\/p>\n<p>Diyarbak\u0131r&#8217;da 15 \u015eubat Pazar g\u00fcn\u00fc oynanacak olan Sakaryaspor ma\u00e7\u0131na de\u011finen Eren, \u015fu detaylar\u0131 payla\u015ft\u0131:<\/p>\n<p>&#8220;Trendyol 1. Lig&#8217;de S\u00fcper Lig hedefiyle m\u00fccadele eden ve liderlik koltu\u011funda oturan bir tak\u0131m\u0131z. Her kar\u015f\u0131la\u015fmaya oldu\u011fu gibi bu ma\u00e7a da mutlak galibiyet parolas\u0131yla \u00e7\u0131kaca\u011f\u0131z. Rakibimiz Sakaryaspor, puan cetvelinde zorlu bir d\u00f6nemden ge\u00e7iyor ve d\u00fc\u015fme hatt\u0131nda bulunuyor. Bu durum, onlar\u0131n da ma\u00e7ta ekstra bir motivasyonla sahada yer almalar\u0131na neden olacakt\u0131r. Ancak biz kendi tak\u0131m\u0131m\u0131za ve 30 bine yak\u0131n taraftar\u0131m\u0131za sonuna kadar g\u00fcveniyoruz. Sakaryaspor ma\u00e7\u0131 biletlerinin k\u0131sa s\u00fcrede t\u00fckenmesi, taraftar\u0131m\u0131z\u0131n ne denli kenetlendi\u011finin g\u00f6stergesi. Buradan co\u015fkulu taraftar\u0131m\u0131za \u00f6nemli bir \u00e7a\u011fr\u0131da bulunmak isterim: Spor, her \u015feyden \u00f6nce birle\u015ftirici bir g\u00fc\u00e7t\u00fcr ve karde\u015fli\u011fi simgeler. Ma\u00e7 sonucu ne olursa olsun, sahaya kesinlikle yabanc\u0131 madde at\u0131lmas\u0131n\u0131 arzu etmiyoruz. Olas\u0131 tepkilerimizi kul\u00fcp olarak yasal ve b\u00fcrokratik yollarla ifade ederiz. Bug\u00fcne kadar trib\u00fcnlerimizde k\u00f6t\u00fc tezah\u00fcrat g\u00f6rmedik ve bundan sonra da g\u00f6rmeyece\u011fimize y\u00fcrekten inan\u0131yorum. Rakibimiz kim olursa olsun, Diyarbak\u0131r&#8217;\u0131n misafirperverli\u011fine yak\u0131\u015f\u0131r bir ev sahipli\u011fi sergileyerek tak\u0131m\u0131m\u0131z\u0131 g\u00fc\u00e7l\u00fc bir \u015fekilde desteklemeliyiz.&#8221;<\/p>\n","protected":false},"excerpt":{"rendered":"<p>Trendyol 1. Lig&#8217;in zirvesinde yer alan Amed Sportif Faaliyetler Kul\u00fcb\u00fc, S\u00fcper Lig hedefine emin ad\u0131mlarla ilerliyor. Kul\u00fcp Ba\u015fkan\u0131 Nahit Eren, tak\u0131m\u0131n sergiledi\u011fi performans\u0131n camiada b\u00fcy\u00fck bir S\u00fcper Lig umudu yaratt\u0131\u011f\u0131n\u0131 dile getirdi. Ba\u015fkan Eren, Anadolu Ajans\u0131&#8217;na yapt\u0131\u011f\u0131 a\u00e7\u0131klamada, Trendyol 1. Lig&#8217;deki liderlik koltu\u011funda oturman\u0131n kendileri i\u00e7in b\u00fcy\u00fck bir gurur ve mutluluk kayna\u011f\u0131 oldu\u011funu vurgulad\u0131. Tak\u0131m\u0131n [&hellip;]<\/p>\n","protected":false},"author":0,"featured_media":1622,"comment_status":"open","ping_status":"open","sticky":false,"template":"","format":"standard","meta":{"footnotes":""},"categories":[32],"tags":[],"class_list":["post-1621","post","type-post","status-publish","format-standard","has-post-thumbnail","hentry","category-spor"],"_links":{"self":[{"href":"https:\/\/sunpress4.com\/index.php\/wp-json\/wp\/v2\/posts\/1621","targetHints":{"allow":["GET"]}}],"collection":[{"href":"https:\/\/sunpress4.com\/index.php\/wp-json\/wp\/v2\/posts"}],"about":[{"href":"https:\/\/sunpress4.com\/index.php\/wp-json\/wp\/v2\/types\/post"}],"replies":[{"embeddable":true,"href":"https:\/\/sunpress4.com\/index.php\/wp-json\/wp\/v2\/comments?post=1621"}],"version-history":[{"count":1,"href":"https:\/\/sunpress4.com\/index.php\/wp-json\/wp\/v2\/posts\/1621\/revisions"}],"predecessor-version":[{"id":1623,"href":"https:\/\/sunpress4.com\/index.php\/wp-json\/wp\/v2\/posts\/1621\/revisions\/1623"}],"wp:featuredmedia":[{"embeddable":true,"href":"https:\/\/sunpress4.com\/index.php\/wp-json\/wp\/v2\/media\/1622"}],"wp:attachment":[{"href":"https:\/\/sunpress4.com\/index.php\/wp-json\/wp\/v2\/media?parent=1621"}],"wp:term":[{"taxonomy":"category","embeddable":true,"href":"https:\/\/sunpress4.com\/index.php\/wp-json\/wp\/v2\/categories?post=1621"},{"taxonomy":"post_tag","embeddable":true,"href":"https:\/\/sunpress4.com\/index.php\/wp-json\/wp\/v2\/tags?post=1621"}],"curies":[{"name":"wp","href":"https:\/\/api.w.org\/{rel}","templated":true}]}}