{"id":1624,"date":"2026-02-14T12:01:13","date_gmt":"2026-02-14T09:01:13","guid":{"rendered":"https:\/\/sunpress4.com\/index.php\/2026\/02\/14\/adana-demirspor-baskani-ertan-zeybek-guncel-borcu-acikladi-25-milyon-euro\/"},"modified":"2026-02-14T12:01:14","modified_gmt":"2026-02-14T09:01:14","slug":"adana-demirspor-baskani-ertan-zeybek-guncel-borcu-acikladi-25-milyon-euro","status":"publish","type":"post","link":"https:\/\/sunpress4.com\/index.php\/2026\/02\/14\/adana-demirspor-baskani-ertan-zeybek-guncel-borcu-acikladi-25-milyon-euro\/","title":{"rendered":"Adana Demirspor Ba\u015fkan\u0131 Ertan Zeybek, g\u00fcncel borcu a\u00e7\u0131klad\u0131: 25 milyon euro"},"content":{"rendered":"<p>Trendyol 1. Lig&#8217;den d\u00fc\u015fmesi kesinle\u015fen Adana Demirspor&#8217;da, yeni kul\u00fcp ba\u015fkan\u0131 Ertan Zeybek, kul\u00fcb\u00fcn a\u011f\u0131r mali y\u00fck\u00fcn\u00fc ve gelece\u011fe y\u00f6nelik stratejilerini kamuoyuyla payla\u015ft\u0131. Zeybek, kul\u00fcb\u00fcn mevcut borcunun 25 milyon avro civar\u0131nda oldu\u011funu ve bu rakama g\u00fcnl\u00fck olarak faizlerin de i\u015fledi\u011fini vurgulad\u0131.<\/p>\n<p>Ayn\u0131 zamanda \u015eim\u015fekler Grubu Taraftar Derne\u011fi Ba\u015fkanl\u0131\u011f\u0131n\u0131 y\u00fcr\u00fcten Zeybek, Anadolu Ajans\u0131 muhabirine verdi\u011fi r\u00f6portajda, Adana Demirspor&#8217;un finansal durumunu ve hedeflerini detayl\u0131 bir \u015fekilde de\u011ferlendirdi.<\/p>\n<p>Kul\u00fcb\u00fcn devir s\u00fcrecine ili\u015fkin \u00f6nemli bilgiler aktaran Zeybek, &#8220;Daha \u00f6nce Adana Demirspor Sportif Yat\u0131r\u0131m A\u015e ve Adana Demirspor Futbol A\u015e&#8217;nin hisseleri Ali Sancak&#8217;\u0131n m\u00fclkiyetindeydi. Yakla\u015f\u0131k 3-4 ayl\u0131k yo\u011fun bir s\u00fcrecin ard\u0131ndan pay devirlerini tamamlayarak tescilini ger\u00e7ekle\u015ftirdik. Bu sayede Adana Demirspor Sportif Yat\u0131r\u0131m A\u015e, Adana Demirspor Futbol A\u015e ve Adana Demirspor Futbol Kul\u00fcb\u00fc Derne\u011fi&#8217;nin t\u00fcm y\u00f6netimi ve hisseleri taraftar\u0131n kontrol\u00fcne ge\u00e7mi\u015f oldu. \u015eahs\u0131m ve Kuzey Kale Arkas\u0131 \u015eim\u015fekler Grubu Taraftarlar Derne\u011fi Ba\u015fkan\u0131 Mustafa Kemal \u00dcst\u00fcner olarak, \u015firketlerin b\u00fct\u00fcn paylar\u0131n\u0131 devrald\u0131k,&#8221; a\u00e7\u0131klamas\u0131n\u0131 yapt\u0131.<\/p>\n<p>Maddi anlamda b\u00fcy\u00fck bir sorumluluk \u00fcstlendiklerinin alt\u0131n\u0131 \u00e7izen Zeybek, &#8220;Tek amac\u0131m\u0131z Adana Demirspor&#8217;un varl\u0131\u011f\u0131n\u0131 s\u00fcrd\u00fcrmesidir. Kul\u00fcb\u00fcn kapanmas\u0131 hi\u00e7birimizi mutlu etmezdi. Bu nedenle elimizi, hatta g\u00f6vdemizi ta\u015f\u0131n alt\u0131na koyduk. Bu durumu t\u00fcm \u015fehre anlatarak, halk\u0131m\u0131z ve camiam\u0131zla el birli\u011fi i\u00e7inde tak\u0131m\u0131m\u0131z\u0131 yeniden aya\u011fa kald\u0131raca\u011f\u0131z. Ligin sona ermesinin ard\u0131ndan May\u0131s ay\u0131nda genel kurul d\u00fczenleyerek yeni y\u00f6netimin olu\u015fumuna zemin haz\u0131rlayaca\u011f\u0131z,&#8221; ifadelerini kulland\u0131.<\/p>\n<p><strong>&#8220;Ya\u015fas\u0131n Demirspor&#8221; Kampanyas\u0131 Bir Y\u0131l Daha S\u00fcrecek<\/strong><\/p>\n<p>Kul\u00fcb\u00fcn bor\u00e7lar\u0131n\u0131n \u00f6denmesi amac\u0131yla taraftar grubu \u015eim\u015fekler&#8217;in 8 Temmuz 2025&#8217;te ba\u015flatt\u0131\u011f\u0131 &#8220;Ya\u015fas\u0131n Demirspor&#8221; kampanyas\u0131n\u0131n bir y\u0131l daha uzat\u0131ld\u0131\u011f\u0131n\u0131 belirten Ertan Zeybek, bu \u00e7al\u0131\u015fmaya tam destek vereceklerini ifade etti.<\/p>\n<p>Zeybek, kampanya kapsam\u0131nda toplanan paran\u0131n \u015feffaf bir \u015fekilde, valilik g\u00f6zetiminde yaln\u0131zca kul\u00fcb\u00fcn bor\u00e7lar\u0131 i\u00e7in kullan\u0131labildi\u011fini vurgulayarak, &#8220;Bor\u00e7 d\u0131\u015f\u0131nda kullan\u0131lmas\u0131 zaten m\u00fcmk\u00fcn de\u011fil. Bu y\u00f6n\u00fcyle son derece \u015feffaf, net ve herkesin g\u00f6n\u00fcl rahatl\u0131\u011f\u0131yla destek olabilece\u011fi bir kampanya y\u00fcr\u00fct\u00fcyoruz,&#8221; diye konu\u015ftu.<\/p>\n<p>Kul\u00fcb\u00fcn net borcunun tespiti i\u00e7in \u00e7al\u0131\u015fmalar\u0131n\u0131 s\u00fcrd\u00fcrd\u00fcklerini dile getiren Ba\u015fkan Zeybek, &#8220;Bor\u00e7 \u015fu an 25 milyon avro civar\u0131nda ve faizler g\u00fcnl\u00fck olarak i\u015flemeye devam ediyor. Ancak, Adana Demirspor&#8217;un kasas\u0131nda 10 milyon avro gibi bir nakit oldu\u011funu varsayarsak, borcun y\u00fczde 90&#8217;l\u0131k k\u0131sm\u0131n\u0131n \u00e7\u00f6z\u00fclebilece\u011fine inan\u0131yorum. \u00c7\u00fcnk\u00fc bu bor\u00e7lar, alacakl\u0131larla yap\u0131lacak pazarl\u0131klar ve ikili diyaloglar yoluyla kapat\u0131labilecek nitelikte. &#8216;Taraftar\u0131n g\u00fcc\u00fc bu kadar, toplad\u0131\u011f\u0131m\u0131z para bu kadar&#8217; diyerek masaya oturdu\u011fumuzda, bu bor\u00e7lar minimum seviyeye indirilebilir,&#8221; \u015feklinde de\u011ferlendirmede bulundu.<\/p>\n<p>Ama\u00e7lar\u0131n\u0131n kul\u00fcb\u00fcn y\u00f6netiminin \u00f6n\u00fcn\u00fc a\u00e7mak oldu\u011funu kaydeden Zeybek, s\u00f6zlerini \u015f\u00f6yle s\u00fcrd\u00fcrd\u00fc:<\/p>\n<p>&#8220;Daha \u00f6nceki d\u00f6nemlerde kul\u00fcb\u00fc devralmak isteyenlerde bir ciddiyetsizlik g\u00f6zlemliyorduk. Art\u0131k b\u00f6yle bir durum s\u00f6z konusu de\u011fil. Kul\u00fcb\u00fcn tek muhatab\u0131, b\u00fcy\u00fck Adana Demirspor taraftar\u0131d\u0131r. Potansiyel yat\u0131r\u0131mc\u0131lar\u0131n ve y\u00f6netime talip olanlar\u0131n \u00f6n\u00fcn\u00fc a\u00e7mak ad\u0131na att\u0131\u011f\u0131m\u0131z bu ad\u0131m hayati \u00f6neme sahipti ve bunu ba\u015far\u0131yla ger\u00e7ekle\u015ftirdik. Umuyoruz ki Adana Demirspor, hak etti\u011fi y\u00fcksek seviyelere hep birlikte ula\u015facakt\u0131r. Adana i\u00e7in paha bi\u00e7ilmez bir de\u011fer ve bir markad\u0131r kul\u00fcb\u00fcm\u00fcz. 1940&#8217;tan bu yana nas\u0131l varl\u0131\u011f\u0131n\u0131 s\u00fcrd\u00fcrd\u00fcyse, bundan sonra da \u015fehrin t\u00fcm dinamikleri, camias\u0131 ve taraftar\u0131yla ya\u015famaya devam edecektir. Bu s\u00fcre\u00e7te herkesin elinden gelen deste\u011fi vermesi gerekmektedir.&#8221;<\/p>\n<p>Trendyol 1. Lig&#8217;de -40 puanla son s\u0131rada yer alan Adana Demirspor&#8217;un matematiksel olarak k\u00fcme d\u00fc\u015fmesi daha \u00f6nce kesinle\u015fmi\u015fti.<\/p>\n","protected":false},"excerpt":{"rendered":"<p>Trendyol 1. Lig&#8217;den d\u00fc\u015fmesi kesinle\u015fen Adana Demirspor&#8217;da, yeni kul\u00fcp ba\u015fkan\u0131 Ertan Zeybek, kul\u00fcb\u00fcn a\u011f\u0131r mali y\u00fck\u00fcn\u00fc ve gelece\u011fe y\u00f6nelik stratejilerini kamuoyuyla payla\u015ft\u0131. Zeybek, kul\u00fcb\u00fcn mevcut borcunun 25 milyon avro civar\u0131nda oldu\u011funu ve bu rakama g\u00fcnl\u00fck olarak faizlerin de i\u015fledi\u011fini vurgulad\u0131. Ayn\u0131 zamanda \u015eim\u015fekler Grubu Taraftar Derne\u011fi Ba\u015fkanl\u0131\u011f\u0131n\u0131 y\u00fcr\u00fcten Zeybek, Anadolu Ajans\u0131 muhabirine verdi\u011fi r\u00f6portajda, Adana [&hellip;]<\/p>\n","protected":false},"author":0,"featured_media":1625,"comment_status":"open","ping_status":"open","sticky":false,"template":"","format":"standard","meta":{"footnotes":""},"categories":[32],"tags":[],"class_list":["post-1624","post","type-post","status-publish","format-standard","has-post-thumbnail","hentry","category-spor"],"_links":{"self":[{"href":"https:\/\/sunpress4.com\/index.php\/wp-json\/wp\/v2\/posts\/1624","targetHints":{"allow":["GET"]}}],"collection":[{"href":"https:\/\/sunpress4.com\/index.php\/wp-json\/wp\/v2\/posts"}],"about":[{"href":"https:\/\/sunpress4.com\/index.php\/wp-json\/wp\/v2\/types\/post"}],"replies":[{"embeddable":true,"href":"https:\/\/sunpress4.com\/index.php\/wp-json\/wp\/v2\/comments?post=1624"}],"version-history":[{"count":1,"href":"https:\/\/sunpress4.com\/index.php\/wp-json\/wp\/v2\/posts\/1624\/revisions"}],"predecessor-version":[{"id":1626,"href":"https:\/\/sunpress4.com\/index.php\/wp-json\/wp\/v2\/posts\/1624\/revisions\/1626"}],"wp:featuredmedia":[{"embeddable":true,"href":"https:\/\/sunpress4.com\/index.php\/wp-json\/wp\/v2\/media\/1625"}],"wp:attachment":[{"href":"https:\/\/sunpress4.com\/index.php\/wp-json\/wp\/v2\/media?parent=1624"}],"wp:term":[{"taxonomy":"category","embeddable":true,"href":"https:\/\/sunpress4.com\/index.php\/wp-json\/wp\/v2\/categories?post=1624"},{"taxonomy":"post_tag","embeddable":true,"href":"https:\/\/sunpress4.com\/index.php\/wp-json\/wp\/v2\/tags?post=1624"}],"curies":[{"name":"wp","href":"https:\/\/api.w.org\/{rel}","templated":true}]}}