{"id":1829,"date":"2026-02-21T00:00:33","date_gmt":"2026-02-20T21:00:33","guid":{"rendered":"https:\/\/sunpress4.com\/index.php\/2026\/02\/21\/rizespor-teknik-direktoru-recep-ucar-iyi-bitirdigimiz-bir-mac-oldu\/"},"modified":"2026-02-21T00:00:34","modified_gmt":"2026-02-20T21:00:34","slug":"rizespor-teknik-direktoru-recep-ucar-iyi-bitirdigimiz-bir-mac-oldu","status":"publish","type":"post","link":"https:\/\/sunpress4.com\/index.php\/2026\/02\/21\/rizespor-teknik-direktoru-recep-ucar-iyi-bitirdigimiz-bir-mac-oldu\/","title":{"rendered":"Rizespor teknik direkt\u00f6r\u00fc Recep U\u00e7ar: &#8216;\u0130yi bitirdi\u011fimiz bir ma\u00e7 oldu&#8217;"},"content":{"rendered":"<p>Trendyol S\u00fcper Lig\u2019in 23. haftas\u0131nda \u00c7aykur Rizespor, kendi sahas\u0131nda a\u011f\u0131rlad\u0131\u011f\u0131 Kocaelispor\u2019u 2-1 ma\u011flup ederek \u00f6nemli bir galibiyete imza att\u0131. Ma\u00e7\u0131n ard\u0131ndan de\u011ferlendirmelerde bulunan \u00c7aykur Rizespor Teknik Direkt\u00f6r\u00fc Recep U\u00e7ar, elde edilen \u00fc\u00e7 puan\u0131n ve tak\u0131m\u0131n sergiledi\u011fi m\u00fccadelenin kendileri i\u00e7in ne denli k\u0131ymetli oldu\u011funu vurgulad\u0131.<\/p>\n<p>Recep U\u00e7ar, \u00f6nceki kar\u015f\u0131la\u015fmalarda sergilenen iyi oyunlara ra\u011fmen sonu\u00e7 almakta zorland\u0131klar\u0131n\u0131 belirterek, bu galibiyetin bir d\u00f6n\u00fcm noktas\u0131 niteli\u011finde oldu\u011funu ifade etti. U\u00e7ar, &#8220;Uzun zamand\u0131r kazanam\u0131yorduk ve bunun bilinciyle haz\u0131rland\u0131\u011f\u0131m\u0131z bir ma\u00e7t\u0131. Ge\u00e7ti\u011fimiz haftaki Gen\u00e7lerbirli\u011fi ma\u00e7\u0131nda iki s\u0131f\u0131rdan gelerek berabere kalmam\u0131z, bizim ad\u0131m\u0131za bir sinyal, bir ba\u015flang\u0131\u00e7 k\u0131v\u0131lc\u0131m\u0131 olmu\u015ftu. Bug\u00fcn evimizde mutlak kazanmak parolas\u0131yla \u00e7\u0131kt\u0131k. \u0130yi ba\u015flad\u0131\u011f\u0131m\u0131z, iyi g\u00f6t\u00fcrd\u00fc\u011f\u00fcm\u00fcz ve en \u00f6nemlisi iyi bitirdi\u011fimiz bir kar\u015f\u0131la\u015fma oldu. Bu nedenle t\u00fcm oyuncular\u0131m\u0131 can\u0131 g\u00f6n\u00fclden kutluyorum,&#8221; s\u00f6zleriyle tak\u0131m\u0131na duydu\u011fu g\u00fcveni ve memnuniyeti dile getirdi.<\/p>\n<p>Taraftarlar\u0131n\u0131 uzun zamand\u0131r mutlu edememekten duydu\u011fu \u00fcz\u00fcnt\u00fcy\u00fc dile getiren U\u00e7ar, bu galibiyetle camian\u0131n y\u00fcz\u00fcn\u00fc g\u00fcld\u00fcrmeyi ba\u015fard\u0131klar\u0131n\u0131 s\u00f6yledi. Rakibin topa daha fazla sahip olmas\u0131na kar\u015f\u0131n, tak\u0131m\u0131n\u0131n yaslanmadan, iyi m\u00fccadele ederek ve iyi ge\u00e7i\u015fler bularak skoru korudu\u011funu belirtti. &#8220;\u0130ki s\u0131f\u0131rl\u0131k avantaj\u0131m\u0131z\u0131 korumas\u0131n\u0131 bildik. Bu, bence hak edilmi\u015f bir \u00fc\u00e7 puan. Her y\u00f6n\u00fcyle daha iyi m\u00fccadele eden, daha iyi oynayan ve daha iyi savunma yapan tak\u0131m\u0131n kazand\u0131\u011f\u0131n\u0131 d\u00fc\u015f\u00fcn\u00fcyorum. Uzun bir aradan sonra gol yemeden ma\u00e7\u0131 tamamlamak da ayr\u0131ca g\u00fczeldi. Camiam\u0131za hay\u0131rl\u0131 u\u011furlu olsun,&#8221; ifadelerini kulland\u0131.<\/p>\n<p>Gelecek hafta deplasmanda kar\u015f\u0131la\u015facaklar\u0131 Kas\u0131mpa\u015fa ma\u00e7\u0131 hakk\u0131nda da konu\u015fan Recep U\u00e7ar, uyar\u0131lar\u0131n\u0131 s\u0131ralad\u0131: &#8220;Bug\u00fcn kazand\u0131k ama \u00e7ok fazla da bir \u015fey kazand\u0131k diyemeyiz. \u00d6n\u00fcm\u00fczde haftaya cumartesi g\u00fcn\u00fc, ge\u00e7en hafta galibiyet alan, iyi oyunculara sahip ve iyi transferler yapm\u0131\u015f bir Kas\u0131mpa\u015fa deplasman\u0131 var. Umar\u0131m Gen\u00e7lerbirli\u011fi ve bu ma\u00e7\u0131 bir milat kabul edip, geri kalan b\u00f6l\u00fcmde hem iyi oyunlar hem de iyi sonu\u00e7lar alarak camiam\u0131z\u0131n y\u00fcz\u00fcn\u00fc g\u00fcld\u00fcrmeye devam ederiz.&#8221;<\/p>\n","protected":false},"excerpt":{"rendered":"<p>Trendyol S\u00fcper Lig\u2019in 23. haftas\u0131nda \u00c7aykur Rizespor, kendi sahas\u0131nda a\u011f\u0131rlad\u0131\u011f\u0131 Kocaelispor\u2019u 2-1 ma\u011flup ederek \u00f6nemli bir galibiyete imza att\u0131. Ma\u00e7\u0131n ard\u0131ndan de\u011ferlendirmelerde bulunan \u00c7aykur Rizespor Teknik Direkt\u00f6r\u00fc Recep U\u00e7ar, elde edilen \u00fc\u00e7 puan\u0131n ve tak\u0131m\u0131n sergiledi\u011fi m\u00fccadelenin kendileri i\u00e7in ne denli k\u0131ymetli oldu\u011funu vurgulad\u0131. Recep U\u00e7ar, \u00f6nceki kar\u015f\u0131la\u015fmalarda sergilenen iyi oyunlara ra\u011fmen sonu\u00e7 almakta zorland\u0131klar\u0131n\u0131 [&hellip;]<\/p>\n","protected":false},"author":0,"featured_media":1830,"comment_status":"open","ping_status":"open","sticky":false,"template":"","format":"standard","meta":{"footnotes":""},"categories":[32],"tags":[],"class_list":["post-1829","post","type-post","status-publish","format-standard","has-post-thumbnail","hentry","category-spor"],"_links":{"self":[{"href":"https:\/\/sunpress4.com\/index.php\/wp-json\/wp\/v2\/posts\/1829","targetHints":{"allow":["GET"]}}],"collection":[{"href":"https:\/\/sunpress4.com\/index.php\/wp-json\/wp\/v2\/posts"}],"about":[{"href":"https:\/\/sunpress4.com\/index.php\/wp-json\/wp\/v2\/types\/post"}],"replies":[{"embeddable":true,"href":"https:\/\/sunpress4.com\/index.php\/wp-json\/wp\/v2\/comments?post=1829"}],"version-history":[{"count":1,"href":"https:\/\/sunpress4.com\/index.php\/wp-json\/wp\/v2\/posts\/1829\/revisions"}],"predecessor-version":[{"id":1831,"href":"https:\/\/sunpress4.com\/index.php\/wp-json\/wp\/v2\/posts\/1829\/revisions\/1831"}],"wp:featuredmedia":[{"embeddable":true,"href":"https:\/\/sunpress4.com\/index.php\/wp-json\/wp\/v2\/media\/1830"}],"wp:attachment":[{"href":"https:\/\/sunpress4.com\/index.php\/wp-json\/wp\/v2\/media?parent=1829"}],"wp:term":[{"taxonomy":"category","embeddable":true,"href":"https:\/\/sunpress4.com\/index.php\/wp-json\/wp\/v2\/categories?post=1829"},{"taxonomy":"post_tag","embeddable":true,"href":"https:\/\/sunpress4.com\/index.php\/wp-json\/wp\/v2\/tags?post=1829"}],"curies":[{"name":"wp","href":"https:\/\/api.w.org\/{rel}","templated":true}]}}