{"id":1937,"date":"2026-02-25T12:00:42","date_gmt":"2026-02-25T09:00:42","guid":{"rendered":"https:\/\/sunpress4.com\/index.php\/2026\/02\/25\/galatasaraydan-fenerbahceye-transfer-ilk-antrenmanina-cikti\/"},"modified":"2026-02-25T12:00:43","modified_gmt":"2026-02-25T09:00:43","slug":"galatasaraydan-fenerbahceye-transfer-ilk-antrenmanina-cikti","status":"publish","type":"post","link":"https:\/\/sunpress4.com\/index.php\/2026\/02\/25\/galatasaraydan-fenerbahceye-transfer-ilk-antrenmanina-cikti\/","title":{"rendered":"Galatasaray\u2019dan Fenerbah\u00e7e\u2019ye transfer! \u0130lk antrenman\u0131na \u00e7\u0131kt\u0131"},"content":{"rendered":"<p>Galatasaray&#8217;\u0131n efsanevi isimlerinden Hakan Balta&#8217;n\u0131n 17 ya\u015f\u0131ndaki yetenekli o\u011flu \u00c7a\u011fr\u0131 Balta&#8217;n\u0131n kariyerinde kritik bir d\u00f6n\u00fcm noktas\u0131 ya\u015fand\u0131.<\/p>\n<p>Gen\u00e7 futbolcu, Galatasaray&#8217;\u0131n sundu\u011fu 2.5 y\u0131ll\u0131k s\u00f6zle\u015fme teklifini geri \u00e7evirerek camiada b\u00fcy\u00fck yank\u0131 uyand\u0131rd\u0131. Bu geli\u015fmenin ard\u0131ndan, ezeli rakip Fenerbah\u00e7e ile anla\u015ft\u0131\u011f\u0131 y\u00f6n\u00fcndeki s\u00f6ylentiler k\u0131sa s\u00fcrede ger\u00e7e\u011fe d\u00f6n\u00fc\u015ft\u00fc ve \u00c7a\u011fr\u0131 Balta, resmen sar\u0131-k\u0131rm\u0131z\u0131l\u0131 kul\u00fcpten ayr\u0131ld\u0131.<\/p>\n<p><img decoding=\"async\" src=\"https:\/\/image.fanatik.com.tr\/i\/fanatik\/75\/770x0\/699eb3b8aa577100b14c1883.jpg\" data-src=\"https:\/\/image.fanatik.com.tr\/i\/fanatik\/75\/770x0\/699eb3b8aa577100b14c1883.jpg\" alt=\"Galatasaray\u2019dan Fenerbah\u00e7e\u2019ye transfer \u0130lk antrenman\u0131na \u00e7\u0131kt\u0131\" class=\"lazyload \" width=\"770\" height=\"100%\" class=\"rhd-article-news-img\" data-inline-image=\"true\"><\/p>\n<p><strong>Fenerbah\u00e7e Formas\u0131yla \u0130lk Antrenman\u0131na \u00c7\u0131kt\u0131<\/strong><\/p>\n<p>Resmiyet kazanan bu transferle \u00c7a\u011fr\u0131 Hakan Balta, sar\u0131-lacivertli ekibin bir par\u00e7as\u0131 oldu. Gen\u00e7 yetenek, UEFA Avrupa Ligi son 16 play-off turu r\u00f6van\u015f\u0131nda Nottingham Forest ile oynanacak kritik ma\u00e7 \u00f6ncesi Fenerbah\u00e7e&#8217;nin son antrenman\u0131na kat\u0131larak yeni tak\u0131m arkada\u015flar\u0131yla ilk idman\u0131na \u00e7\u0131kt\u0131.<\/p>\n<p><img decoding=\"async\" src=\"https:\/\/image.fanatik.com.tr\/i\/fanatik\/75\/770x0\/699eb569aa577100b14c189c.jpg\" data-src=\"https:\/\/image.fanatik.com.tr\/i\/fanatik\/75\/770x0\/699eb569aa577100b14c189c.jpg\" alt=\"Galatasaray\u2019dan Fenerbah\u00e7e\u2019ye transfer \u0130lk antrenman\u0131na \u00e7\u0131kt\u0131\" class=\"lazyload \" width=\"770\" height=\"100%\" class=\"rhd-article-news-img\" data-inline-image=\"true\"><\/p>\n<p><strong>Transfer S\u00fcrecinde Neler Ya\u015fand\u0131?<\/strong><\/p>\n<p>\u00c7a\u011fr\u0131 Balta&#8217;n\u0131n Galatasaray y\u00f6netiminden bu sezon i\u00e7in istedi\u011fi 3 ma\u00e7 oynama garantisi talebi, sar\u0131-k\u0131rm\u0131z\u0131l\u0131 kul\u00fcp taraf\u0131ndan olumlu kar\u015f\u0131lanmam\u0131\u015ft\u0131. Bu gergin s\u00fcrecin ard\u0131ndan Balta ailesi, avukatlar\u0131 arac\u0131l\u0131\u011f\u0131yla bir a\u00e7\u0131klama yay\u0131nlayarak \u00c7a\u011fr\u0131 Balta&#8217;n\u0131n Galatasaray idmanlar\u0131na kat\u0131lmayaca\u011f\u0131n\u0131 duyurmu\u015ftu.<\/p>\n<p>Ya\u015fanan bu geli\u015fmeler \u00fczerine Galatasaray Spor Kul\u00fcb\u00fc Ba\u015fkan\u0131 Dursun \u00d6zbek de kamuoyuna a\u00e7\u0131klamalarda bulunarak konuya ili\u015fkin g\u00f6r\u00fc\u015flerini payla\u015fm\u0131\u015ft\u0131.<\/p>\n<p>Ba\u015fkan \u00d6zbek, &#8220;Bu konuyla ilgili a\u00e7\u0131klamalar\u0131m\u0131z\u0131 yapt\u0131k. Dolay\u0131s\u0131yla bu a\u00e7\u0131klamalar \u00e7er\u00e7evesinde sabit duruyoruz. Onun d\u0131\u015f\u0131nda s\u00f6ylemek istedi\u011fim ba\u015fka bir \u015fey yok. Hakan Balta bizim \u00f6nemli oyuncumuzdu. Kaptanl\u0131\u011f\u0131m\u0131z\u0131 yapm\u0131\u015f birisi. O\u011flu bizim oyuncumuz. Yapm\u0131\u015f oldu\u011fumuz a\u00e7\u0131klama yeterlidir diye d\u00fc\u015f\u00fcn\u00fcyorum.&#8221; ifadelerini kullanarak konunun \u00f6nemini vurgulam\u0131\u015ft\u0131.<\/p>\n<p><img decoding=\"async\" src=\"https:\/\/image.fanatik.com.tr\/i\/fanatik\/75\/770x0\/699eb872aa577100b14c18af.jpg\" data-src=\"https:\/\/image.fanatik.com.tr\/i\/fanatik\/75\/770x0\/699eb872aa577100b14c18af.jpg\" alt=\"Galatasaray\u2019dan Fenerbah\u00e7e\u2019ye transfer \u0130lk antrenman\u0131na \u00e7\u0131kt\u0131\" class=\"lazyload \" width=\"770\" height=\"100%\" class=\"rhd-article-news-img\" data-inline-image=\"true\"><\/p>\n<p><strong>\u00c7a\u011fr\u0131 Balta&#8217;n\u0131n Ge\u00e7mi\u015f Sezon Performans\u0131<\/strong><\/p>\n<p>17 ya\u015f\u0131ndaki gen\u00e7 yetenek, ge\u00e7ti\u011fimiz sezon U19 S\u00fcper Ligi&#8217;nde sergiledi\u011fi \u00fcst\u00fcn performansla dikkat \u00e7ekmi\u015f ve 22 golle gol krall\u0131\u011f\u0131 tac\u0131n\u0131 giymi\u015fti. Bu parlak kariyer performans\u0131, bir\u00e7ok b\u00fcy\u00fck kul\u00fcb\u00fcn radar\u0131na girmesine neden olmu\u015ftu.<\/p>\n","protected":false},"excerpt":{"rendered":"<p>Galatasaray&#8217;\u0131n efsanevi isimlerinden Hakan Balta&#8217;n\u0131n 17 ya\u015f\u0131ndaki yetenekli o\u011flu \u00c7a\u011fr\u0131 Balta&#8217;n\u0131n kariyerinde kritik bir d\u00f6n\u00fcm noktas\u0131 ya\u015fand\u0131. Gen\u00e7 futbolcu, Galatasaray&#8217;\u0131n sundu\u011fu 2.5 y\u0131ll\u0131k s\u00f6zle\u015fme teklifini geri \u00e7evirerek camiada b\u00fcy\u00fck yank\u0131 uyand\u0131rd\u0131. Bu geli\u015fmenin ard\u0131ndan, ezeli rakip Fenerbah\u00e7e ile anla\u015ft\u0131\u011f\u0131 y\u00f6n\u00fcndeki s\u00f6ylentiler k\u0131sa s\u00fcrede ger\u00e7e\u011fe d\u00f6n\u00fc\u015ft\u00fc ve \u00c7a\u011fr\u0131 Balta, resmen sar\u0131-k\u0131rm\u0131z\u0131l\u0131 kul\u00fcpten ayr\u0131ld\u0131. Fenerbah\u00e7e Formas\u0131yla \u0130lk [&hellip;]<\/p>\n","protected":false},"author":0,"featured_media":1938,"comment_status":"open","ping_status":"open","sticky":false,"template":"","format":"standard","meta":{"footnotes":""},"categories":[32],"tags":[],"class_list":["post-1937","post","type-post","status-publish","format-standard","has-post-thumbnail","hentry","category-spor"],"_links":{"self":[{"href":"https:\/\/sunpress4.com\/index.php\/wp-json\/wp\/v2\/posts\/1937","targetHints":{"allow":["GET"]}}],"collection":[{"href":"https:\/\/sunpress4.com\/index.php\/wp-json\/wp\/v2\/posts"}],"about":[{"href":"https:\/\/sunpress4.com\/index.php\/wp-json\/wp\/v2\/types\/post"}],"replies":[{"embeddable":true,"href":"https:\/\/sunpress4.com\/index.php\/wp-json\/wp\/v2\/comments?post=1937"}],"version-history":[{"count":1,"href":"https:\/\/sunpress4.com\/index.php\/wp-json\/wp\/v2\/posts\/1937\/revisions"}],"predecessor-version":[{"id":1939,"href":"https:\/\/sunpress4.com\/index.php\/wp-json\/wp\/v2\/posts\/1937\/revisions\/1939"}],"wp:featuredmedia":[{"embeddable":true,"href":"https:\/\/sunpress4.com\/index.php\/wp-json\/wp\/v2\/media\/1938"}],"wp:attachment":[{"href":"https:\/\/sunpress4.com\/index.php\/wp-json\/wp\/v2\/media?parent=1937"}],"wp:term":[{"taxonomy":"category","embeddable":true,"href":"https:\/\/sunpress4.com\/index.php\/wp-json\/wp\/v2\/categories?post=1937"},{"taxonomy":"post_tag","embeddable":true,"href":"https:\/\/sunpress4.com\/index.php\/wp-json\/wp\/v2\/tags?post=1937"}],"curies":[{"name":"wp","href":"https:\/\/api.w.org\/{rel}","templated":true}]}}