{"id":1948,"date":"2026-02-26T00:00:49","date_gmt":"2026-02-25T21:00:49","guid":{"rendered":"https:\/\/sunpress4.com\/index.php\/2026\/02\/26\/canli-real-madrid-benfica-maci-canli-anlatim-madrid-benfica-maci-kadrolari-skoru-ve-istatistikleri-sampiyonlar-ligi-play-off-maci\/"},"modified":"2026-02-26T00:00:49","modified_gmt":"2026-02-25T21:00:49","slug":"canli-real-madrid-benfica-maci-canli-anlatim-madrid-benfica-maci-kadrolari-skoru-ve-istatistikleri-sampiyonlar-ligi-play-off-maci","status":"publish","type":"post","link":"https:\/\/sunpress4.com\/index.php\/2026\/02\/26\/canli-real-madrid-benfica-maci-canli-anlatim-madrid-benfica-maci-kadrolari-skoru-ve-istatistikleri-sampiyonlar-ligi-play-off-maci\/","title":{"rendered":"CANLI | Real Madrid-Benfica ma\u00e7\u0131 Canl\u0131 Anlat\u0131m &#8211; MADR\u0130D BENFICA ma\u00e7\u0131 kadrolar\u0131, skoru ve istatistikleri (\u015eampiyonlar Ligi play-off ma\u00e7\u0131)"},"content":{"rendered":"<h2>Real Madrid-Benfica \u015eampiyonlar Ligi Kar\u015f\u0131la\u015fmas\u0131: Canl\u0131 Geli\u015fmeler, \u0130lk 11&#8217;ler ve Irk\u00e7\u0131l\u0131k Tart\u0131\u015fmalar\u0131<\/h2>\n<p>UEFA \u015eampiyonlar Ligi Son 16 Play-Off Turu r\u00f6van\u015f ma\u00e7\u0131nda Real Madrid, Santiago Bernabeu&#8217;da Benfica&#8217;y\u0131 a\u011f\u0131rl\u0131yor. 25 \u015eubat 2026 tarihinde oynanan bu kritik m\u00fccadele, sadece saha i\u00e7i rekabetiyle de\u011fil, ilk ma\u00e7ta ya\u015fanan \u0131rk\u00e7\u0131l\u0131k iddialar\u0131 ve T\u00fcrk futbolcu Arda G\u00fcler&#8217;in ilk 11&#8217;de sahaya \u00e7\u0131kmas\u0131yla da dikkat \u00e7ekiyor. Ma\u00e7\u0131n ilk yar\u0131s\u0131 1-1 beraberlikle sonu\u00e7lan\u0131rken, ya\u015fanan goller, kurtar\u0131\u015flar ve VAR kararlar\u0131 m\u00fccadeleyi daha da heyecanl\u0131 k\u0131ld\u0131.<\/p>\n<h3>Ma\u00e7tan Anlar: \u0130lk Yar\u0131daki Goller ve Kritik Pozisyonlar<\/h3>\n<p>Santiago Bernabeu&#8217;daki dev kar\u015f\u0131la\u015fman\u0131n ilk yar\u0131s\u0131 kar\u015f\u0131l\u0131kl\u0131 gollerle 1-1 berabere tamamland\u0131.<\/p>\n<h4>38. Dakika: Courtois&#8217;dan M\u00fcthi\u015f Kurtar\u0131\u015f!<\/h4>\n<p>Benfica sa\u011f kanattan etkili geldi. Topla h\u0131zla ceza sahas\u0131na giren Schjelderup&#8217;un pas\u0131nda, ceza sahas\u0131n\u0131n sol \u00e7apraz\u0131nda me\u015fin yuvarlakla bulu\u015fan Rios, sol aya\u011f\u0131yla yak\u0131n k\u00f6\u015feye \u00e7ok sert bir \u015fut \u00e7ekti. Ancak Real Madrid&#8217;in tecr\u00fcbeli kalecisi Courtois, parmaklar\u0131n\u0131n ucuyla topu kornere \u00e7elerek gole izin vermedi.<\/p>\n<h4>33. Dakika: Arda G\u00fcler&#8217;in Gol\u00fc VAR&#8217;a Tak\u0131ld\u0131!<\/h4>\n<p>Real Madrid, Arda G\u00fcler&#8217;in kale sahas\u0131ndan yapt\u0131\u011f\u0131 dokunu\u015fla 2-1 \u00f6ne ge\u00e7ti\u011fini d\u00fc\u015f\u00fcnd\u00fc. Ancak VAR incelemesinin ard\u0131ndan pozisyon iptal edildi ve gol ge\u00e7erlilik kazanmad\u0131, heyecan dolu anlar ya\u015fand\u0131.<\/p>\n<h4>16. Dakika: Tchouameni&#8217;den Beraberlik Gol\u00fc, Asist Arda&#8217;dan!<\/h4>\n<p>Real Madrid, Benfica&#8217;n\u0131n a\u00e7\u0131l\u0131\u015f gol\u00fcne Tchouameni ile yan\u0131t verdi. Arda G\u00fcler&#8217;in ak\u0131l dolu pas\u0131na hareketlenen Valverde, sa\u011f kanattan yerden etkili bir orta kesti. Ceza sahas\u0131 yay\u0131 \u00fczerinde topla bulu\u015fan Tchouameni, geli\u015fine yapt\u0131\u011f\u0131 vuru\u015fla topu a\u011flara g\u00f6nderdi ve skoru 1-1&#8217;e getirdi. Bu golde Arda G\u00fcler&#8217;in pas\u0131 \u00f6nemli rol oynad\u0131.<\/p>\n<h3>Dev Ma\u00e7 \u00d6ncesi Geli\u015fmeler, \u0130lk 11&#8217;ler ve Yay\u0131n Bilgileri<\/h3>\n<h4>Arda G\u00fcler \u0130lk 11&#8217;de Sahada! (25 \u015eubat 2026)<\/h4>\n<p><img decoding=\"async\" class=\"news-feed-item-image\" alt=\"Real Madrid kadrosunda Arda G\u00fcler ilk 11'de\" src=\"https:\/\/image.fanatik.com.tr\/i\/fanatik\/75\/665x369\/699f42f8162597555061c6b6.jpg\"><\/p>\n<p>Merakla beklenen kar\u015f\u0131la\u015fmada Real Madrid&#8217;in gen\u00e7 y\u0131ld\u0131z\u0131 Arda G\u00fcler, teknik direkt\u00f6r\u00fcn\u00fcn tercihiyle ilk 11&#8217;de yer ald\u0131. \u0130ki tak\u0131m\u0131n sahaya \u00e7\u0131kt\u0131\u011f\u0131 ilk 11&#8217;ler \u015fu \u015fekilde:<\/p>\n<p><strong>Real Madrid \u0130lk 11&#8217;i:<\/strong> Courtois, Alexander-Arnold, Asencio, R\u00fcdiger, Carreras, Valverde, Arda G\u00fcler, Tchouameni, Camavinga, Gonzalo, Vinicius Junior.<\/p>\n<p><strong>Benfica \u0130lk 11&#8217;i:<\/strong> Trubin, Dedi\u0107, Tom\u00e1s Ara\u00fajo, Otamendi, Dahl, R\u00edos, Barreiro, Aursnes, Rafa Silva, Schjelderup, Pavlidis.<\/p>\n<h4>Ma\u00e7 \u00d6ncesi Sosyal Medya Hareketlili\u011fi (25 \u015eubat 2026)<\/h4>\n<p>Benfica, ma\u00e7 g\u00fcn\u00fc Madrid&#8217;den &#8220;Matchday in Madrid \u2694\ufe0f&#8221; notuyla bir payla\u015f\u0131m yaparken, Real Madrid ise bir g\u00fcn \u00f6nce &#8220;\ud83d\udd25 MA\u00d1ANA. BERNAB\u00c9U. CHAMPIONS LEAGUE.&#8221; ifadeleriyle taraftarlar\u0131n\u0131 m\u00fccadeleye \u00e7a\u011f\u0131rm\u0131\u015ft\u0131. Bu payla\u015f\u0131mlar, dev ma\u00e7 \u00f6ncesi beklentiyi art\u0131rm\u0131\u015ft\u0131.<\/p>\n<h4>Real Madrid-Benfica Ma\u00e7\u0131 Hangi Kanalda Yay\u0131nland\u0131? (25 \u015eubat 2026 &#8211; 10:15)<\/h4>\n<p>UEFA \u015eampiyonlar Ligi Son 16 Play-Off Turu r\u00f6van\u015f m\u00fccadelesi, 25 \u015eubat 2026 gecesi saat 23.00&#8217;te Santiago Bernabeu&#8217;da ba\u015flad\u0131. Frans\u0131z hakem Fran\u00e7ois Letexier&#8217;in y\u00f6netti\u011fi bu \u00f6nemli kar\u015f\u0131la\u015fma, T\u00fcrkiye&#8217;de tabii spor ekranlar\u0131ndan canl\u0131 olarak yay\u0131nland\u0131.<\/p>\n<h3>Lizbon&#8217;daki Gerilim ve Irk\u00e7\u0131l\u0131k Tart\u0131\u015fmalar\u0131 Ma\u00e7a Damga Vurdu<\/h3>\n<h4>Prestianni, Ma\u00e7ta Forma Giyemeyecek (25 \u015eubat 2026 &#8211; 09:30)<\/h4>\n<p>UEFA, Vinicius Jr&#8217;a y\u00f6nelik \u0131rk\u00e7\u0131 s\u00f6ylemler iddias\u0131yla ilgili olarak Benfica&#8217;n\u0131n oyuncusu Prestianni&#8217;ye ge\u00e7ici bir ceza verildi\u011fini duyurdu. Soru\u015fturma tamamlanana kadar Prestianni, bu kritik son 16 play-off turu r\u00f6van\u015f\u0131nda Real Madrid&#8217;e kar\u015f\u0131 sahada yer alamad\u0131.<\/p>\n<h4>Jose Mourinho Irk\u00e7\u0131l\u0131k \u0130ddialar\u0131n\u0131 Reddetti (25 \u015eubat 2026 &#8211; 08:55)<\/h4>\n<p><img decoding=\"async\" class=\"news-feed-item-image\" alt=\"Jose Mourinho'dan \u0131rk\u00e7\u0131l\u0131k iddialar\u0131na yan\u0131t\" src=\"https:\/\/image.fanatik.com.tr\/i\/fanatik\/75\/665x369\/699ebf1aaa577100b14c18f7.jpg\"><\/p>\n<p>\u0130lk ma\u00e7ta ikinci sar\u0131 karttan k\u0131rm\u0131z\u0131 kart g\u00f6ren Jose Mourinho, ma\u00e7 sonu yapt\u0131\u011f\u0131 a\u00e7\u0131klamada Vinicius Junior&#8217;\u0131 sevdi\u011fini belirtirken, &#8220;Gol at\u0131yorsan git tak\u0131m arkada\u015flar\u0131nla kutla, trib\u00fcnleri tahrik etme. Benfica \u0131rk\u00e7\u0131 bir kul\u00fcp de\u011fildir.&#8221; ifadelerini kulland\u0131. Junior ise bu s\u00f6zlere yan\u0131t olarak, &#8220;Irk\u00e7\u0131lar her \u015feyden \u00f6nce korkakt\u0131r. Ne kadar g\u00fc\u00e7s\u00fcz olduklar\u0131n\u0131 g\u00f6stermek i\u00e7in formalar\u0131yla a\u011f\u0131zlar\u0131n\u0131 kapatmalar\u0131 gerekir.&#8221; \u015feklinde sert bir a\u00e7\u0131klama yapm\u0131\u015ft\u0131.<\/p>\n<h4>Lizbon&#8217;da Neler Ya\u015fanm\u0131\u015ft\u0131? (25 \u015eubat 2026 &#8211; 06:45)<\/h4>\n<p>\u0130ki tak\u0131m aras\u0131nda Lizbon&#8217;da oynanan ilk ma\u00e7, saha i\u00e7indeki futbolun yan\u0131 s\u0131ra b\u00fcy\u00fck gerginliklere de sahne oldu. Real Madrid, 50. dakikada Vinicius Junior&#8217;\u0131n gol\u00fcyle \u00f6ne ge\u00e7ince, Brezilyal\u0131 futbolcu gol sevincini korner dire\u011finde Benfica trib\u00fcnleri \u00f6n\u00fcnde ya\u015fad\u0131. Bu durum \u00fczerine trib\u00fcnlerden Vinicius Junior&#8217;a yabanc\u0131 maddeler at\u0131ld\u0131. Benfica oyuna yeniden ba\u015flamaya haz\u0131rlan\u0131rken, Portekiz ekibinin Arjantinli kanat oyuncusu Prestianni&#8217;nin, a\u011fz\u0131n\u0131 formas\u0131yla kapatarak Vinicius Junior&#8217;a bir \u015feyler s\u00f6yledi\u011fi iddia edildi. Vinicius, rakibinin \u0131rk\u00e7\u0131l\u0131k yapt\u0131\u011f\u0131n\u0131 belirterek hakeme ko\u015ftu. Ma\u00e7 k\u0131sa bir s\u00fcre dururken, Vinicius Junior ve Kylian Mbappe&#8217;nin Jose Mourinho ile hararetli bir \u015fekilde tart\u0131\u015ft\u0131\u011f\u0131 g\u00f6zlemlendi. Bu olaylar\u0131n ard\u0131ndan ma\u00e7 1-0 Real Madrid \u00fcst\u00fcnl\u00fc\u011f\u00fcyle sona ermi\u015fti.<\/p>\n","protected":false},"excerpt":{"rendered":"<p>Real Madrid-Benfica \u015eampiyonlar Ligi Kar\u015f\u0131la\u015fmas\u0131: Canl\u0131 Geli\u015fmeler, \u0130lk 11&#8217;ler ve Irk\u00e7\u0131l\u0131k Tart\u0131\u015fmalar\u0131 UEFA \u015eampiyonlar Ligi Son 16 Play-Off Turu r\u00f6van\u015f ma\u00e7\u0131nda Real Madrid, Santiago Bernabeu&#8217;da Benfica&#8217;y\u0131 a\u011f\u0131rl\u0131yor. 25 \u015eubat 2026 tarihinde oynanan bu kritik m\u00fccadele, sadece saha i\u00e7i rekabetiyle de\u011fil, ilk ma\u00e7ta ya\u015fanan \u0131rk\u00e7\u0131l\u0131k iddialar\u0131 ve T\u00fcrk futbolcu Arda G\u00fcler&#8217;in ilk 11&#8217;de sahaya \u00e7\u0131kmas\u0131yla da [&hellip;]<\/p>\n","protected":false},"author":0,"featured_media":1949,"comment_status":"open","ping_status":"open","sticky":false,"template":"","format":"standard","meta":{"footnotes":""},"categories":[32],"tags":[],"class_list":["post-1948","post","type-post","status-publish","format-standard","has-post-thumbnail","hentry","category-spor"],"_links":{"self":[{"href":"https:\/\/sunpress4.com\/index.php\/wp-json\/wp\/v2\/posts\/1948","targetHints":{"allow":["GET"]}}],"collection":[{"href":"https:\/\/sunpress4.com\/index.php\/wp-json\/wp\/v2\/posts"}],"about":[{"href":"https:\/\/sunpress4.com\/index.php\/wp-json\/wp\/v2\/types\/post"}],"replies":[{"embeddable":true,"href":"https:\/\/sunpress4.com\/index.php\/wp-json\/wp\/v2\/comments?post=1948"}],"version-history":[{"count":1,"href":"https:\/\/sunpress4.com\/index.php\/wp-json\/wp\/v2\/posts\/1948\/revisions"}],"predecessor-version":[{"id":1951,"href":"https:\/\/sunpress4.com\/index.php\/wp-json\/wp\/v2\/posts\/1948\/revisions\/1951"}],"wp:featuredmedia":[{"embeddable":true,"href":"https:\/\/sunpress4.com\/index.php\/wp-json\/wp\/v2\/media\/1949"}],"wp:attachment":[{"href":"https:\/\/sunpress4.com\/index.php\/wp-json\/wp\/v2\/media?parent=1948"}],"wp:term":[{"taxonomy":"category","embeddable":true,"href":"https:\/\/sunpress4.com\/index.php\/wp-json\/wp\/v2\/categories?post=1948"},{"taxonomy":"post_tag","embeddable":true,"href":"https:\/\/sunpress4.com\/index.php\/wp-json\/wp\/v2\/tags?post=1948"}],"curies":[{"name":"wp","href":"https:\/\/api.w.org\/{rel}","templated":true}]}}