{"id":1952,"date":"2026-02-26T12:00:20","date_gmt":"2026-02-26T09:00:20","guid":{"rendered":"https:\/\/sunpress4.com\/index.php\/2026\/02\/26\/serikspor-baskani-dogan-takiminin-ligde-kalacagina-inaniyor\/"},"modified":"2026-02-26T12:00:22","modified_gmt":"2026-02-26T09:00:22","slug":"serikspor-baskani-dogan-takiminin-ligde-kalacagina-inaniyor","status":"publish","type":"post","link":"https:\/\/sunpress4.com\/index.php\/2026\/02\/26\/serikspor-baskani-dogan-takiminin-ligde-kalacagina-inaniyor\/","title":{"rendered":"Serikspor Ba\u015fkan\u0131 Do\u011fan, tak\u0131m\u0131n\u0131n ligde kalaca\u011f\u0131na inan\u0131yor"},"content":{"rendered":"<p>Kul\u00fcb\u00fcn \u00f6nemli isimlerinden Ba\u015fkan Do\u011fan ve \u00dcst Y\u00f6netici (CEO) Bar\u0131\u015f G\u00fc\u00e7l\u00fc, kul\u00fcp tesislerinde taraftar temsilcileri ve medya mensuplar\u0131yla bir araya gelerek kritik a\u00e7\u0131klamalarda bulundu. Toplant\u0131da, sezon ba\u015f\u0131ndan bu yana ya\u015fanan geli\u015fmeler, kul\u00fcb\u00fcn mevcut mali durumu ve tak\u0131m\u0131n ligdeki konumu t\u00fcm \u015feffafl\u0131\u011f\u0131yla ele al\u0131nd\u0131.<\/p>\n<p>Ba\u015fkan Do\u011fan, \u0130smail Ogan Stadyumu&#8217;nun tadilat s\u00fcrecinin planlanandan sapmas\u0131n\u0131n kul\u00fcb\u00fc derinden etkiledi\u011fini vurgulad\u0131. Uzun bir s\u00fcre boyunca i\u00e7 saha ma\u00e7lar\u0131n\u0131 deplasmanda oynamak zorunda kalmalar\u0131n\u0131n getirdi\u011fi zorluklara dikkat \u00e7ekti.<\/p>\n<p>T\u00fcrkiye Futbol Federasyonu (TFF) kriterlerine uygun hale getirilmek \u00fczere ba\u015flat\u0131lan \u0130smail Ogan Stadyumu yenileme \u00e7al\u0131\u015fmalar\u0131ndaki gecikmelerin, hem sportif performans\u0131 hem de ekonomik dengeyi olumsuz y\u00f6nde etkiledi\u011fini belirten Do\u011fan, &#8220;Evimizde oynamam\u0131z gereken bir\u00e7ok kar\u015f\u0131la\u015fmay\u0131 farkl\u0131 \u015fehirlerde oynad\u0131k. Bu durum, tak\u0131m\u0131n motivasyonunu ve saha avantaj\u0131n\u0131 ciddi \u015fekilde sekteye u\u011fratt\u0131&#8221; ifadelerini kulland\u0131.<\/p>\n<p>Stadyum i\u00e7in ilk etapta 50 milyon lira olarak \u00f6ng\u00f6r\u00fclen harcaman\u0131n, g\u00fcncel durumda 150 milyon liraya ula\u015ft\u0131\u011f\u0131n\u0131 aktaran Ba\u015fkan Do\u011fan, kul\u00fcp tesisleri i\u00e7in de 120 milyon liral\u0131k bir yat\u0131r\u0131m yap\u0131ld\u0131\u011f\u0131n\u0131 ve toplamda 270 milyon liral\u0131k devasa bir yat\u0131r\u0131m\u0131n ger\u00e7ekle\u015fti\u011fini kaydetti.<\/p>\n<p>Ge\u00e7mi\u015f d\u00f6neme ait SGK ve vergi bor\u00e7lar\u0131n\u0131n lisans alma s\u00fcrecinde ciddi bir engel te\u015fkil etti\u011fini dile getiren Do\u011fan, yakla\u015f\u0131k 40 milyon liral\u0131k borcun teminat g\u00f6sterilerek yeniden yap\u0131land\u0131r\u0131ld\u0131\u011f\u0131n\u0131 ve bu sayede kul\u00fcb\u00fcn lisans i\u015flemlerinin ba\u015far\u0131yla tamamland\u0131\u011f\u0131n\u0131 belirtti.<\/p>\n<p>Sezon boyunca oynanan 27 ma\u00e7\u0131n sadece birini kendi evlerinde oynayabildiklerini a\u00e7\u0131klayan Do\u011fan, 13 i\u00e7 saha ma\u00e7\u0131n\u0131 deplasmanda oynamak zorunda kalman\u0131n kul\u00fcbe yakla\u015f\u0131k 50 milyon lira ek maliyet y\u00fckledi\u011fini vurgulad\u0131. Her bir deplasman seyahatinin ortalama 3 milyon lira gider olu\u015fturdu\u011funu ifade eden Ba\u015fkan, yo\u011fun seyahat temposunun futbolcular \u00fczerinde mental yorgunlu\u011fa neden oldu\u011funu da s\u00f6zlerine ekledi.<\/p>\n<p>Ligdeki mevcut konumlar\u0131ndan memnun olmad\u0131klar\u0131n\u0131 ancak hedeflerinin net oldu\u011funu vurgulayan Do\u011fan, &#8220;Bu tak\u0131m kesinlikle ligde kalacak. \u0130lk sezonun zorlu ge\u00e7ece\u011fini \u00f6ng\u00f6r\u00fcyorduk. Bu y\u0131l ligde tutunmak, bizim i\u00e7in adeta bir \u015fampiyonluk zaferi kadar b\u00fcy\u00fck bir anlam ta\u015f\u0131yor. \u00d6n\u00fcm\u00fczdeki sezonda ise tesis ve stadyum sorunlar\u0131yla u\u011fra\u015fmadan, t\u00fcm enerjimizi sadece futbola odaklayaca\u011f\u0131z&#8221; de\u011ferlendirmesinde bulundu.<\/p>\n","protected":false},"excerpt":{"rendered":"<p>Kul\u00fcb\u00fcn \u00f6nemli isimlerinden Ba\u015fkan Do\u011fan ve \u00dcst Y\u00f6netici (CEO) Bar\u0131\u015f G\u00fc\u00e7l\u00fc, kul\u00fcp tesislerinde taraftar temsilcileri ve medya mensuplar\u0131yla bir araya gelerek kritik a\u00e7\u0131klamalarda bulundu. Toplant\u0131da, sezon ba\u015f\u0131ndan bu yana ya\u015fanan geli\u015fmeler, kul\u00fcb\u00fcn mevcut mali durumu ve tak\u0131m\u0131n ligdeki konumu t\u00fcm \u015feffafl\u0131\u011f\u0131yla ele al\u0131nd\u0131. Ba\u015fkan Do\u011fan, \u0130smail Ogan Stadyumu&#8217;nun tadilat s\u00fcrecinin planlanandan sapmas\u0131n\u0131n kul\u00fcb\u00fc derinden etkiledi\u011fini [&hellip;]<\/p>\n","protected":false},"author":0,"featured_media":1953,"comment_status":"open","ping_status":"open","sticky":false,"template":"","format":"standard","meta":{"footnotes":""},"categories":[32],"tags":[],"class_list":["post-1952","post","type-post","status-publish","format-standard","has-post-thumbnail","hentry","category-spor"],"_links":{"self":[{"href":"https:\/\/sunpress4.com\/index.php\/wp-json\/wp\/v2\/posts\/1952","targetHints":{"allow":["GET"]}}],"collection":[{"href":"https:\/\/sunpress4.com\/index.php\/wp-json\/wp\/v2\/posts"}],"about":[{"href":"https:\/\/sunpress4.com\/index.php\/wp-json\/wp\/v2\/types\/post"}],"replies":[{"embeddable":true,"href":"https:\/\/sunpress4.com\/index.php\/wp-json\/wp\/v2\/comments?post=1952"}],"version-history":[{"count":1,"href":"https:\/\/sunpress4.com\/index.php\/wp-json\/wp\/v2\/posts\/1952\/revisions"}],"predecessor-version":[{"id":1956,"href":"https:\/\/sunpress4.com\/index.php\/wp-json\/wp\/v2\/posts\/1952\/revisions\/1956"}],"wp:featuredmedia":[{"embeddable":true,"href":"https:\/\/sunpress4.com\/index.php\/wp-json\/wp\/v2\/media\/1953"}],"wp:attachment":[{"href":"https:\/\/sunpress4.com\/index.php\/wp-json\/wp\/v2\/media?parent=1952"}],"wp:term":[{"taxonomy":"category","embeddable":true,"href":"https:\/\/sunpress4.com\/index.php\/wp-json\/wp\/v2\/categories?post=1952"},{"taxonomy":"post_tag","embeddable":true,"href":"https:\/\/sunpress4.com\/index.php\/wp-json\/wp\/v2\/tags?post=1952"}],"curies":[{"name":"wp","href":"https:\/\/api.w.org\/{rel}","templated":true}]}}