{"id":2109,"date":"2026-03-04T12:00:37","date_gmt":"2026-03-04T09:00:37","guid":{"rendered":"https:\/\/sunpress4.com\/index.php\/2026\/03\/04\/askeri-ussu-kullandirmayan-liderden-trumpin-tehdidine-olay-yanit\/"},"modified":"2026-03-04T12:00:38","modified_gmt":"2026-03-04T09:00:38","slug":"askeri-ussu-kullandirmayan-liderden-trumpin-tehdidine-olay-yanit","status":"publish","type":"post","link":"https:\/\/sunpress4.com\/index.php\/2026\/03\/04\/askeri-ussu-kullandirmayan-liderden-trumpin-tehdidine-olay-yanit\/","title":{"rendered":"Askeri \u00fcss\u00fc kulland\u0131rmayan liderden, Trump&#8217;\u0131n tehdidine olay yan\u0131t"},"content":{"rendered":"<h3>Trump&#8217;tan \u0130spanya&#8217;ya \u00dcs ve Ticaret Tehdidi: &#8220;\u0130stersek \u00dcslerini Kullan\u0131r\u0131z, Ticari \u0130li\u015fkileri Kesin!&#8221;<\/h3>\n<p>ABD Ba\u015fkan\u0131 Donald Trump, Almanya Ba\u015fbakan\u0131 Friedrich Merz ile Oval Ofis&#8217;teki g\u00f6r\u00fc\u015fmesi sonras\u0131 gazetecilerin sorular\u0131n\u0131 yan\u0131tlarken, \u0130spanya ile ya\u015fanan askeri \u00fcsler krizi ve ticari ili\u015fkiler hakk\u0131nda sert a\u00e7\u0131klamalarda bulundu. Trump, Madrid y\u00f6netimine y\u00f6nelik a\u011f\u0131r ithamlar y\u00f6neltti.<\/p>\n<h3>Trump&#8217;tan Askeri \u00dcsler \u00c7\u0131k\u0131\u015f\u0131: &#8220;\u0130spanya Bizi Engelleyemez!&#8221;<\/h3>\n<p>\u0130spanya&#8217;n\u0131n ABD&#8217;nin askeri \u00fcslerini kullanmas\u0131n\u0131 engelleme giri\u015fimine tepki g\u00f6steren Ba\u015fkan Trump, &#8220;\u0130spanya, \u00fcslerini kullanamayaca\u011f\u0131m\u0131z\u0131 iddia etti, ancak bu ger\u00e7ek d\u0131\u015f\u0131d\u0131r. E\u011fer arzu edersek bu \u00fcsleri kullanma hakk\u0131na sahibiz ve kimse bize bunu yapmamam\u0131z\u0131 emredemez&#8221; s\u00f6zleriyle Madrid&#8217;e meydan okudu.<\/p>\n<h3>Ticari \u0130li\u015fkilere Ambargo Talimat\u0131: &#8220;\u0130spanya Berbat Durumda&#8221;<\/h3>\n<p>ABD Ba\u015fkan\u0131, \u0130spanya ile olan t\u00fcm ticari ili\u015fkilerin derhal kesilmesi y\u00f6n\u00fcnde Hazine Bakan\u0131 Scott Bessent&#8217;e kesin talimat verdi\u011fini a\u00e7\u0131klad\u0131. Trump, &#8220;\u0130spanya \u015fu an son derece k\u00f6t\u00fc bir durumda. Bakan Bessent&#8217;e, \u0130spanya ile mevcut t\u00fcm ticari ba\u011flar\u0131 sonland\u0131rmas\u0131n\u0131 emrettim&#8221; \u015feklinde konu\u015ftu. Ayr\u0131ca, Avrupa \u00fclkelerinin hem ABD&#8217;ye hem de \u0130srail&#8217;e daha g\u00fc\u00e7l\u00fc destek vermeleri gerekti\u011fi \u00e7a\u011fr\u0131s\u0131nda bulundu.<\/p>\n<h3>Sanchez&#8217;den \u0130lk Tepki: &#8220;\u0130ran Sava\u015f\u0131 D\u00fcnyay\u0131 Daha G\u00fcvensiz K\u0131l\u0131yor&#8221;<\/h3>\n<p>Ba\u015fkan Trump&#8217;\u0131n \u0130spanya&#8217;ya y\u00f6nelik tehditkar s\u00f6ylemlerinin ard\u0131ndan \u0130spanya Ba\u015fbakan\u0131 Pedro Sanchez&#8217;den ilk a\u00e7\u0131klama geldi. \u0130spanyol lider, \u0130ran Sava\u015f\u0131&#8217;n\u0131n k\u00fcresel g\u00fcvenli\u011fi tehlikeye att\u0131\u011f\u0131n\u0131 vurgulayarak, &#8220;\u0130ran&#8217;daki sava\u015f, d\u00fcnyay\u0131 daha da g\u00fcvensiz bir ortama s\u00fcr\u00fckl\u00fcyor. Biz bu t\u00fcr bir felakete kar\u015f\u0131 duruyoruz ve bu \u00e7at\u0131\u015fman\u0131n daha adil bir uluslararas\u0131 d\u00fczen getirmeyece\u011fine inan\u0131yoruz&#8221; ifadelerini kulland\u0131.<\/p>\n","protected":false},"excerpt":{"rendered":"<p>Trump&#8217;tan \u0130spanya&#8217;ya \u00dcs ve Ticaret Tehdidi: &#8220;\u0130stersek \u00dcslerini Kullan\u0131r\u0131z, Ticari \u0130li\u015fkileri Kesin!&#8221; ABD Ba\u015fkan\u0131 Donald Trump, Almanya Ba\u015fbakan\u0131 Friedrich Merz ile Oval Ofis&#8217;teki g\u00f6r\u00fc\u015fmesi sonras\u0131 gazetecilerin sorular\u0131n\u0131 yan\u0131tlarken, \u0130spanya ile ya\u015fanan askeri \u00fcsler krizi ve ticari ili\u015fkiler hakk\u0131nda sert a\u00e7\u0131klamalarda bulundu. Trump, Madrid y\u00f6netimine y\u00f6nelik a\u011f\u0131r ithamlar y\u00f6neltti. Trump&#8217;tan Askeri \u00dcsler \u00c7\u0131k\u0131\u015f\u0131: &#8220;\u0130spanya Bizi Engelleyemez!&#8221; [&hellip;]<\/p>\n","protected":false},"author":0,"featured_media":2110,"comment_status":"open","ping_status":"open","sticky":false,"template":"","format":"standard","meta":{"footnotes":""},"categories":[15],"tags":[94,91,95,149,90,156],"class_list":["post-2109","post","type-post","status-publish","format-standard","has-post-thumbnail","hentry","category-gundem","tag-dunya","tag-guvenlik","tag-iran","tag-ispanya","tag-politika","tag-uluslararasi-iliskiler"],"_links":{"self":[{"href":"https:\/\/sunpress4.com\/index.php\/wp-json\/wp\/v2\/posts\/2109","targetHints":{"allow":["GET"]}}],"collection":[{"href":"https:\/\/sunpress4.com\/index.php\/wp-json\/wp\/v2\/posts"}],"about":[{"href":"https:\/\/sunpress4.com\/index.php\/wp-json\/wp\/v2\/types\/post"}],"replies":[{"embeddable":true,"href":"https:\/\/sunpress4.com\/index.php\/wp-json\/wp\/v2\/comments?post=2109"}],"version-history":[{"count":1,"href":"https:\/\/sunpress4.com\/index.php\/wp-json\/wp\/v2\/posts\/2109\/revisions"}],"predecessor-version":[{"id":2111,"href":"https:\/\/sunpress4.com\/index.php\/wp-json\/wp\/v2\/posts\/2109\/revisions\/2111"}],"wp:featuredmedia":[{"embeddable":true,"href":"https:\/\/sunpress4.com\/index.php\/wp-json\/wp\/v2\/media\/2110"}],"wp:attachment":[{"href":"https:\/\/sunpress4.com\/index.php\/wp-json\/wp\/v2\/media?parent=2109"}],"wp:term":[{"taxonomy":"category","embeddable":true,"href":"https:\/\/sunpress4.com\/index.php\/wp-json\/wp\/v2\/categories?post=2109"},{"taxonomy":"post_tag","embeddable":true,"href":"https:\/\/sunpress4.com\/index.php\/wp-json\/wp\/v2\/tags?post=2109"}],"curies":[{"name":"wp","href":"https:\/\/api.w.org\/{rel}","templated":true}]}}