{"id":2118,"date":"2026-03-05T00:00:21","date_gmt":"2026-03-04T21:00:21","guid":{"rendered":"https:\/\/sunpress4.com\/index.php\/2026\/03\/05\/israil-ordusundan-irana-yeni-hava-saldirisi-tahranda-patlamalar-yasaniyor\/"},"modified":"2026-03-05T00:00:22","modified_gmt":"2026-03-04T21:00:22","slug":"israil-ordusundan-irana-yeni-hava-saldirisi-tahranda-patlamalar-yasaniyor","status":"publish","type":"post","link":"https:\/\/sunpress4.com\/index.php\/2026\/03\/05\/israil-ordusundan-irana-yeni-hava-saldirisi-tahranda-patlamalar-yasaniyor\/","title":{"rendered":"\u0130srail ordusundan \u0130ran&#8217;a yeni hava sald\u0131r\u0131s\u0131! Tahran&#8217;da patlamalar ya\u015fan\u0131yor"},"content":{"rendered":"<h1>Tahran \u015eiddetli Patlamalarla Sars\u0131ld\u0131: ABD ve \u0130srail&#8217;den \u0130ran&#8217;a Yeni Hava Sald\u0131r\u0131s\u0131<\/h1>\n<p>ABD ve \u0130srail ordular\u0131n\u0131n \u0130ran&#8217;a y\u00f6nelik yeni bir hava sald\u0131r\u0131s\u0131 ba\u015flatt\u0131\u011f\u0131n\u0131 duyurmas\u0131n\u0131n ard\u0131ndan, ba\u015fkent Tahran&#8217;da art arda \u015fiddetli patlamalar meydana geldi. Bu son geli\u015fmeler, b\u00f6lgedeki tansiyonu daha da y\u00fckseltirken, \u0130ran bas\u0131n\u0131nda da geni\u015f yer buldu.<\/p>\n<h2>Tahran Yeniden Hedef Oldu: Kentte Patlamalar Ya\u015fan\u0131yor<\/h2>\n<p>\u0130ran bas\u0131n\u0131n\u0131n aktard\u0131\u011f\u0131 bilgilere g\u00f6re, ba\u015fkent Tahran&#8217;\u0131n farkl\u0131 noktalar\u0131nda b\u00fcy\u00fck \u00e7apl\u0131 patlamalar kaydedildi. \u0130srail ordusundan yap\u0131lan resmi a\u00e7\u0131klamada, \u0130srail jetlerinin \u0130ran&#8217;\u0131n ba\u015fkentine y\u00f6nelik yeni bir hava sald\u0131r\u0131s\u0131 ger\u00e7ekle\u015ftirdi\u011fi teyit edildi. Bu sald\u0131r\u0131, ABD ile birlikte ba\u015flat\u0131lan operasyonlar dizisinde \u0130srail sava\u015f u\u00e7aklar\u0131n\u0131n Tahran&#8217;\u0131 hedef ald\u0131\u011f\u0131 11. kez oldu. \u015eehrin bir\u00e7ok b\u00f6lgesinde ya\u015fanan patlamalar, geni\u015f \u00e7apl\u0131 pani\u011fe yol a\u00e7t\u0131.<\/p>\n<h2>ABD-\u0130srail&#8217;in \u0130ran&#8217;a Y\u00f6nelik Sald\u0131r\u0131lar\u0131n\u0131n Arka Plan\u0131<\/h2>\n<p>B\u00f6lgedeki gerilimi t\u0131rmand\u0131ran askeri operasyonlar, \u0130srail ve ABD&#8217;nin 28 \u015eubat&#8217;ta \u0130ran&#8217;a y\u00f6nelik ba\u015flatt\u0131\u011f\u0131 askeri sald\u0131r\u0131larla h\u0131z kazand\u0131. Bu sald\u0131r\u0131lar, Tahran ile Washington y\u00f6netimleri aras\u0131nda devam eden m\u00fczakerelere ra\u011fmen ger\u00e7ekle\u015fmi\u015fti. \u0130ran, bu sald\u0131r\u0131lara kar\u015f\u0131l\u0131k olarak \u0130srail hedeflerinin yan\u0131 s\u0131ra, ABD \u00fcslerinin bulundu\u011fu Katar, Birle\u015fik Arap Emirlikleri (BAE) ve Bahreyn gibi b\u00f6lge \u00fclkelerindeki baz\u0131 stratejik noktalar\u0131 hedef ald\u0131.<\/p>\n<h2>Can Kay\u0131plar\u0131 Art\u0131yor: \u00dcst D\u00fczey Yetkililer de Hayat\u0131n\u0131 Kaybetti<\/h2>\n<p>ABD-\u0130srail sald\u0131r\u0131lar\u0131 neticesinde \u0130ran&#8217;da \u00f6nemli can kay\u0131plar\u0131 ya\u015fan\u0131yor. Sald\u0131r\u0131larda, \u0130ran&#8217;\u0131n dini lideri Ayetullah Ali Hamaney&#8217;in yan\u0131 s\u0131ra \u00e7ok say\u0131da \u00fcst d\u00fczey yetkilinin hayat\u0131n\u0131 kaybetti\u011fi bildirildi. \u0130ran Sa\u011fl\u0131k Bakanl\u0131\u011f\u0131 S\u00f6zc\u00fcs\u00fc H\u00fcseyin Kermanpur&#8217;un a\u00e7\u0131klamas\u0131na g\u00f6re, bu sald\u0131r\u0131lar sonucunda toplam 867 ki\u015fi ya\u015fam\u0131n\u0131 yitirdi. B\u00f6lgedeki askeri hareketlilik ve ya\u015fanan can kay\u0131plar\u0131, uluslararas\u0131 kamuoyunun dikkatini bu kritik geli\u015fmeye \u00e7ekiyor.<\/p>\n","protected":false},"excerpt":{"rendered":"<p>Tahran \u015eiddetli Patlamalarla Sars\u0131ld\u0131: ABD ve \u0130srail&#8217;den \u0130ran&#8217;a Yeni Hava Sald\u0131r\u0131s\u0131 ABD ve \u0130srail ordular\u0131n\u0131n \u0130ran&#8217;a y\u00f6nelik yeni bir hava sald\u0131r\u0131s\u0131 ba\u015flatt\u0131\u011f\u0131n\u0131 duyurmas\u0131n\u0131n ard\u0131ndan, ba\u015fkent Tahran&#8217;da art arda \u015fiddetli patlamalar meydana geldi. Bu son geli\u015fmeler, b\u00f6lgedeki tansiyonu daha da y\u00fckseltirken, \u0130ran bas\u0131n\u0131nda da geni\u015f yer buldu. Tahran Yeniden Hedef Oldu: Kentte Patlamalar Ya\u015fan\u0131yor \u0130ran bas\u0131n\u0131n\u0131n [&hellip;]<\/p>\n","protected":false},"author":0,"featured_media":2119,"comment_status":"open","ping_status":"open","sticky":false,"template":"","format":"standard","meta":{"footnotes":""},"categories":[15],"tags":[94,95,213,90,92,156],"class_list":["post-2118","post","type-post","status-publish","format-standard","has-post-thumbnail","hentry","category-gundem","tag-dunya","tag-iran","tag-israil","tag-politika","tag-tahran","tag-uluslararasi-iliskiler"],"_links":{"self":[{"href":"https:\/\/sunpress4.com\/index.php\/wp-json\/wp\/v2\/posts\/2118","targetHints":{"allow":["GET"]}}],"collection":[{"href":"https:\/\/sunpress4.com\/index.php\/wp-json\/wp\/v2\/posts"}],"about":[{"href":"https:\/\/sunpress4.com\/index.php\/wp-json\/wp\/v2\/types\/post"}],"replies":[{"embeddable":true,"href":"https:\/\/sunpress4.com\/index.php\/wp-json\/wp\/v2\/comments?post=2118"}],"version-history":[{"count":1,"href":"https:\/\/sunpress4.com\/index.php\/wp-json\/wp\/v2\/posts\/2118\/revisions"}],"predecessor-version":[{"id":2121,"href":"https:\/\/sunpress4.com\/index.php\/wp-json\/wp\/v2\/posts\/2118\/revisions\/2121"}],"wp:featuredmedia":[{"embeddable":true,"href":"https:\/\/sunpress4.com\/index.php\/wp-json\/wp\/v2\/media\/2119"}],"wp:attachment":[{"href":"https:\/\/sunpress4.com\/index.php\/wp-json\/wp\/v2\/media?parent=2118"}],"wp:term":[{"taxonomy":"category","embeddable":true,"href":"https:\/\/sunpress4.com\/index.php\/wp-json\/wp\/v2\/categories?post=2118"},{"taxonomy":"post_tag","embeddable":true,"href":"https:\/\/sunpress4.com\/index.php\/wp-json\/wp\/v2\/tags?post=2118"}],"curies":[{"name":"wp","href":"https:\/\/api.w.org\/{rel}","templated":true}]}}