{"id":2122,"date":"2026-03-05T00:00:39","date_gmt":"2026-03-04T21:00:39","guid":{"rendered":"https:\/\/sunpress4.com\/index.php\/2026\/03\/05\/trump-miamide-latin-amerika-ulkelerinin-liderlerini-agirlayacak\/"},"modified":"2026-03-05T00:00:42","modified_gmt":"2026-03-04T21:00:42","slug":"trump-miamide-latin-amerika-ulkelerinin-liderlerini-agirlayacak","status":"publish","type":"post","link":"https:\/\/sunpress4.com\/index.php\/2026\/03\/05\/trump-miamide-latin-amerika-ulkelerinin-liderlerini-agirlayacak\/","title":{"rendered":"Trump, Miami&#8217;de Latin Amerika \u00fclkelerinin liderlerini a\u011f\u0131rlayacak"},"content":{"rendered":"<h1>Trump Miami&#8217;de Latin Amerika Liderlerini A\u011f\u0131rl\u0131yor: B\u00f6lgesel G\u00fcvenlik ve G\u00f6\u00e7 G\u00fcndemde<\/h1>\n<p>ABD Ba\u015fkan\u0131 Donald Trump, bu hafta sonu Florida&#8217;n\u0131n Miami kentinde Latin Amerika \u00fclkelerinin liderleriyle kritik bir zirveye ev sahipli\u011fi yapmaya haz\u0131rlan\u0131yor. \u0130ran ile ya\u015fanan gerginliklerin de d\u00fcnya g\u00fcndemini me\u015fgul etti\u011fi bir d\u00f6nemde ger\u00e7ekle\u015fecek bu \u00f6nemli toplant\u0131, Bat\u0131 Yar\u0131mk\u00fcre&#8217;deki i\u015f birli\u011fini ve b\u00f6lgesel sorunlara \u00e7\u00f6z\u00fcm aray\u0131\u015f\u0131n\u0131 mercek alt\u0131na alacak.<\/p>\n<h2>Beyaz Saray Duyurusu: Trump, 11 \u00dclkenin Ba\u015fkan\u0131n\u0131 A\u011f\u0131rl\u0131yor<\/h2>\n<p>Beyaz Saray Bas\u0131n S\u00f6zc\u00fcs\u00fc Karoline Leavitt&#8217;in a\u00e7\u0131klamas\u0131na g\u00f6re, Ba\u015fkan Trump Cumartesi g\u00fcn\u00fc Miami&#8217;de, Bat\u0131 Yar\u0131mk\u00fcre&#8217;den tam 11 \u00fclkenin devlet ba\u015fkan\u0131n\u0131 bir araya getirecek. Leavitt, yap\u0131lan bu davetleri &#8220;Ba\u015fkan&#8217;\u0131n Cumartesi g\u00fcn\u00fc Florida&#8217;n\u0131n Miami kentinde Bat\u0131 Yar\u0131mk\u00fcre&#8217;deki 11 \u00fclkenin devlet ba\u015fkanlar\u0131n\u0131 a\u011f\u0131rlayaca\u011f\u0131n\u0131 duyurmaktan memnuniyet duyuyorum&#8221; s\u00f6zleriyle kamuoyuna duyurdu. Bu zirvenin, ABD&#8217;nin b\u00f6lgeyle diplomatik ve stratejik ba\u011flar\u0131n\u0131 g\u00fc\u00e7lendirme amac\u0131n\u0131 ta\u015f\u0131d\u0131\u011f\u0131 belirtiliyor.<\/p>\n<h2>Miami Zirvesine Kat\u0131lacak \u00d6nemli \u0130simler ve \u00dclkeler<\/h2>\n<p>Trump&#8217;\u0131n ev sahipli\u011fi yapaca\u011f\u0131 bu prestijli zirveye Arjantin, Bolivya, \u015eili, Kosta Rika, Dominik Cumhuriyeti, Ekvador, El Salvador, Honduras, Panama, Paraguay ve Trinidad ve Tobago&#8217;nun liderleri davet edildi. Toplant\u0131ya ayr\u0131ca baz\u0131 di\u011fer \u00fclkelerden temsilcilerin de kat\u0131l\u0131m g\u00f6stermesi bekleniyor. \u00d6zellikle, Ba\u015fkan Trump&#8217;a olan yak\u0131nl\u0131klar\u0131 ve politik duru\u015flar\u0131yla bilinen El Salvador Devlet Ba\u015fkan\u0131 Nayib Bukele ile Arjantin Devlet Ba\u015fkan\u0131 Javier Milei&#8217;nin kat\u0131l\u0131mlar\u0131, dikkat \u00e7eken noktalar aras\u0131nda yer al\u0131yor. Bu kat\u0131l\u0131m, siyasi arenada Trump&#8217;\u0131n b\u00f6lgedeki etkisini de g\u00f6zler \u00f6n\u00fcne seriyor.<\/p>\n<h2>Zirvenin G\u00fcndemi: G\u00f6\u00e7, G\u00fcvenlik ve Su\u00e7 \u00d6rg\u00fctleriyle M\u00fccadele<\/h2>\n<p>Miami&#8217;deki zirvenin ana g\u00fcndem maddeleri, Bat\u0131 Yar\u0131mk\u00fcre&#8217;nin kar\u015f\u0131 kar\u015f\u0131ya oldu\u011fu kritik sorunlar\u0131 kaps\u0131yor. Toplant\u0131da, s\u0131n\u0131r \u00f6tesi su\u00e7 \u00e7eteleriyle m\u00fccadele stratejileri, d\u00fczensiz g\u00f6\u00e7\u00fcn \u00f6nlenmesi ve b\u00f6lgesel g\u00fcvenlik i\u015f birli\u011finin art\u0131r\u0131lmas\u0131 konular\u0131 detayl\u0131 bir \u015fekilde masaya yat\u0131r\u0131lacak. Bu diplomatik bulu\u015fman\u0131n, ABD ile Latin Amerika \u00fclkeleri aras\u0131ndaki mevcut i\u015f birli\u011fini daha da peki\u015ftirmesi ve ortak sorunlara kal\u0131c\u0131 \u00e7\u00f6z\u00fcmler \u00fcretme yolunda \u00f6nemli bir ad\u0131m olmas\u0131 \u00f6ng\u00f6r\u00fcl\u00fcyor.<\/p>\n<p>Elif Ye\u015fil, Haberler.com<\/p>\n","protected":false},"excerpt":{"rendered":"<p>Trump Miami&#8217;de Latin Amerika Liderlerini A\u011f\u0131rl\u0131yor: B\u00f6lgesel G\u00fcvenlik ve G\u00f6\u00e7 G\u00fcndemde ABD Ba\u015fkan\u0131 Donald Trump, bu hafta sonu Florida&#8217;n\u0131n Miami kentinde Latin Amerika \u00fclkelerinin liderleriyle kritik bir zirveye ev sahipli\u011fi yapmaya haz\u0131rlan\u0131yor. \u0130ran ile ya\u015fanan gerginliklerin de d\u00fcnya g\u00fcndemini me\u015fgul etti\u011fi bir d\u00f6nemde ger\u00e7ekle\u015fecek bu \u00f6nemli toplant\u0131, Bat\u0131 Yar\u0131mk\u00fcre&#8217;deki i\u015f birli\u011fini ve b\u00f6lgesel sorunlara \u00e7\u00f6z\u00fcm [&hellip;]<\/p>\n","protected":false},"author":0,"featured_media":2123,"comment_status":"open","ping_status":"open","sticky":false,"template":"","format":"standard","meta":{"footnotes":""},"categories":[15],"tags":[182,158,94,268,91,95,454,455,89,90,156],"class_list":["post-2122","post","type-post","status-publish","format-standard","has-post-thumbnail","hentry","category-gundem","tag-beyaz-saray","tag-donald-trump","tag-dunya","tag-florida","tag-guvenlik","tag-iran","tag-latin-amerika","tag-miami","tag-orta-dogu","tag-politika","tag-uluslararasi-iliskiler"],"_links":{"self":[{"href":"https:\/\/sunpress4.com\/index.php\/wp-json\/wp\/v2\/posts\/2122","targetHints":{"allow":["GET"]}}],"collection":[{"href":"https:\/\/sunpress4.com\/index.php\/wp-json\/wp\/v2\/posts"}],"about":[{"href":"https:\/\/sunpress4.com\/index.php\/wp-json\/wp\/v2\/types\/post"}],"replies":[{"embeddable":true,"href":"https:\/\/sunpress4.com\/index.php\/wp-json\/wp\/v2\/comments?post=2122"}],"version-history":[{"count":1,"href":"https:\/\/sunpress4.com\/index.php\/wp-json\/wp\/v2\/posts\/2122\/revisions"}],"predecessor-version":[{"id":2127,"href":"https:\/\/sunpress4.com\/index.php\/wp-json\/wp\/v2\/posts\/2122\/revisions\/2127"}],"wp:featuredmedia":[{"embeddable":true,"href":"https:\/\/sunpress4.com\/index.php\/wp-json\/wp\/v2\/media\/2123"}],"wp:attachment":[{"href":"https:\/\/sunpress4.com\/index.php\/wp-json\/wp\/v2\/media?parent=2122"}],"wp:term":[{"taxonomy":"category","embeddable":true,"href":"https:\/\/sunpress4.com\/index.php\/wp-json\/wp\/v2\/categories?post=2122"},{"taxonomy":"post_tag","embeddable":true,"href":"https:\/\/sunpress4.com\/index.php\/wp-json\/wp\/v2\/tags?post=2122"}],"curies":[{"name":"wp","href":"https:\/\/api.w.org\/{rel}","templated":true}]}}