{"id":2143,"date":"2026-03-06T00:00:30","date_gmt":"2026-03-05T21:00:30","guid":{"rendered":"https:\/\/sunpress4.com\/index.php\/2026\/03\/06\/fatih-tekke-bu-ekip-alkisi-hak-etti-ve-etmeye-devam-ediyor\/"},"modified":"2026-03-06T00:00:31","modified_gmt":"2026-03-05T21:00:31","slug":"fatih-tekke-bu-ekip-alkisi-hak-etti-ve-etmeye-devam-ediyor","status":"publish","type":"post","link":"https:\/\/sunpress4.com\/index.php\/2026\/03\/06\/fatih-tekke-bu-ekip-alkisi-hak-etti-ve-etmeye-devam-ediyor\/","title":{"rendered":"Fatih Tekke: Bu ekip alk\u0131\u015f\u0131 hak etti ve etmeye devam ediyor"},"content":{"rendered":"<p>Trabzonspor y\u00f6netimi, teknik ekip ve bas\u0131n mensuplar\u0131n\u0131 bir araya getirdi\u011fi iftar program\u0131nda kul\u00fcb\u00fcn g\u00fcndemindeki \u00f6nemli konular\u0131 de\u011ferlendirdi. Asba\u015fkan Zeyyat Kafkas, Genel Sekreter Sami Karaman ve Teknik Direkt\u00f6r Fatih Tekke&#8217;nin kat\u0131l\u0131m\u0131yla ger\u00e7ekle\u015fen organizasyonda dikkat \u00e7eken a\u00e7\u0131klamalar yap\u0131ld\u0131.<\/p>\n<p>Asba\u015fkan Zeyyat Kafkas, taraftarlar\u0131n tepkilerini do\u011fal kar\u015f\u0131lad\u0131klar\u0131n\u0131 belirterek, &#8220;Taraftar\u0131m\u0131z\u0131n tepkisine k\u0131zm\u0131yor, aksine \u00fcz\u00fcl\u00fcyoruz. Ancak futbolun bir s\u00fcre\u00e7 i\u015fi oldu\u011funu ve erken sonu\u00e7lar alman\u0131n zorlu\u011funu unutmamak gerekir. \u015eampiyonluklar b\u00fcy\u00fck yat\u0131r\u0131mlarla bile garanti edilemez,&#8221; s\u00f6zleriyle camiaya mesaj verdi. Oyunculara s\u00fcre\u00e7 devam ederken g\u00f6sterilen tepkilerin motivasyonu olumsuz etkileyebilece\u011fine vurgu yapt\u0131.<\/p>\n<p>Transfer d\u00f6nemine dair a\u00e7\u0131klamalarda bulunan Zeyyat Kafkas, futbolcular\u0131n tak\u0131m i\u00e7indeki de\u011fer alg\u0131s\u0131n\u0131n sahadaki performanslar\u0131na do\u011frudan etki etti\u011fini vurgulad\u0131. \u00d6zellikle Mu\u00e7i&#8217;nin y\u00fckselen grafi\u011fini bu durumla ili\u015fkilendiren Kafkas, &#8220;Oyuncular\u0131n kendilerini de\u011ferli hissetmesi, sahada ekstra bir motivasyon yarat\u0131r. Mu\u00e7i&#8217;nin sergiledi\u011fi performans bunun en somut \u00f6rneklerinden,&#8221; dedi. Son transfer d\u00f6neminde O\u011fuz Aky\u00fcz transferinin kul\u00fcb\u00fcn\u00fcn izni olmamas\u0131 nedeniyle ger\u00e7ekle\u015fmedi\u011fini aktaran Kafkas, bir y\u0131l boyunca y\u00fczlerce oyuncuyla g\u00f6r\u00fc\u015f\u00fcld\u00fc\u011f\u00fcn\u00fc ancak belirlenen mevkilere uygun ko\u015fullar\u0131n sa\u011flanamad\u0131\u011f\u0131n\u0131 da s\u00f6zlerine ekledi, bunun b\u00fcy\u00fck bir emek ve titizlik gerektiren bir s\u00fcre\u00e7 oldu\u011funu ifade etti.<\/p>\n<p>Trabzonspor Teknik Direkt\u00f6r\u00fc Fatih Tekke, camian\u0131n kenetlenmesinin \u00f6nemine de\u011finerek, &#8220;Hep birlikte hareket etmeliyiz. Trabzonspor, birlik ve beraberli\u011fin sembol\u00fcd\u00fcr,&#8221; ifadelerini kulland\u0131. G\u00f6reve ba\u015flad\u0131\u011f\u0131 g\u00fcnden bug\u00fcne kul\u00fcb\u00fcn g\u00f6sterdi\u011fi cesaret ve al\u0131nan kararlarla gelinen noktan\u0131n beklentilerin \u00fczerinde oldu\u011funu belirten Tekke, tak\u0131m\u0131n b\u00fcy\u00fck bir emekle kuruldu\u011funu dile getirdi. Yakla\u015f\u0131k 25 oyuncuyla yollar\u0131n ayr\u0131ld\u0131\u011f\u0131n\u0131 ve yeni transferlerin sakatl\u0131k ile uyum s\u00fcre\u00e7lerine ra\u011fmen olumlu bir tablo \u00e7izildi\u011fini vurgulayarak, bu ekibin alk\u0131\u015f\u0131 fazlas\u0131yla hak etti\u011fini belirtti.<\/p>\n<p>Fatih Tekke, kul\u00fcp i\u00e7indeki herkesin artan umutlar\u0131n\u0131 dile getirerek, bu sezonun gelece\u011fe dair sa\u011flam temeller atma ve umutlar\u0131 ye\u015fertme a\u00e7\u0131s\u0131ndan kritik oldu\u011funu s\u00f6yledi. &#8220;T\u00fcrkiye&#8217;de bu s\u00fcreci sekteye u\u011fratmak \u00e7ok kolay, bu y\u00fczden deste\u011fe her zamankinden daha \u00e7ok ihtiyac\u0131m\u0131z var,&#8221; diyen deneyimli teknik adam, y\u00f6netimle birlikte bir y\u0131ld\u0131r g\u00f6sterilen yo\u011fun eme\u011fin kar\u015f\u0131l\u0131\u011f\u0131n\u0131n al\u0131nd\u0131\u011f\u0131n\u0131 ifade etti. Taraftarlar\u0131n b\u00fcy\u00fck ma\u00e7larda galibiyet beklentisinin fark\u0131nda olduklar\u0131n\u0131 belirten Tekke, mevcut kadronun alk\u0131\u015f\u0131 fazlas\u0131yla hak etti\u011fini ekledi.<\/p>\n<p>Ba\u015far\u0131y\u0131 yaln\u0131zca kupalarla s\u0131n\u0131rlamamak gerekti\u011fini vurgulayan Tekke, camiaya seslenerek, &#8220;Trabzon ve Trabzonspor&#8217;u sevmek, aidiyet duygusu ve ge\u00e7mi\u015fe sahip \u00e7\u0131kmak sadece kupa kazanmakla ilgili de\u011fildir. Bu renklerin, ya\u015fananlar\u0131n ve fedakarl\u0131klar\u0131n derin bir anlam\u0131 var,&#8221; dedi. Her \u015fartta taraftar deste\u011finin hayati oldu\u011funu belirten Tekke, gen\u00e7 oyuncular i\u00e7in bu birlikteli\u011fin \u00e7ok \u00f6nemli oldu\u011funa dikkat \u00e7ekerek, tepkiler kar\u015f\u0131s\u0131nda gerekli aksiyonlar\u0131n al\u0131naca\u011f\u0131n\u0131n g\u00fcvencesini verdi ancak tam bir b\u00fct\u00fcnle\u015fmeye ihtiya\u00e7 duyuldu\u011funu yineledi.<\/p>\n<p>Teknik Direkt\u00f6r Tekke, golc\u00fc oyuncu Paul Onuachu&#8217;nun performans\u0131n\u0131 de\u011ferlendirirken, onun tak\u0131m oyununa katk\u0131s\u0131n\u0131n att\u0131\u011f\u0131 gollerin \u00f6tesinde oldu\u011funu ifade etti. &#8220;Onuachu&#8217;nun basit top kay\u0131plar\u0131n\u0131 minimize etmesi, gol say\u0131s\u0131n\u0131 daha da art\u0131rabilir,&#8221; diyen Tekke, tecr\u00fcbeli bir futbolcu olarak Onuachu&#8217;nun art\u0131k &#8216;\u00f6\u011f\u00fctlerden&#8217; ziyade istikrarl\u0131 performans\u0131n\u0131 s\u00fcrd\u00fcrmeye odaklanmas\u0131 gerekti\u011fini belirtti. Onun tak\u0131m i\u00e7in \u00e7ok de\u011ferli bir isim oldu\u011funu vurgulad\u0131.<\/p>\n<p>Tak\u0131mdaki sakatl\u0131klar ve oyuncular\u0131n g\u00fcncel sa\u011fl\u0131k durumlar\u0131 hakk\u0131nda da bilgi veren Fatih Tekke, Tim Jabol-Folcarelli&#8217;nin durumunun yak\u0131ndan takip edildi\u011fini bildirdi. Folcarelli&#8217;nin fizikselden ziyade psikolojik endi\u015felerle m\u00fccadele etti\u011fini belirten Tekke, bu durumu diyalog yoluyla a\u015fmaya \u00e7al\u0131\u015ft\u0131klar\u0131n\u0131 ve futbolcunun gelece\u011finin &#8220;biraz soru i\u015fareti&#8221; oldu\u011funu dile getirdi. Benjamin Mendy&#8217;nin bile\u011findeki darbe nedeniyle antrenmanlara kat\u0131lamad\u0131\u011f\u0131n\u0131 ancak k\u0131sa s\u00fcrede tak\u0131ma d\u00f6nece\u011fini umdu\u011funu aktaran Tekke, Oleksandr Zubkov&#8217;un ise sakatl\u0131ktan sonra yava\u015f yava\u015f s\u00fcre almaya ba\u015flad\u0131\u011f\u0131n\u0131 belirtti. Stefan Savic&#8217;in ge\u00e7irdi\u011fi hastal\u0131\u011f\u0131n ciddi olmad\u0131\u011f\u0131n\u0131 da s\u00f6zlerine ekledi.<\/p>\n<p>Ernest Mu\u00e7i&#8217;nin performans\u0131n\u0131 de\u011ferlendiren Fatih Tekke, gen\u00e7 oyuncunun sahadaki gayretine ve antrenmanlardaki isteklili\u011fine \u00f6vg\u00fcler ya\u011fd\u0131rd\u0131. &#8220;Mu\u00e7i&#8217;de hen\u00fcz ke\u015ffedilmemi\u015f \u00e7ok daha fazlas\u0131 var,&#8221; diyen Tekke, onu bazen farkl\u0131 mevkilerde oynatmak zorunda kalsalar da her zaman elinden gelenin en iyisini yapt\u0131\u011f\u0131n\u0131 belirtti. Mu\u00e7i&#8217;nin s\u00fcreklilik a\u00e7\u0131s\u0131ndan \u00e7ok iyi bir grafik \u00e7izdi\u011fini ve Avrupa seviyesinde hem karakter hem de performansa sahip bir futbolcu oldu\u011funu vurgulad\u0131.<\/p>\n<p>Andre Onana&#8217;ya y\u00f6nelik ele\u015ftirilere yan\u0131t veren Fatih Tekke, Onana&#8217;n\u0131n sadece sahadaki performans\u0131ndan de\u011fil, ayn\u0131 zamanda kul\u00fcp i\u00e7erisindeki varl\u0131\u011f\u0131ndan da memnuniyet duydu\u011funu dile getirdi. &#8220;Onana, karakter olarak son derece pozitif bir futbolcu,&#8221; diyen Tekke, d\u00fcnyan\u0131n en b\u00fcy\u00fck tak\u0131mlar\u0131ndan birinden gelip yeni bir ortama adapte olman\u0131n zorluklar\u0131na dikkat \u00e7ekti. Onana&#8217;n\u0131n Trabzonspor&#8217;da kendini iyi ve mutlu hissetti\u011fini belirten Tekke, oyuncunun gelece\u011fiyle ilgili karar\u0131 ise tamamen kendisine b\u0131rakacaklar\u0131n\u0131 ifade etti.<\/p>\n","protected":false},"excerpt":{"rendered":"<p>Trabzonspor y\u00f6netimi, teknik ekip ve bas\u0131n mensuplar\u0131n\u0131 bir araya getirdi\u011fi iftar program\u0131nda kul\u00fcb\u00fcn g\u00fcndemindeki \u00f6nemli konular\u0131 de\u011ferlendirdi. Asba\u015fkan Zeyyat Kafkas, Genel Sekreter Sami Karaman ve Teknik Direkt\u00f6r Fatih Tekke&#8217;nin kat\u0131l\u0131m\u0131yla ger\u00e7ekle\u015fen organizasyonda dikkat \u00e7eken a\u00e7\u0131klamalar yap\u0131ld\u0131. Asba\u015fkan Zeyyat Kafkas, taraftarlar\u0131n tepkilerini do\u011fal kar\u015f\u0131lad\u0131klar\u0131n\u0131 belirterek, &#8220;Taraftar\u0131m\u0131z\u0131n tepkisine k\u0131zm\u0131yor, aksine \u00fcz\u00fcl\u00fcyoruz. Ancak futbolun bir s\u00fcre\u00e7 i\u015fi oldu\u011funu [&hellip;]<\/p>\n","protected":false},"author":0,"featured_media":2144,"comment_status":"open","ping_status":"open","sticky":false,"template":"","format":"standard","meta":{"footnotes":""},"categories":[32],"tags":[],"class_list":["post-2143","post","type-post","status-publish","format-standard","has-post-thumbnail","hentry","category-spor"],"_links":{"self":[{"href":"https:\/\/sunpress4.com\/index.php\/wp-json\/wp\/v2\/posts\/2143","targetHints":{"allow":["GET"]}}],"collection":[{"href":"https:\/\/sunpress4.com\/index.php\/wp-json\/wp\/v2\/posts"}],"about":[{"href":"https:\/\/sunpress4.com\/index.php\/wp-json\/wp\/v2\/types\/post"}],"replies":[{"embeddable":true,"href":"https:\/\/sunpress4.com\/index.php\/wp-json\/wp\/v2\/comments?post=2143"}],"version-history":[{"count":1,"href":"https:\/\/sunpress4.com\/index.php\/wp-json\/wp\/v2\/posts\/2143\/revisions"}],"predecessor-version":[{"id":2145,"href":"https:\/\/sunpress4.com\/index.php\/wp-json\/wp\/v2\/posts\/2143\/revisions\/2145"}],"wp:featuredmedia":[{"embeddable":true,"href":"https:\/\/sunpress4.com\/index.php\/wp-json\/wp\/v2\/media\/2144"}],"wp:attachment":[{"href":"https:\/\/sunpress4.com\/index.php\/wp-json\/wp\/v2\/media?parent=2143"}],"wp:term":[{"taxonomy":"category","embeddable":true,"href":"https:\/\/sunpress4.com\/index.php\/wp-json\/wp\/v2\/categories?post=2143"},{"taxonomy":"post_tag","embeddable":true,"href":"https:\/\/sunpress4.com\/index.php\/wp-json\/wp\/v2\/tags?post=2143"}],"curies":[{"name":"wp","href":"https:\/\/api.w.org\/{rel}","templated":true}]}}