{"id":2187,"date":"2026-03-08T00:00:22","date_gmt":"2026-03-07T21:00:22","guid":{"rendered":"https:\/\/sunpress4.com\/index.php\/2026\/03\/08\/besiktas-ikinci-baskani-hakan-daltaban-hakem-adina-utandim\/"},"modified":"2026-03-08T00:00:23","modified_gmt":"2026-03-07T21:00:23","slug":"besiktas-ikinci-baskani-hakan-daltaban-hakem-adina-utandim","status":"publish","type":"post","link":"https:\/\/sunpress4.com\/index.php\/2026\/03\/08\/besiktas-ikinci-baskani-hakan-daltaban-hakem-adina-utandim\/","title":{"rendered":"Be\u015fikta\u015f \u0130kinci Ba\u015fkan\u0131 Hakan Daltaban: &#8216;Hakem ad\u0131na utand\u0131m&#8217;"},"content":{"rendered":"<p>Trendyol S\u00fcper Lig&#8217;in 25. haftas\u0131nda Galatasaray&#8217;a kendi sahas\u0131nda 1-0 ma\u011flup olan Be\u015fikta\u015f&#8217;ta, Siyah-Beyazl\u0131 kul\u00fcb\u00fcn \u0130kinci Ba\u015fkan\u0131 Hakan Daltaban, ma\u00e7 sonras\u0131 \u00e7arp\u0131c\u0131 a\u00e7\u0131klamalarda bulundu. Daltaban, \u00f6zellikle kar\u015f\u0131la\u015fman\u0131n hakemi ve VAR sistemiyle ilgili sert ele\u015ftiriler y\u00f6neltti.<\/p>\n<p>Ma\u00e7\u0131n ard\u0131ndan derin bir \u00fcz\u00fcnt\u00fc ve s\u0131k\u0131nt\u0131yla konu\u015ftu\u011funu belirten Hakan Daltaban, Be\u015fikta\u015f&#8217;\u0131n sadece bir spor kul\u00fcb\u00fc de\u011fil, k\u00f6kl\u00fc ve b\u00fcy\u00fck bir camia oldu\u011funu vurgulad\u0131. T\u00fcrk futbolundaki gidi\u015fata dikkat \u00e7eken Daltaban, &#8220;Futbolda oynamak isteyene yol a\u00e7\u0131laca\u011f\u0131 \u00f6\u011fretildi, \u00f6n\u00fcn\u00fcn kesilmeyece\u011fi \u00f6\u011fretildi. Bug\u00fcn bunu g\u00f6remedik,&#8221; ifadelerini kulland\u0131. Yerde yatan oyunculara yap\u0131lan m\u00fcdahalelerin ve di\u011fer yandan ger\u00e7ekle\u015fen faullerin g\u00f6z ard\u0131 edildi\u011fini savunan Daltaban, derbiyi y\u00f6netecek hakem atamas\u0131ndaki belirsizli\u011fe de de\u011findi. &#8220;\u00d6ncelikle i\u011fneyi kendimize, \u00e7uvald\u0131z\u0131 ba\u015fkas\u0131na bat\u0131rmal\u0131y\u0131z,&#8221; diyerek \u00f6zele\u015ftiri \u00e7a\u011fr\u0131s\u0131nda bulundu. Gen\u00e7 hakemlerin desteklenmesi gerekti\u011fini ancak onlar\u0131n da \u00f6n\u00fcn\u00fcn a\u00e7\u0131lmas\u0131n\u0131n \u00f6nemini vurgulayan Daltaban, hakemlerin asla ba\u015frol olmamas\u0131 gerekti\u011fini belirterek, &#8220;Sahadaki hakemi hi\u00e7 anlamad\u0131m. Bu, ma\u011flubiyet bahanesi de\u011fil, T\u00fcrk futbolunun adaleti i\u00e7in konu\u015fuyorum,&#8221; s\u00f6zleriyle ele\u015ftirilerini s\u00fcrd\u00fcrd\u00fc.<\/p>\n<p>Kar\u015f\u0131la\u015fman\u0131n hakemi Ozan Erg\u00fcn&#8217;\u00fcn kararlar\u0131n\u0131 detayland\u0131ran Daltaban, Orkun K\u00f6k\u00e7\u00fc&#8217;ye alk\u0131\u015f nedeniyle g\u00f6sterilen sar\u0131 kart\u0131n do\u011fru oldu\u011funu belirtirken, bir ba\u015fka pozisyonu \u00f6rnek g\u00f6sterdi. Daltaban, &#8220;Victor Osimhen&#8217;in sar\u0131s\u0131 varken topa vurdu. Osimhen&#8217;i iyi izleyin, &#8216;Vurdum ama seni takm\u0131yorum&#8217; dedi. Hakem kafas\u0131n\u0131 \u00e7evirdi, g\u00f6rmemeye \u00e7al\u0131\u015ft\u0131. Hakem ad\u0131na utand\u0131m,&#8221; ifadelerini kulland\u0131. Sahadaki otoriteyi hi\u00e7e sayan ve ikinci sar\u0131 kart g\u00f6rme endi\u015fesi ta\u015f\u0131mayan bir oyuncu oldu\u011funu, ancak hakemin buna m\u00fcdahale etmedi\u011fini belirtti.<\/p>\n<p>Be\u015fikta\u015f \u0130kinci Ba\u015fkan\u0131 Hakan Daltaban, derbinin sonucunun adil olmad\u0131\u011f\u0131n\u0131 ve Galatasaray&#8217;\u0131n ma\u00e7\u0131 8 ki\u015fi tamamlamas\u0131 gerekti\u011fini iddia etti. Bu t\u00fcr olaylar\u0131n bir camian\u0131n ikinci ba\u015fkan\u0131n\u0131 bu denli \u00f6fkelendirmesinin &#8220;ay\u0131p&#8221; oldu\u011funu dile getiren Daltaban, &#8220;Bu kadar insan\u0131n duygular\u0131yla oynayamazs\u0131n\u0131z,&#8221; diyerek T\u00fcrk futbol camias\u0131na seslendi.<\/p>\n<p>S\u00f6zlerini VAR sistemiyle ilgili ele\u015ftirilerle sonland\u0131ran Hakan Daltaban, hakemin Osimhen pozisyonunu g\u00f6rmezden gelme \u00e7abas\u0131n\u0131n kendisini utand\u0131rd\u0131\u011f\u0131n\u0131 yineledi. &#8220;VAR \u00e7ocuk oyunca\u011f\u0131na d\u00f6nd\u00fc. Yapam\u0131yorsan\u0131z, kald\u0131r\u0131n. Kald\u0131r\u0131n abi. \u00c7ok basit ya,&#8221; diyerek sistemin etkinli\u011fini sorgulad\u0131 ve kald\u0131r\u0131lmas\u0131 y\u00f6n\u00fcnde \u00e7a\u011fr\u0131da bulundu.<\/p>\n","protected":false},"excerpt":{"rendered":"<p>Trendyol S\u00fcper Lig&#8217;in 25. haftas\u0131nda Galatasaray&#8217;a kendi sahas\u0131nda 1-0 ma\u011flup olan Be\u015fikta\u015f&#8217;ta, Siyah-Beyazl\u0131 kul\u00fcb\u00fcn \u0130kinci Ba\u015fkan\u0131 Hakan Daltaban, ma\u00e7 sonras\u0131 \u00e7arp\u0131c\u0131 a\u00e7\u0131klamalarda bulundu. Daltaban, \u00f6zellikle kar\u015f\u0131la\u015fman\u0131n hakemi ve VAR sistemiyle ilgili sert ele\u015ftiriler y\u00f6neltti. Ma\u00e7\u0131n ard\u0131ndan derin bir \u00fcz\u00fcnt\u00fc ve s\u0131k\u0131nt\u0131yla konu\u015ftu\u011funu belirten Hakan Daltaban, Be\u015fikta\u015f&#8217;\u0131n sadece bir spor kul\u00fcb\u00fc de\u011fil, k\u00f6kl\u00fc ve b\u00fcy\u00fck bir [&hellip;]<\/p>\n","protected":false},"author":0,"featured_media":2189,"comment_status":"open","ping_status":"open","sticky":false,"template":"","format":"standard","meta":{"footnotes":""},"categories":[32],"tags":[],"class_list":["post-2187","post","type-post","status-publish","format-standard","has-post-thumbnail","hentry","category-spor"],"_links":{"self":[{"href":"https:\/\/sunpress4.com\/index.php\/wp-json\/wp\/v2\/posts\/2187","targetHints":{"allow":["GET"]}}],"collection":[{"href":"https:\/\/sunpress4.com\/index.php\/wp-json\/wp\/v2\/posts"}],"about":[{"href":"https:\/\/sunpress4.com\/index.php\/wp-json\/wp\/v2\/types\/post"}],"replies":[{"embeddable":true,"href":"https:\/\/sunpress4.com\/index.php\/wp-json\/wp\/v2\/comments?post=2187"}],"version-history":[{"count":1,"href":"https:\/\/sunpress4.com\/index.php\/wp-json\/wp\/v2\/posts\/2187\/revisions"}],"predecessor-version":[{"id":2190,"href":"https:\/\/sunpress4.com\/index.php\/wp-json\/wp\/v2\/posts\/2187\/revisions\/2190"}],"wp:featuredmedia":[{"embeddable":true,"href":"https:\/\/sunpress4.com\/index.php\/wp-json\/wp\/v2\/media\/2189"}],"wp:attachment":[{"href":"https:\/\/sunpress4.com\/index.php\/wp-json\/wp\/v2\/media?parent=2187"}],"wp:term":[{"taxonomy":"category","embeddable":true,"href":"https:\/\/sunpress4.com\/index.php\/wp-json\/wp\/v2\/categories?post=2187"},{"taxonomy":"post_tag","embeddable":true,"href":"https:\/\/sunpress4.com\/index.php\/wp-json\/wp\/v2\/tags?post=2187"}],"curies":[{"name":"wp","href":"https:\/\/api.w.org\/{rel}","templated":true}]}}