{"id":2295,"date":"2026-03-12T00:00:35","date_gmt":"2026-03-11T21:00:35","guid":{"rendered":"https:\/\/sunpress4.com\/index.php\/2026\/03\/12\/canli-real-madrid-manchester-city-maci-canli-skor-takibi-uefa-sampiyonlar-ligi-arda-guler-ilk-11de\/"},"modified":"2026-03-12T00:00:36","modified_gmt":"2026-03-11T21:00:36","slug":"canli-real-madrid-manchester-city-maci-canli-skor-takibi-uefa-sampiyonlar-ligi-arda-guler-ilk-11de","status":"publish","type":"post","link":"https:\/\/sunpress4.com\/index.php\/2026\/03\/12\/canli-real-madrid-manchester-city-maci-canli-skor-takibi-uefa-sampiyonlar-ligi-arda-guler-ilk-11de\/","title":{"rendered":"CANLI |Real Madrid-Manchester City ma\u00e7\u0131 canl\u0131 skor takibi (UEFA \u015eampiyonlar Ligi, Arda G\u00fcler ilk 11&#8217;de)"},"content":{"rendered":"<h2>Real Madrid &#8211; Manchester City \u015eampiyonlar Ligi D\u00fcellosunda \u0130lk Yar\u0131 F\u0131rt\u0131nas\u0131: Valverde Hat-trick Yapt\u0131!<\/h2>\n<p>UEFA \u015eampiyonlar Ligi Son 16 Turu&#8217;nda futbol d\u00fcnyas\u0131n\u0131n nefesini tutarak bekledi\u011fi dev kar\u015f\u0131la\u015fma, Real Madrid ile Manchester City aras\u0131nda Santiago Bernabeu&#8217;da ba\u015flad\u0131. Erken final tad\u0131ndaki bu m\u00fccadelede, ilk yar\u0131 ev sahibi Real Madrid&#8217;in Fede Valverde \u015fovuyla 3-0&#8217;l\u0131k \u00fcst\u00fcnl\u00fc\u011f\u00fcyle sona erdi. Ma\u00e7 \u00f6ncesi yap\u0131lan de\u011ferlendirmeler ve ilk 45 dakikan\u0131n t\u00fcm detaylar\u0131 bu \u00f6zel haberimizde.<\/p>\n<h3>Santiago Bernabeu&#8217;da Fede Valverde R\u00fczgar\u0131: \u00dc\u00e7 Golle \u0130lk Yar\u0131ya Damga Vurdu<\/h3>\n<p>Ma\u00e7\u0131n ba\u015f\u0131ndan itibaren \u00fcst\u00fcn bir performans sergileyen Real Madrid, golleri gen\u00e7 y\u0131ld\u0131z\u0131 Fede Valverde ile buldu. Kar\u015f\u0131la\u015fman\u0131n 20. dakikas\u0131nda sahneye \u00e7\u0131kan Valverde, Courtois&#8217;n\u0131n uzun pas\u0131n\u0131 iyi de\u011ferlendirdi. Sa\u011f kanatta O&#8217;Reilly&#8217;i ge\u00e7ip ceza sahas\u0131na sokuldu ve kalesinden \u00e7\u0131kan Donnarumma&#8217;y\u0131 da \u00e7al\u0131mlayarak bo\u015f kaleye topu g\u00f6nderdi ve tak\u0131m\u0131n\u0131 1-0 \u00f6ne ge\u00e7irdi.<\/p>\n<p>Eflatun-beyazl\u0131lar, bu gol\u00fcn sadece yedi dakika sonras\u0131nda, 27. dakikada fark\u0131 ikiye \u00e7\u0131kard\u0131. Diaz&#8217;\u0131n orta alandan ba\u015flatt\u0131\u011f\u0131 atakta Vinicius, sol kanattan ceza sahas\u0131na ara pas\u0131n\u0131 att\u0131. Savunmadan seken topu \u00f6n\u00fcnde bulan Valverde, sol \u00e7aprazdan yapt\u0131\u011f\u0131 \u015f\u0131k vuru\u015fla me\u015fin yuvarla\u011f\u0131 Donnarumma&#8217;n\u0131n m\u00fcdahalesine ra\u011fmen a\u011flarla bulu\u015fturdu: 2-0.<\/p>\n<p>\u0130lk yar\u0131n\u0131n sonlar\u0131na do\u011fru, 42. dakikada Fede Valverde bir kez daha sahneye \u00e7\u0131karak hat-trick yapt\u0131 ve skoru 3-0&#8217;a getirdi. Arda&#8217;n\u0131n sa\u011f kanada pas\u0131yla ba\u015flayan atakta Thiago, topu ceza sahas\u0131nda Diaz&#8217;a aktard\u0131. Diaz&#8217;\u0131n \u015fut denemesi sonras\u0131 seken topu Guehi&#8217;den kurtaran Valverde, kale sahas\u0131n\u0131n sa\u011f \u00e7apraz\u0131ndan yapt\u0131\u011f\u0131 vuru\u015fla a\u011flar\u0131 havaland\u0131rd\u0131 ve Bernabeu&#8217;da b\u00fcy\u00fck sevin\u00e7 ya\u015fand\u0131.<\/p>\n<p>\u0130lk yar\u0131da ba\u015fka gol olmazken, Real Madrid soyunma odas\u0131na Manchester City kar\u015f\u0131s\u0131nda 3-0 gibi net bir skorla gitti.<\/p>\n<h3>Ma\u00e7tan \u00d6nemli Anlar ve Kadrolar<\/h3>\n<p>*   <strong>1. Dakika:<\/strong> Madrid&#8217;de dev m\u00fccadele, Manchester City&#8217;nin santras\u0131yla ba\u015flad\u0131.<br \/>\n*   <strong>8. Dakika:<\/strong> Real Madrid, Thiago&#8217;nun pas\u0131yla Vinicius \u00fczerinden etkili geldi. Vinicius&#8217;un ara pas\u0131nda Diaz&#8217;\u0131n ceza sahas\u0131 i\u00e7indeki vuru\u015funu kaleci Donnarumma kurtard\u0131.<\/p>\n<h4>\u0130lk 11&#8217;ler Belli Oldu!<\/h4>\n<p>*   <strong>Real Madrid:<\/strong> Courtois, Trent, R\u00fcdiger, Huijsen, Mendy, Valverde, Tchouameni, Brahim, Pitarch, Arda, Vinicius.<br \/>\n*   <strong>Manchester City:<\/strong> Donnarumma, Khusanov, Dias, Guehi, O&#8217;Reilly, Rodri, Bernardo, Savinho, Semenyo, Doku, Haaland.<\/p>\n<h3>Ma\u00e7 \u00d6ncesi Notlar: Sakatl\u0131klar ve Tak\u0131m Durumlar\u0131<\/h3>\n<p>Bu dev e\u015fle\u015fme \u00f6ncesinde, her iki tak\u0131mda da dikkat \u00e7eken geli\u015fmeler ya\u015fand\u0131.<\/p>\n<h4>Real Madrid&#8217;de \u00d6nemli Eksikler<\/h4>\n<p>Real Madrid, bu kritik Manchester City m\u00fccadelesine kilit oyuncular\u0131ndan yoksun \u00e7\u0131kt\u0131. Kylian Mbappe (diz), Jude Bellingham (arka adale) sakatl\u0131klar\u0131 nedeniyle kadroda yer almazken, Rodrygo (\u00f6n \u00e7apraz ba\u011f), Eder Militao (arka adale), Dani Ceballos ve Alvaro Carreras (her ikisi de bald\u0131r) da \u00e7e\u015fitli sakatl\u0131klar\u0131 sebebiyle bu ma\u00e7\u0131 ka\u00e7\u0131rd\u0131. \u00d6zellikle Mbappe&#8217;nin 17 Mart&#8217;ta oynanacak r\u00f6van\u015f ma\u00e7\u0131nda yer al\u0131p almayaca\u011f\u0131 ise belirsizli\u011fini koruyor.<\/p>\n<h4>Manchester City&#8217;nin Yo\u011fun Fikst\u00fcr\u00fc<\/h4>\n<p>Ge\u00e7ti\u011fimiz sezonun \u015eampiyonlar Ligi \u015fampiyonu Manchester City, lig tablosunda sekizinci s\u0131rada yer alarak bu a\u015famaya otomatik olarak y\u00fckselmi\u015fti. Pep Guardiola&#8217;n\u0131n \u00f6\u011frencileri, d\u00f6rt cephede m\u00fccadele ettikleri yo\u011fun bir ma\u00e7 program\u0131yla bo\u011fu\u015fuyor olsa da, ikinci Avrupa \u015fampiyonlu\u011funu kazanmak i\u00e7in iddial\u0131 bir \u015fekilde yola devam ediyor.<\/p>\n<p>Real Madrid, UEFA \u015eampiyonlar Ligi play-off turunda Benfica&#8217;y\u0131 toplamda 3-1&#8217;lik skorla eleyerek son 16 turuna ad\u0131n\u0131 yazd\u0131rm\u0131\u015f, bu turda ise kar\u015f\u0131s\u0131na Manchester City gibi g\u00fc\u00e7l\u00fc bir rakip \u00e7\u0131km\u0131\u015ft\u0131.<\/p>\n<h3>Kar\u015f\u0131la\u015fma Bilgileri<\/h3>\n<p>*   <strong>Tarih:<\/strong> 11 Mart 2026 \u00c7ar\u015famba<br \/>\n*   <strong>Saat:<\/strong> 23:00<br \/>\n*   <strong>Yay\u0131nc\u0131 Kurulu\u015f:<\/strong> TRT Spor ekranlar\u0131ndan canl\u0131 olarak izleyiciyle bulu\u015ftu.<\/p>\n","protected":false},"excerpt":{"rendered":"<p>Real Madrid &#8211; Manchester City \u015eampiyonlar Ligi D\u00fcellosunda \u0130lk Yar\u0131 F\u0131rt\u0131nas\u0131: Valverde Hat-trick Yapt\u0131! UEFA \u015eampiyonlar Ligi Son 16 Turu&#8217;nda futbol d\u00fcnyas\u0131n\u0131n nefesini tutarak bekledi\u011fi dev kar\u015f\u0131la\u015fma, Real Madrid ile Manchester City aras\u0131nda Santiago Bernabeu&#8217;da ba\u015flad\u0131. Erken final tad\u0131ndaki bu m\u00fccadelede, ilk yar\u0131 ev sahibi Real Madrid&#8217;in Fede Valverde \u015fovuyla 3-0&#8217;l\u0131k \u00fcst\u00fcnl\u00fc\u011f\u00fcyle sona erdi. Ma\u00e7 [&hellip;]<\/p>\n","protected":false},"author":0,"featured_media":2296,"comment_status":"open","ping_status":"open","sticky":false,"template":"","format":"standard","meta":{"footnotes":""},"categories":[32],"tags":[],"class_list":["post-2295","post","type-post","status-publish","format-standard","has-post-thumbnail","hentry","category-spor"],"_links":{"self":[{"href":"https:\/\/sunpress4.com\/index.php\/wp-json\/wp\/v2\/posts\/2295","targetHints":{"allow":["GET"]}}],"collection":[{"href":"https:\/\/sunpress4.com\/index.php\/wp-json\/wp\/v2\/posts"}],"about":[{"href":"https:\/\/sunpress4.com\/index.php\/wp-json\/wp\/v2\/types\/post"}],"replies":[{"embeddable":true,"href":"https:\/\/sunpress4.com\/index.php\/wp-json\/wp\/v2\/comments?post=2295"}],"version-history":[{"count":1,"href":"https:\/\/sunpress4.com\/index.php\/wp-json\/wp\/v2\/posts\/2295\/revisions"}],"predecessor-version":[{"id":2297,"href":"https:\/\/sunpress4.com\/index.php\/wp-json\/wp\/v2\/posts\/2295\/revisions\/2297"}],"wp:featuredmedia":[{"embeddable":true,"href":"https:\/\/sunpress4.com\/index.php\/wp-json\/wp\/v2\/media\/2296"}],"wp:attachment":[{"href":"https:\/\/sunpress4.com\/index.php\/wp-json\/wp\/v2\/media?parent=2295"}],"wp:term":[{"taxonomy":"category","embeddable":true,"href":"https:\/\/sunpress4.com\/index.php\/wp-json\/wp\/v2\/categories?post=2295"},{"taxonomy":"post_tag","embeddable":true,"href":"https:\/\/sunpress4.com\/index.php\/wp-json\/wp\/v2\/tags?post=2295"}],"curies":[{"name":"wp","href":"https:\/\/api.w.org\/{rel}","templated":true}]}}