{"id":2304,"date":"2026-03-13T00:00:19","date_gmt":"2026-03-12T21:00:19","guid":{"rendered":"https:\/\/sunpress4.com\/index.php\/2026\/03\/13\/rayo-vallecano-teknik-direktoru-inigo-perez-soto-rovans-icin-guzel-bir-skor-aldik\/"},"modified":"2026-03-13T00:00:20","modified_gmt":"2026-03-12T21:00:20","slug":"rayo-vallecano-teknik-direktoru-inigo-perez-soto-rovans-icin-guzel-bir-skor-aldik","status":"publish","type":"post","link":"https:\/\/sunpress4.com\/index.php\/2026\/03\/13\/rayo-vallecano-teknik-direktoru-inigo-perez-soto-rovans-icin-guzel-bir-skor-aldik\/","title":{"rendered":"Rayo Vallecano Teknik Direkt\u00f6r\u00fc Inigo Perez Soto: &#8216;R\u00f6van\u015f i\u00e7in g\u00fczel bir skor ald\u0131k&#8217;"},"content":{"rendered":"<p>UEFA Konferans Ligi son 16 turu ilk ma\u00e7\u0131nda Samsunspor deplasman\u0131nda 3-1&#8217;lik net bir galibiyet alan \u0130spanyol temsilcisi Rayo Vallecano&#8217;nun teknik direkt\u00f6r\u00fc Inigo Perez Soto, r\u00f6van\u015f \u00f6ncesi elde ettikleri bu \u00f6nemli skorun kendileri i\u00e7in b\u00fcy\u00fck bir avantaj oldu\u011funu ifade etti.<\/p>\n<p>Ma\u00e7 sonras\u0131 d\u00fczenlenen bas\u0131n toplant\u0131s\u0131nda de\u011ferlendirmelerde bulunan Soto, g\u00fc\u00e7l\u00fc bir rakibe kar\u015f\u0131 iyi bir futbol sergilediklerinin alt\u0131n\u0131 \u00e7izdi. Galip gelmelerine ra\u011fmen favori olmad\u0131klar\u0131n\u0131 yineleyen \u0130spanyol teknik adam, oyuncular\u0131n\u0131n ma\u00e7\u0131n yo\u011fun atmosferine m\u00fckemmel bir \u015fekilde adapte olmas\u0131ndan ve g\u00f6sterdikleri performanstan \u00f6t\u00fcr\u00fc duydu\u011fu memnuniyeti dile getirdi.<\/p>\n<p>Soto, sahadaki fiziksel \u00fcst\u00fcnl\u00fcklerinin ve atak stratejilerinin ba\u015far\u0131lar\u0131nda kilit rol oynad\u0131\u011f\u0131n\u0131 belirtti. Tak\u0131m\u0131ndaki 19 farkl\u0131 oyuncu se\u00e7ene\u011fine dikkat \u00e7ekerek, bunu bir rotasyon de\u011fil, kar\u015f\u0131la\u015facaklar\u0131 rakibe g\u00f6re bir &#8216;se\u00e7im&#8217; olarak g\u00f6rd\u00fc\u011f\u00fcn\u00fc vurgulad\u0131. Her oyuncusunun her an sahaya \u00e7\u0131kmaya haz\u0131r olmas\u0131 gerekti\u011finin \u00f6nemine de\u011findi.<\/p>\n<p>Samsunspor kar\u015f\u0131s\u0131nda elde edilen 3-1&#8217;lik skorun kendilerine \u00f6nemli bir psikolojik \u00fcst\u00fcnl\u00fck de sa\u011flad\u0131\u011f\u0131n\u0131 ifade eden deneyimli \u00e7al\u0131\u015ft\u0131r\u0131c\u0131, \u00e7eyrek finale giden yolda r\u00f6van\u015f ma\u00e7\u0131n\u0131n belirleyici olaca\u011f\u0131n\u0131 s\u00f6yledi. Galibiyeti tak\u0131m olarak b\u00fcy\u00fck bir sevin\u00e7le kutlad\u0131klar\u0131n\u0131 belirten Soto, oyuncular\u0131n\u0131n ortaya koydu\u011fu seviyeden gurur duydu\u011funu dile getirdi. Hen\u00fcz \u00e7ok ileriye bakmak istemese de, UEFA Konferans Ligi&#8217;nde final oynama arzusunu da gizlemedi.<\/p>\n","protected":false},"excerpt":{"rendered":"<p>UEFA Konferans Ligi son 16 turu ilk ma\u00e7\u0131nda Samsunspor deplasman\u0131nda 3-1&#8217;lik net bir galibiyet alan \u0130spanyol temsilcisi Rayo Vallecano&#8217;nun teknik direkt\u00f6r\u00fc Inigo Perez Soto, r\u00f6van\u015f \u00f6ncesi elde ettikleri bu \u00f6nemli skorun kendileri i\u00e7in b\u00fcy\u00fck bir avantaj oldu\u011funu ifade etti. Ma\u00e7 sonras\u0131 d\u00fczenlenen bas\u0131n toplant\u0131s\u0131nda de\u011ferlendirmelerde bulunan Soto, g\u00fc\u00e7l\u00fc bir rakibe kar\u015f\u0131 iyi bir futbol sergilediklerinin [&hellip;]<\/p>\n","protected":false},"author":0,"featured_media":2305,"comment_status":"open","ping_status":"open","sticky":false,"template":"","format":"standard","meta":{"footnotes":""},"categories":[32],"tags":[],"class_list":["post-2304","post","type-post","status-publish","format-standard","has-post-thumbnail","hentry","category-spor"],"_links":{"self":[{"href":"https:\/\/sunpress4.com\/index.php\/wp-json\/wp\/v2\/posts\/2304","targetHints":{"allow":["GET"]}}],"collection":[{"href":"https:\/\/sunpress4.com\/index.php\/wp-json\/wp\/v2\/posts"}],"about":[{"href":"https:\/\/sunpress4.com\/index.php\/wp-json\/wp\/v2\/types\/post"}],"replies":[{"embeddable":true,"href":"https:\/\/sunpress4.com\/index.php\/wp-json\/wp\/v2\/comments?post=2304"}],"version-history":[{"count":1,"href":"https:\/\/sunpress4.com\/index.php\/wp-json\/wp\/v2\/posts\/2304\/revisions"}],"predecessor-version":[{"id":2306,"href":"https:\/\/sunpress4.com\/index.php\/wp-json\/wp\/v2\/posts\/2304\/revisions\/2306"}],"wp:featuredmedia":[{"embeddable":true,"href":"https:\/\/sunpress4.com\/index.php\/wp-json\/wp\/v2\/media\/2305"}],"wp:attachment":[{"href":"https:\/\/sunpress4.com\/index.php\/wp-json\/wp\/v2\/media?parent=2304"}],"wp:term":[{"taxonomy":"category","embeddable":true,"href":"https:\/\/sunpress4.com\/index.php\/wp-json\/wp\/v2\/categories?post=2304"},{"taxonomy":"post_tag","embeddable":true,"href":"https:\/\/sunpress4.com\/index.php\/wp-json\/wp\/v2\/tags?post=2304"}],"curies":[{"name":"wp","href":"https:\/\/api.w.org\/{rel}","templated":true}]}}