{"id":2453,"date":"2026-03-19T12:00:20","date_gmt":"2026-03-19T09:00:20","guid":{"rendered":"https:\/\/sunpress4.com\/index.php\/2026\/03\/19\/uefaya-tazminat-davasi-acacagiz-galatasaraydan-liverpool-maci-sonrasi-alarm-noa-langin-parmagi-kopmustu\/"},"modified":"2026-03-19T12:00:21","modified_gmt":"2026-03-19T09:00:21","slug":"uefaya-tazminat-davasi-acacagiz-galatasaraydan-liverpool-maci-sonrasi-alarm-noa-langin-parmagi-kopmustu","status":"publish","type":"post","link":"https:\/\/sunpress4.com\/index.php\/2026\/03\/19\/uefaya-tazminat-davasi-acacagiz-galatasaraydan-liverpool-maci-sonrasi-alarm-noa-langin-parmagi-kopmustu\/","title":{"rendered":"&#8216;UEFA&#8217;ya tazminat davas\u0131 a\u00e7aca\u011f\u0131z&#8217; Galatasaray&#8217;dan Liverpool ma\u00e7\u0131 sonras\u0131 alarm: Noa Lang&#8217;\u0131n parma\u011f\u0131 kopmu\u015ftu"},"content":{"rendered":"<p>Galatasaray, \u015eampiyonlar Ligi Son 16 Turu r\u00f6van\u015f ma\u00e7\u0131nda deplasmanda Liverpool&#8217;a 4-0 ma\u011flup olarak Avrupa&#8217;ya veda ederken, sahadan sadece skorla de\u011fil, iki \u00f6nemli y\u0131ld\u0131z\u0131n\u0131n ya\u015fad\u0131\u011f\u0131 ciddi sakatl\u0131klarla da ayr\u0131ld\u0131. Bu talihsiz olaylar zinciri, sar\u0131-k\u0131rm\u0131z\u0131l\u0131 y\u00f6netimi UEFA&#8217;ya kar\u015f\u0131 hukuki s\u00fcre\u00e7 ba\u015flatmaya y\u00f6neltti.<\/p>\n<p><strong>Victor Osimhen&#8217;de K\u0131r\u0131k \u015eoku<\/strong><\/p>\n<p>Ma\u00e7\u0131n ilk anlar\u0131nda Victor Osimhen, Liverpool&#8217;dan Konate ile girdi\u011fi ikili m\u00fccadele sonras\u0131 koluna ald\u0131\u011f\u0131 sert darbeyle yere y\u0131\u011f\u0131ld\u0131. Nijeryal\u0131 golc\u00fc, ilk yar\u0131n\u0131n sonuna kadar sahada kalma \u00e7abas\u0131 g\u00f6sterse de, kar\u015f\u0131la\u015fman\u0131n ard\u0131ndan yap\u0131lan detayl\u0131 kontrollerde kolunda k\u0131r\u0131k tespit edildi. Ameliyat karar\u0131 al\u0131nan y\u0131ld\u0131z oyuncunun, ne kadar s\u00fcreyle ye\u015fil sahalardan uzak kalaca\u011f\u0131 hen\u00fcz netlik kazanmazken, bu durum Galatasaray&#8217;\u0131n gol yollar\u0131ndaki etkinli\u011fini olumsuz etkileyecek \u00f6nemli bir kay\u0131p olarak \u00f6ne \u00e7\u0131kt\u0131.<\/p>\n<p><strong>Noa Lang&#8217;\u0131n Parma\u011f\u0131 Reklam Panosuna Tak\u0131ld\u0131<\/strong><\/p>\n<p>Osimhen&#8217;in sakatl\u0131\u011f\u0131n\u0131n ard\u0131ndan bir ba\u015fka \u015fok haber de Hollandal\u0131 kanat oyuncusu Noa Lang&#8217;dan geldi. Rakibiyle girdi\u011fi m\u00fccadele sonras\u0131 saha d\u0131\u015f\u0131na \u00e7\u0131kan Lang, dengesini sa\u011flamak amac\u0131yla reklam panolar\u0131na tutunmak istedi. Ancak talihsiz bir an ya\u015fanarak parma\u011f\u0131 panodaki \u00e7elik bir deli\u011fe tak\u0131ld\u0131. Bu beklenmedik olay sonucunda parmak ucunda derin bir kesik olu\u015fan y\u0131ld\u0131z futbolcunun durumu, yap\u0131lacak detayl\u0131 muayenelerin ard\u0131ndan ilerleyen g\u00fcnlerde belli olacak. Bu olay, saha kenar\u0131 ekipmanlar\u0131n\u0131n g\u00fcvenli\u011fi konusunda ciddi soru i\u015faretleri do\u011furdu.<\/p>\n<p><strong>Galatasaray&#8217;dan UEFA&#8217;ya Tazminat Davas\u0131 Haz\u0131rl\u0131\u011f\u0131<\/strong><\/p>\n<p>Ya\u015fanan bu iki ciddi sakatl\u0131k, \u00f6zellikle de Noa Lang&#8217;\u0131n reklam panosu kaynakl\u0131 talihsiz kazas\u0131, Galatasaray y\u00f6netimini harekete ge\u00e7irdi. M\u00fccadelenin sona ermesinin ard\u0131ndan UEFA heyeti, saha kenar\u0131ndaki reklam panolar\u0131n\u0131n durumuyla ilgili bir rapor tuttu. Galatasaray Genel Sekreteri Eray Yazgan, HTSpor&#8217;a yapt\u0131\u011f\u0131 a\u00e7\u0131klamada konuya dair \u00f6nemli bilgiler verdi. Yazgan; &#8220;Ma\u00e7 sonras\u0131nda UEFA temsilcilerine konuyla ilgili \u015fikayetimizi ilettik. Onlar da incelemelerini yaparak rapor tuttular. Konuyu UEFA&#8217;n\u0131n de\u011ferlendirmesini bekliyoruz. Hukuk\u00e7ular\u0131m\u0131zla g\u00f6r\u00fc\u015fmelerimiz devam ediyor ve UEFA&#8217;ya tazminat davas\u0131 a\u00e7maya haz\u0131rlan\u0131yoruz. Oyuncular\u0131m\u0131z\u0131n maa\u015flar\u0131 konusunda ya\u015fanan ma\u011fduriyetimizin giderilmesini talep edece\u011fiz.&#8221; ifadelerini kullanarak, kul\u00fcb\u00fcn hem sportif hem de hukuki alanda zorlu bir s\u00fcrece girdi\u011fini belirtti.<\/p>\n","protected":false},"excerpt":{"rendered":"<p>Galatasaray, \u015eampiyonlar Ligi Son 16 Turu r\u00f6van\u015f ma\u00e7\u0131nda deplasmanda Liverpool&#8217;a 4-0 ma\u011flup olarak Avrupa&#8217;ya veda ederken, sahadan sadece skorla de\u011fil, iki \u00f6nemli y\u0131ld\u0131z\u0131n\u0131n ya\u015fad\u0131\u011f\u0131 ciddi sakatl\u0131klarla da ayr\u0131ld\u0131. Bu talihsiz olaylar zinciri, sar\u0131-k\u0131rm\u0131z\u0131l\u0131 y\u00f6netimi UEFA&#8217;ya kar\u015f\u0131 hukuki s\u00fcre\u00e7 ba\u015flatmaya y\u00f6neltti. Victor Osimhen&#8217;de K\u0131r\u0131k \u015eoku Ma\u00e7\u0131n ilk anlar\u0131nda Victor Osimhen, Liverpool&#8217;dan Konate ile girdi\u011fi ikili m\u00fccadele [&hellip;]<\/p>\n","protected":false},"author":0,"featured_media":2454,"comment_status":"open","ping_status":"open","sticky":false,"template":"","format":"standard","meta":{"footnotes":""},"categories":[32],"tags":[],"class_list":["post-2453","post","type-post","status-publish","format-standard","has-post-thumbnail","hentry","category-spor"],"_links":{"self":[{"href":"https:\/\/sunpress4.com\/index.php\/wp-json\/wp\/v2\/posts\/2453","targetHints":{"allow":["GET"]}}],"collection":[{"href":"https:\/\/sunpress4.com\/index.php\/wp-json\/wp\/v2\/posts"}],"about":[{"href":"https:\/\/sunpress4.com\/index.php\/wp-json\/wp\/v2\/types\/post"}],"replies":[{"embeddable":true,"href":"https:\/\/sunpress4.com\/index.php\/wp-json\/wp\/v2\/comments?post=2453"}],"version-history":[{"count":1,"href":"https:\/\/sunpress4.com\/index.php\/wp-json\/wp\/v2\/posts\/2453\/revisions"}],"predecessor-version":[{"id":2457,"href":"https:\/\/sunpress4.com\/index.php\/wp-json\/wp\/v2\/posts\/2453\/revisions\/2457"}],"wp:featuredmedia":[{"embeddable":true,"href":"https:\/\/sunpress4.com\/index.php\/wp-json\/wp\/v2\/media\/2454"}],"wp:attachment":[{"href":"https:\/\/sunpress4.com\/index.php\/wp-json\/wp\/v2\/media?parent=2453"}],"wp:term":[{"taxonomy":"category","embeddable":true,"href":"https:\/\/sunpress4.com\/index.php\/wp-json\/wp\/v2\/categories?post=2453"},{"taxonomy":"post_tag","embeddable":true,"href":"https:\/\/sunpress4.com\/index.php\/wp-json\/wp\/v2\/tags?post=2453"}],"curies":[{"name":"wp","href":"https:\/\/api.w.org\/{rel}","templated":true}]}}