{"id":2468,"date":"2026-03-20T00:00:37","date_gmt":"2026-03-19T21:00:37","guid":{"rendered":"https:\/\/sunpress4.com\/index.php\/2026\/03\/20\/genclerbirligi-teknik-direktoru-volkan-demirel-maglubiyetten-dolayi-uzgunum\/"},"modified":"2026-03-20T00:00:38","modified_gmt":"2026-03-19T21:00:38","slug":"genclerbirligi-teknik-direktoru-volkan-demirel-maglubiyetten-dolayi-uzgunum","status":"publish","type":"post","link":"https:\/\/sunpress4.com\/index.php\/2026\/03\/20\/genclerbirligi-teknik-direktoru-volkan-demirel-maglubiyetten-dolayi-uzgunum\/","title":{"rendered":"Gen\u00e7lerbirli\u011fi teknik direkt\u00f6r\u00fc Volkan Demirel: &#8216;Ma\u011flubiyetten dolay\u0131 \u00fczg\u00fcn\u00fcm&#8217;"},"content":{"rendered":"<p>Trendyol S\u00fcper Lig&#8217;in 27. hafta m\u00fccadelesinde deplasmanda T\u00dcMOSAN Konyaspor&#8217;a 1-0 ma\u011flup olan Natura D\u00fcnyas\u0131 Gen\u00e7lerbirli\u011fi&#8217;nde teknik direkt\u00f6r Volkan Demirel, ma\u00e7 sonras\u0131 \u00fcz\u00fcnt\u00fcs\u00fcn\u00fc dile getirdi.<\/p>\n<p>Konya B\u00fcy\u00fck\u015fehir Stadyumu&#8217;nda d\u00fczenlenen bas\u0131n toplant\u0131s\u0131nda a\u00e7\u0131klamalarda bulunan Demirel, son on g\u00fcnde ikisi deplasman olmak \u00fczere yo\u011fun bir \u00fc\u00e7 ma\u00e7l\u0131k fikst\u00fcrden ge\u00e7tiklerini an\u0131msatt\u0131. Bu s\u00fcre\u00e7te tak\u0131m\u0131n\u0131n fiziksel m\u00fccadelesinden memnun oldu\u011funu belirten tecr\u00fcbeli teknik adam, bayram \u00f6ncesinde taraftarlar\u0131 mutlu etme ve moral bulma hedeflerine ula\u015famad\u0131klar\u0131 i\u00e7in hayal k\u0131r\u0131kl\u0131\u011f\u0131 ya\u015fad\u0131klar\u0131n\u0131 aktard\u0131.<\/p>\n<p>Konyaspor&#8217;un ofansif bir kadroyla sahaya \u00e7\u0131kt\u0131\u011f\u0131n\u0131 de\u011ferlendiren Demirel, kar\u015f\u0131la\u015fman\u0131n taktiksel analizi hakk\u0131nda \u015funlar\u0131 s\u00f6yledi: &#8220;Rakibin h\u00fccum a\u011f\u0131rl\u0131kl\u0131 oyununu kullanarak arkada bo\u015fluklar bulup net pozisyonlara girebilece\u011fimizi planlam\u0131\u015ft\u0131k. \u0130lk yar\u0131da bu f\u0131rsatlar\u0131 yakalad\u0131k ancak son tercihlerde ba\u015far\u0131l\u0131 olamad\u0131k ve golle sonu\u00e7land\u0131ramad\u0131k.&#8221;<\/p>\n<p>\u0130kinci yar\u0131daki oyuna ili\u015fkin ise Volkan Demirel, &#8220;Konyaspor, ikinci yar\u0131da hem taraftar deste\u011finin hem de ev sahibi avantaj\u0131n\u0131n etkisiyle \u00fczerimizde yo\u011fun bir bask\u0131 kurdu. \u00d6zellikle duran top organizasyonlar\u0131ndan hem gol\u00fc buldular hem de tehlikeli anlar ya\u015fatt\u0131lar. Asl\u0131nda bu deplasmandan bir puanla ayr\u0131lma \u015fans\u0131m\u0131z olabilirdi, ancak ma\u011flubiyet ka\u00e7\u0131n\u0131lmaz oldu. Bu sonu\u00e7tan dolay\u0131 olduk\u00e7a \u00fczg\u00fcn\u00fcm&#8221; ifadelerini kulland\u0131.<\/p>\n<p>Deneyimli teknik adam, bayram aras\u0131n\u0131n ard\u0131ndan tak\u0131m\u0131n Antalya&#8217;da bir kamp ger\u00e7ekle\u015ftirece\u011fini de s\u00f6zlerine ekledi. Bu kamp d\u00f6neminde fiziksel ve taktiksel eksiklikleri gidermeyi hedeflediklerini belirten Demirel, gelecek ma\u00e7larda daha iyi bir performans sergileyerek ligdeki hedeflerine ula\u015fmay\u0131 arzulad\u0131klar\u0131n\u0131 vurgulad\u0131.<\/p>\n","protected":false},"excerpt":{"rendered":"<p>Trendyol S\u00fcper Lig&#8217;in 27. hafta m\u00fccadelesinde deplasmanda T\u00dcMOSAN Konyaspor&#8217;a 1-0 ma\u011flup olan Natura D\u00fcnyas\u0131 Gen\u00e7lerbirli\u011fi&#8217;nde teknik direkt\u00f6r Volkan Demirel, ma\u00e7 sonras\u0131 \u00fcz\u00fcnt\u00fcs\u00fcn\u00fc dile getirdi. Konya B\u00fcy\u00fck\u015fehir Stadyumu&#8217;nda d\u00fczenlenen bas\u0131n toplant\u0131s\u0131nda a\u00e7\u0131klamalarda bulunan Demirel, son on g\u00fcnde ikisi deplasman olmak \u00fczere yo\u011fun bir \u00fc\u00e7 ma\u00e7l\u0131k fikst\u00fcrden ge\u00e7tiklerini an\u0131msatt\u0131. Bu s\u00fcre\u00e7te tak\u0131m\u0131n\u0131n fiziksel m\u00fccadelesinden memnun oldu\u011funu belirten [&hellip;]<\/p>\n","protected":false},"author":0,"featured_media":2469,"comment_status":"open","ping_status":"open","sticky":false,"template":"","format":"standard","meta":{"footnotes":""},"categories":[32],"tags":[],"class_list":["post-2468","post","type-post","status-publish","format-standard","has-post-thumbnail","hentry","category-spor"],"_links":{"self":[{"href":"https:\/\/sunpress4.com\/index.php\/wp-json\/wp\/v2\/posts\/2468","targetHints":{"allow":["GET"]}}],"collection":[{"href":"https:\/\/sunpress4.com\/index.php\/wp-json\/wp\/v2\/posts"}],"about":[{"href":"https:\/\/sunpress4.com\/index.php\/wp-json\/wp\/v2\/types\/post"}],"replies":[{"embeddable":true,"href":"https:\/\/sunpress4.com\/index.php\/wp-json\/wp\/v2\/comments?post=2468"}],"version-history":[{"count":1,"href":"https:\/\/sunpress4.com\/index.php\/wp-json\/wp\/v2\/posts\/2468\/revisions"}],"predecessor-version":[{"id":2470,"href":"https:\/\/sunpress4.com\/index.php\/wp-json\/wp\/v2\/posts\/2468\/revisions\/2470"}],"wp:featuredmedia":[{"embeddable":true,"href":"https:\/\/sunpress4.com\/index.php\/wp-json\/wp\/v2\/media\/2469"}],"wp:attachment":[{"href":"https:\/\/sunpress4.com\/index.php\/wp-json\/wp\/v2\/media?parent=2468"}],"wp:term":[{"taxonomy":"category","embeddable":true,"href":"https:\/\/sunpress4.com\/index.php\/wp-json\/wp\/v2\/categories?post=2468"},{"taxonomy":"post_tag","embeddable":true,"href":"https:\/\/sunpress4.com\/index.php\/wp-json\/wp\/v2\/tags?post=2468"}],"curies":[{"name":"wp","href":"https:\/\/api.w.org\/{rel}","templated":true}]}}