{"id":2480,"date":"2026-03-20T12:00:32","date_gmt":"2026-03-20T09:00:32","guid":{"rendered":"https:\/\/sunpress4.com\/index.php\/2026\/03\/20\/fifadan-fikra-gibi-israil-karari-sadece-pankart-acma-cezasi\/"},"modified":"2026-03-20T12:00:32","modified_gmt":"2026-03-20T09:00:32","slug":"fifadan-fikra-gibi-israil-karari-sadece-pankart-acma-cezasi","status":"publish","type":"post","link":"https:\/\/sunpress4.com\/index.php\/2026\/03\/20\/fifadan-fikra-gibi-israil-karari-sadece-pankart-acma-cezasi\/","title":{"rendered":"FIFA&#8217;dan f\u0131kra gibi \u0130srail karar\u0131! Sadece pankart a\u00e7ma cezas\u0131"},"content":{"rendered":"<p>Uluslararas\u0131 Futbol Federasyonlar\u0131 Birli\u011fi (FIFA), Filistin ve \u0130srail futbol federasyonlar\u0131n\u0131 ilgilendiren kritik kararlar\u0131n\u0131 a\u00e7\u0131klad\u0131. Filistin Futbol Federasyonu&#8217;nun (PFA) \u0130srail tak\u0131mlar\u0131n\u0131n i\u015fgal alt\u0131ndaki topraklardan uluslararas\u0131 m\u00fcsabakalara kat\u0131l\u0131m\u0131n\u0131n engellenmesi y\u00f6n\u00fcndeki talebi reddedilirken, \u0130srail Futbol Federasyonu&#8217;na (IFA) ise &#8220;ayr\u0131mc\u0131l\u0131k&#8221; ve &#8220;\u0131rk\u00e7\u0131 hakaret&#8221; gerek\u00e7eleriyle para ve pankart cezas\u0131 verildi.<\/p>\n<p>FIFA&#8217;dan yap\u0131lan duyuruda, 74. FIFA Kongresi&#8217;nde Filistin Futbol Federasyonu taraf\u0131ndan g\u00fcndeme getirilen, Bat\u0131 \u015eeria&#8217;daki \u0130srail futbol tak\u0131mlar\u0131n\u0131n stat\u00fcs\u00fcne ili\u015fkin ba\u015fvuru ele al\u0131nd\u0131. A\u00e7\u0131klamada, &#8220;Bat\u0131 \u015eeria&#8217;n\u0131n nihai hukuki stat\u00fcs\u00fcn\u00fcn uluslararas\u0131 kamu hukuku kapsam\u0131nda \u00e7\u00f6z\u00fclememi\u015f ve son derece karma\u015f\u0131k bir mesele olmas\u0131 nedeniyle FIFA&#8217;n\u0131n bu konuda herhangi bir i\u015flem yapmamas\u0131 gerekti\u011fi&#8221; belirtildi. Bu karar, talebe ili\u015fkin herhangi bir ad\u0131m at\u0131lmayaca\u011f\u0131 anlam\u0131na geliyor.<\/p>\n<p>\u00d6te yandan, FIFA, Filistin ve \u0130srail futbol federasyonlar\u0131 aras\u0131ndaki diyalo\u011fu ve arabuluculu\u011fu te\u015fvik etmeye devam edece\u011fini bildirdi. Kurum, iki federasyon aras\u0131ndaki yap\u0131land\u0131r\u0131lm\u0131\u015f etkile\u015fimi kolayla\u015ft\u0131rma ve geli\u015fmeleri yak\u0131ndan takip etme taahh\u00fcd\u00fcn\u00fc yineledi.<\/p>\n<p>FIFA Disiplin Kurulu, Filistin Futbol Federasyonu&#8217;nun ayr\u0131mc\u0131l\u0131k iddialar\u0131n\u0131 soru\u015fturmas\u0131n\u0131n ard\u0131ndan, \u0130srail Futbol Federasyonu&#8217;nun &#8220;hakaret i\u00e7eren davran\u0131\u015flar ve fair play ilkelerinin ihlali&#8221; ile &#8220;ayr\u0131mc\u0131l\u0131k ve \u0131rk\u00e7\u0131 hakaret&#8221; su\u00e7lamalar\u0131ndan dolay\u0131 birden fazla kez y\u00fck\u00fcml\u00fcl\u00fcklerini ihlal etti\u011fine h\u00fckmetti. Bu ihlaller neticesinde IFA&#8217;ya 150 bin \u0130svi\u00e7re frang\u0131 para cezas\u0131 verildi.<\/p>\n<p>Verilen bir di\u011fer dikkat \u00e7ekici ceza ise pankart zorunlulu\u011fu oldu. \u0130srail Futbol Federasyonu&#8217;nun A milli tak\u0131m d\u00fczeyinde evinde oynayaca\u011f\u0131 sonraki \u00fc\u00e7 FIFA m\u00fcsabakas\u0131nda, federasyon logosunun yan\u0131nda &#8220;Futbol D\u00fcnyay\u0131 Birle\u015ftirir &#8211; Ayr\u0131mc\u0131l\u0131\u011fa Hay\u0131r&#8221; yaz\u0131l\u0131, olduk\u00e7a g\u00f6r\u00fcn\u00fcr bir pankart sergilemesi kararla\u015ft\u0131r\u0131ld\u0131. Pankart\u0131n boyutlar\u0131, d\u00fczeni ve konumu, her ma\u00e7tan en az 15 g\u00fcn \u00f6nce FIFA&#8217;n\u0131n onay\u0131na sunulacak. Bu yapt\u0131r\u0131m, di\u011fer \u00fclkelerin maruz kald\u0131\u011f\u0131 m\u00fcsabakalardan men, saha kapatma gibi a\u011f\u0131r cezalardan farkl\u0131 bir yakla\u015f\u0131m sergiliyor.<\/p>\n","protected":false},"excerpt":{"rendered":"<p>Uluslararas\u0131 Futbol Federasyonlar\u0131 Birli\u011fi (FIFA), Filistin ve \u0130srail futbol federasyonlar\u0131n\u0131 ilgilendiren kritik kararlar\u0131n\u0131 a\u00e7\u0131klad\u0131. Filistin Futbol Federasyonu&#8217;nun (PFA) \u0130srail tak\u0131mlar\u0131n\u0131n i\u015fgal alt\u0131ndaki topraklardan uluslararas\u0131 m\u00fcsabakalara kat\u0131l\u0131m\u0131n\u0131n engellenmesi y\u00f6n\u00fcndeki talebi reddedilirken, \u0130srail Futbol Federasyonu&#8217;na (IFA) ise &#8220;ayr\u0131mc\u0131l\u0131k&#8221; ve &#8220;\u0131rk\u00e7\u0131 hakaret&#8221; gerek\u00e7eleriyle para ve pankart cezas\u0131 verildi. FIFA&#8217;dan yap\u0131lan duyuruda, 74. FIFA Kongresi&#8217;nde Filistin Futbol Federasyonu taraf\u0131ndan [&hellip;]<\/p>\n","protected":false},"author":0,"featured_media":2481,"comment_status":"open","ping_status":"open","sticky":false,"template":"","format":"standard","meta":{"footnotes":""},"categories":[32],"tags":[],"class_list":["post-2480","post","type-post","status-publish","format-standard","has-post-thumbnail","hentry","category-spor"],"_links":{"self":[{"href":"https:\/\/sunpress4.com\/index.php\/wp-json\/wp\/v2\/posts\/2480","targetHints":{"allow":["GET"]}}],"collection":[{"href":"https:\/\/sunpress4.com\/index.php\/wp-json\/wp\/v2\/posts"}],"about":[{"href":"https:\/\/sunpress4.com\/index.php\/wp-json\/wp\/v2\/types\/post"}],"replies":[{"embeddable":true,"href":"https:\/\/sunpress4.com\/index.php\/wp-json\/wp\/v2\/comments?post=2480"}],"version-history":[{"count":1,"href":"https:\/\/sunpress4.com\/index.php\/wp-json\/wp\/v2\/posts\/2480\/revisions"}],"predecessor-version":[{"id":2482,"href":"https:\/\/sunpress4.com\/index.php\/wp-json\/wp\/v2\/posts\/2480\/revisions\/2482"}],"wp:featuredmedia":[{"embeddable":true,"href":"https:\/\/sunpress4.com\/index.php\/wp-json\/wp\/v2\/media\/2481"}],"wp:attachment":[{"href":"https:\/\/sunpress4.com\/index.php\/wp-json\/wp\/v2\/media?parent=2480"}],"wp:term":[{"taxonomy":"category","embeddable":true,"href":"https:\/\/sunpress4.com\/index.php\/wp-json\/wp\/v2\/categories?post=2480"},{"taxonomy":"post_tag","embeddable":true,"href":"https:\/\/sunpress4.com\/index.php\/wp-json\/wp\/v2\/tags?post=2480"}],"curies":[{"name":"wp","href":"https:\/\/api.w.org\/{rel}","templated":true}]}}