{"id":2486,"date":"2026-03-21T00:00:18","date_gmt":"2026-03-20T21:00:18","guid":{"rendered":"https:\/\/sunpress4.com\/index.php\/2026\/03\/21\/fredin-yeni-takimini-duyurdular-fenerbahcenin-yildizi-icin-bomba-transfer-iddiasi\/"},"modified":"2026-03-21T00:00:19","modified_gmt":"2026-03-20T21:00:19","slug":"fredin-yeni-takimini-duyurdular-fenerbahcenin-yildizi-icin-bomba-transfer-iddiasi","status":"publish","type":"post","link":"https:\/\/sunpress4.com\/index.php\/2026\/03\/21\/fredin-yeni-takimini-duyurdular-fenerbahcenin-yildizi-icin-bomba-transfer-iddiasi\/","title":{"rendered":"Fred&#8217;in yeni tak\u0131m\u0131n\u0131 duyurdular! Fenerbah\u00e7e&#8217;nin y\u0131ld\u0131z\u0131 i\u00e7in bomba transfer iddias\u0131&#8230;"},"content":{"rendered":"<p>Fenerbah\u00e7e&#8217;nin tecr\u00fcbeli orta saha oyuncusu Fred i\u00e7in fla\u015f bir ayr\u0131l\u0131k iddias\u0131 g\u00fcndeme geldi. 2023 yaz\u0131nda Manchester United&#8217;dan kadroya kat\u0131lan Brezilyal\u0131 y\u0131ld\u0131z\u0131n, sar\u0131-lacivertli kul\u00fcpten ayr\u0131l\u0131\u011f\u0131 ciddi \u015fekilde d\u00fc\u015f\u00fcnd\u00fc\u011f\u00fc belirtiliyor.<\/p>\n<p>Brezilya bas\u0131n\u0131nda \u00e7\u0131kan haberlere g\u00f6re, \u00f6zellikle Canal Bica Galo&#8217;nun payla\u015ft\u0131\u011f\u0131 bilgilere g\u00f6re, Fred&#8217;in yeni dura\u011f\u0131 Atletico Mineiro olabilir. Brezilya ekibi, ara transfer d\u00f6neminde y\u0131ld\u0131z oyuncuyu kadrosuna katmak i\u00e7in giri\u015fimlerde bulunmu\u015f ancak bu transferde ba\u015far\u0131ya ula\u015famam\u0131\u015ft\u0131. Ancak Atletico Mineiro&#8217;nun Fred ile olan temaslar\u0131n\u0131 s\u00fcrd\u00fcrd\u00fc\u011f\u00fc ve yaz transfer d\u00f6neminde bu transferi ger\u00e7ekle\u015ftirmeye kararl\u0131 oldu\u011fu vurgulan\u0131yor.<\/p>\n<p>Fred&#8217;in bu kez Atletico Mineiro&#8217;ya transfer olma fikrini \u00e7ok daha ciddi bir \u015fekilde de\u011ferlendirdi\u011fi, hatta sezon sonunda Fenerbah\u00e7e&#8217;den ayr\u0131l\u0131k karar\u0131n\u0131 alabilece\u011fi y\u00f6n\u00fcnde g\u00fc\u00e7l\u00fc sinyaller mevcut. Futbolcunun \u00fclkesine d\u00f6nme iste\u011fi de bu iddialar\u0131 destekler nitelikte.<\/p>\n<p>33 ya\u015f\u0131ndaki deneyimli orta saha oyuncusu, Fenerbah\u00e7e ile 2027 y\u0131l\u0131na kadar ge\u00e7erli bir s\u00f6zle\u015fmeye sahip. Sar\u0131-lacivertli formayla bug\u00fcne dek \u00e7\u0131kt\u0131\u011f\u0131 119 resmi kar\u015f\u0131la\u015fmada g\u00f6rev alan Fred, tak\u0131m\u0131na 9 gol ve 19 asistlik \u00f6nemli bir skor katk\u0131s\u0131 sa\u011flad\u0131. Bu performans\u0131na ra\u011fmen, Brezilya&#8217;ya d\u00f6n\u00fc\u015f ihtimali giderek daha fazla konu\u015fuluyor.<\/p>\n","protected":false},"excerpt":{"rendered":"<p>Fenerbah\u00e7e&#8217;nin tecr\u00fcbeli orta saha oyuncusu Fred i\u00e7in fla\u015f bir ayr\u0131l\u0131k iddias\u0131 g\u00fcndeme geldi. 2023 yaz\u0131nda Manchester United&#8217;dan kadroya kat\u0131lan Brezilyal\u0131 y\u0131ld\u0131z\u0131n, sar\u0131-lacivertli kul\u00fcpten ayr\u0131l\u0131\u011f\u0131 ciddi \u015fekilde d\u00fc\u015f\u00fcnd\u00fc\u011f\u00fc belirtiliyor. Brezilya bas\u0131n\u0131nda \u00e7\u0131kan haberlere g\u00f6re, \u00f6zellikle Canal Bica Galo&#8217;nun payla\u015ft\u0131\u011f\u0131 bilgilere g\u00f6re, Fred&#8217;in yeni dura\u011f\u0131 Atletico Mineiro olabilir. Brezilya ekibi, ara transfer d\u00f6neminde y\u0131ld\u0131z oyuncuyu kadrosuna katmak [&hellip;]<\/p>\n","protected":false},"author":0,"featured_media":2487,"comment_status":"open","ping_status":"open","sticky":false,"template":"","format":"standard","meta":{"footnotes":""},"categories":[32],"tags":[],"class_list":["post-2486","post","type-post","status-publish","format-standard","has-post-thumbnail","hentry","category-spor"],"_links":{"self":[{"href":"https:\/\/sunpress4.com\/index.php\/wp-json\/wp\/v2\/posts\/2486","targetHints":{"allow":["GET"]}}],"collection":[{"href":"https:\/\/sunpress4.com\/index.php\/wp-json\/wp\/v2\/posts"}],"about":[{"href":"https:\/\/sunpress4.com\/index.php\/wp-json\/wp\/v2\/types\/post"}],"replies":[{"embeddable":true,"href":"https:\/\/sunpress4.com\/index.php\/wp-json\/wp\/v2\/comments?post=2486"}],"version-history":[{"count":1,"href":"https:\/\/sunpress4.com\/index.php\/wp-json\/wp\/v2\/posts\/2486\/revisions"}],"predecessor-version":[{"id":2488,"href":"https:\/\/sunpress4.com\/index.php\/wp-json\/wp\/v2\/posts\/2486\/revisions\/2488"}],"wp:featuredmedia":[{"embeddable":true,"href":"https:\/\/sunpress4.com\/index.php\/wp-json\/wp\/v2\/media\/2487"}],"wp:attachment":[{"href":"https:\/\/sunpress4.com\/index.php\/wp-json\/wp\/v2\/media?parent=2486"}],"wp:term":[{"taxonomy":"category","embeddable":true,"href":"https:\/\/sunpress4.com\/index.php\/wp-json\/wp\/v2\/categories?post=2486"},{"taxonomy":"post_tag","embeddable":true,"href":"https:\/\/sunpress4.com\/index.php\/wp-json\/wp\/v2\/tags?post=2486"}],"curies":[{"name":"wp","href":"https:\/\/api.w.org\/{rel}","templated":true}]}}