{"id":2495,"date":"2026-03-21T12:00:16","date_gmt":"2026-03-21T09:00:16","guid":{"rendered":"https:\/\/sunpress4.com\/index.php\/2026\/03\/21\/fenerbahcede-ngolo-kante-farki-takimin-en-iyisi-oldu\/"},"modified":"2026-03-21T12:00:18","modified_gmt":"2026-03-21T09:00:18","slug":"fenerbahcede-ngolo-kante-farki-takimin-en-iyisi-oldu","status":"publish","type":"post","link":"https:\/\/sunpress4.com\/index.php\/2026\/03\/21\/fenerbahcede-ngolo-kante-farki-takimin-en-iyisi-oldu\/","title":{"rendered":"Fenerbah\u00e7e&#8217;de N&#8217;Golo Kante fark\u0131! Tak\u0131m\u0131n en iyisi oldu&#8230;"},"content":{"rendered":"<p>Fenerbah\u00e7e&#8217;nin yaz transfer d\u00f6neminde Suudi Arabistan Ligi ekiplerinden Al Ittihad&#8217;dan kadrosuna katt\u0131\u011f\u0131 Frans\u0131z y\u0131ld\u0131z N&#8217;Golo Kante, sar\u0131-lacivertli formayla ilk \u00e7\u0131kt\u0131\u011f\u0131 ma\u00e7larda ya\u015fad\u0131\u011f\u0131 ele\u015ftirilerin aksine dikkat \u00e7eken bir performans sergiliyor. Deneyimli orta saha oyuncusunun fiziksel durumunun eskisi kadar iyi olmad\u0131\u011f\u0131 y\u00f6n\u00fcndeki iddialar, veri analizleriyle \u00e7\u00fcr\u00fct\u00fcld\u00fc.<\/p>\n<p>Sahadaki fiziksel veriler, 34 ya\u015f\u0131ndaki N&#8217;Golo Kante&#8217;nin sahadaki enerjisini ve dayan\u0131kl\u0131l\u0131\u011f\u0131n\u0131 g\u00f6zler \u00f6n\u00fcne seriyor. 90 dakika ba\u015f\u0131na toplam kat edilen mesafe ve y\u00fcksek \u015fiddetli ko\u015fuyla kat edilen mesafe metriklerinde Kante, Fenerbah\u00e7e&#8217;nin tart\u0131\u015fmas\u0131z lideri konumunda. Bu etkileyici fiziksel istatistikler, tecr\u00fcbeli oyuncunun tak\u0131m i\u00e7indeki kritik rol\u00fcn\u00fc ve y\u0131prat\u0131c\u0131 oyun stilini net bir \u015fekilde ortaya koyuyor. Kante&#8217;nin hemen arkas\u0131ndan ise milli y\u0131ld\u0131z\u0131m\u0131z \u0130smail Y\u00fcksek geliyor, bu da T\u00fcrk oyuncunun da fiziksel kapasitesinin ne denli y\u00fcksek oldu\u011funu g\u00f6steriyor.<\/p>\n<p>\u00d6te yandan, fiziksel y\u00f6nden olduk\u00e7a g\u00fc\u00e7l\u00fc bir yap\u0131ya sahip oldu\u011fu bilinen Sidiki Cherif&#8217;in ayn\u0131 listede sondan 3. s\u0131rada yer almas\u0131, futbol d\u00fcnyas\u0131nda s\u0131k\u00e7a g\u00f6r\u00fclen &#8220;alg\u0131 ile ger\u00e7eklik&#8221; fark\u0131n\u0131 bir kez daha g\u00f6zler \u00f6n\u00fcne serdi.<\/p>\n<p>Fenerbah\u00e7e&#8217;deki etkileyici geri d\u00f6n\u00fc\u015f\u00fc ve \u00fcst\u00fcn performans\u0131yla N&#8217;Golo Kante, sadece kul\u00fcp kariyerinde de\u011fil, uluslararas\u0131 arenada da \u00f6nemli bir ba\u015far\u0131ya imza att\u0131. S\u00fcper Lig&#8217;deki bu y\u00fckseli\u015fi sayesinde Frans\u0131z y\u0131ld\u0131z, \u00fclkesinin milli tak\u0131m\u0131na yeniden se\u00e7ilme onuruna eri\u015fti ve formunu korudu\u011funu t\u00fcm d\u00fcnyaya kan\u0131tlad\u0131.<\/p>\n","protected":false},"excerpt":{"rendered":"<p>Fenerbah\u00e7e&#8217;nin yaz transfer d\u00f6neminde Suudi Arabistan Ligi ekiplerinden Al Ittihad&#8217;dan kadrosuna katt\u0131\u011f\u0131 Frans\u0131z y\u0131ld\u0131z N&#8217;Golo Kante, sar\u0131-lacivertli formayla ilk \u00e7\u0131kt\u0131\u011f\u0131 ma\u00e7larda ya\u015fad\u0131\u011f\u0131 ele\u015ftirilerin aksine dikkat \u00e7eken bir performans sergiliyor. Deneyimli orta saha oyuncusunun fiziksel durumunun eskisi kadar iyi olmad\u0131\u011f\u0131 y\u00f6n\u00fcndeki iddialar, veri analizleriyle \u00e7\u00fcr\u00fct\u00fcld\u00fc. Sahadaki fiziksel veriler, 34 ya\u015f\u0131ndaki N&#8217;Golo Kante&#8217;nin sahadaki enerjisini ve dayan\u0131kl\u0131l\u0131\u011f\u0131n\u0131 [&hellip;]<\/p>\n","protected":false},"author":0,"featured_media":2496,"comment_status":"open","ping_status":"open","sticky":false,"template":"","format":"standard","meta":{"footnotes":""},"categories":[32],"tags":[],"class_list":["post-2495","post","type-post","status-publish","format-standard","has-post-thumbnail","hentry","category-spor"],"_links":{"self":[{"href":"https:\/\/sunpress4.com\/index.php\/wp-json\/wp\/v2\/posts\/2495","targetHints":{"allow":["GET"]}}],"collection":[{"href":"https:\/\/sunpress4.com\/index.php\/wp-json\/wp\/v2\/posts"}],"about":[{"href":"https:\/\/sunpress4.com\/index.php\/wp-json\/wp\/v2\/types\/post"}],"replies":[{"embeddable":true,"href":"https:\/\/sunpress4.com\/index.php\/wp-json\/wp\/v2\/comments?post=2495"}],"version-history":[{"count":1,"href":"https:\/\/sunpress4.com\/index.php\/wp-json\/wp\/v2\/posts\/2495\/revisions"}],"predecessor-version":[{"id":2497,"href":"https:\/\/sunpress4.com\/index.php\/wp-json\/wp\/v2\/posts\/2495\/revisions\/2497"}],"wp:featuredmedia":[{"embeddable":true,"href":"https:\/\/sunpress4.com\/index.php\/wp-json\/wp\/v2\/media\/2496"}],"wp:attachment":[{"href":"https:\/\/sunpress4.com\/index.php\/wp-json\/wp\/v2\/media?parent=2495"}],"wp:term":[{"taxonomy":"category","embeddable":true,"href":"https:\/\/sunpress4.com\/index.php\/wp-json\/wp\/v2\/categories?post=2495"},{"taxonomy":"post_tag","embeddable":true,"href":"https:\/\/sunpress4.com\/index.php\/wp-json\/wp\/v2\/tags?post=2495"}],"curies":[{"name":"wp","href":"https:\/\/api.w.org\/{rel}","templated":true}]}}