{"id":2504,"date":"2026-03-22T00:00:23","date_gmt":"2026-03-21T21:00:23","guid":{"rendered":"https:\/\/sunpress4.com\/index.php\/2026\/03\/22\/a-milli-futbol-takiminda-baris-alper-yilmaz-ve-ugurcan-cakir-antrenmanda-yer-almadi-romanya-maci-hazirliklari-surdu\/"},"modified":"2026-03-22T00:00:24","modified_gmt":"2026-03-21T21:00:24","slug":"a-milli-futbol-takiminda-baris-alper-yilmaz-ve-ugurcan-cakir-antrenmanda-yer-almadi-romanya-maci-hazirliklari-surdu","status":"publish","type":"post","link":"https:\/\/sunpress4.com\/index.php\/2026\/03\/22\/a-milli-futbol-takiminda-baris-alper-yilmaz-ve-ugurcan-cakir-antrenmanda-yer-almadi-romanya-maci-hazirliklari-surdu\/","title":{"rendered":"A Milli Futbol Tak\u0131m\u0131\u2019nda Bar\u0131\u015f Alper Y\u0131lmaz ve U\u011furcan \u00c7ak\u0131r antrenmanda yer almad\u0131! Romanya ma\u00e7\u0131 haz\u0131rl\u0131klar\u0131 s\u00fcrd\u00fc"},"content":{"rendered":"<p>A Milli Futbol Tak\u0131m\u0131, 2026 FIFA D\u00fcnya Kupas\u0131 play-off yar\u0131 finalinde 26 Mart&#8217;ta Romanya ile oynayaca\u011f\u0131 kritik m\u00fcsabakan\u0131n haz\u0131rl\u0131klar\u0131na h\u0131z kesmeden devam ediyor. Ay-Y\u0131ld\u0131zl\u0131lar, teknik direkt\u00f6r Vincenzo Montella y\u00f6netiminde ger\u00e7ekle\u015ftirdi\u011fi kamp\u0131n ikinci g\u00fcn\u00fcn\u00fc yo\u011fun bir tempoyla geride b\u0131rakt\u0131.<\/p>\n<p>T\u00fcrkiye Futbol Federasyonu (TFF) taraf\u0131ndan yap\u0131lan a\u00e7\u0131klamaya g\u00f6re, millilerin antrenman\u0131 Riva Hasan Do\u011fan Milli Tak\u0131mlar Kamp ve E\u011fitim Tesisleri&#8217;nde yap\u0131ld\u0131. G\u00fcn\u00fcn program\u0131, detayl\u0131 bir video-analiz toplant\u0131s\u0131yla ba\u015flad\u0131. Ard\u0131ndan salonda kuvvet \u00e7al\u0131\u015fmalar\u0131 yapan futbolcular, T\u00fcrk Hava Yollar\u0131 Antrenman Sahas\u0131&#8217;nda bas\u0131na kapal\u0131 bir idman ger\u00e7ekle\u015ftirdi.<\/p>\n<p>Antrenmana bug\u00fcn tak\u0131ma dahil olan O\u011fuz Ayd\u0131n, Abd\u00fclkerim Bardakc\u0131, Eren Elmal\u0131, Kaan Ayhan, Yunus Akg\u00fcn, Muhammed \u015eengezer, Mustafa Eskihella\u00e7&#8217;\u0131n yan\u0131 s\u0131ra, \u00dcmit Milli Tak\u0131m&#8217;dan davet edilen Baran Ali Gezek, Bar\u0131\u015f Kalayc\u0131, Ey\u00fcp Ayd\u0131n, Hamza G\u00fcreler ve Yasin \u00d6zcan da dahil olmak \u00fczere toplam 19 futbolcu sahada yer ald\u0131.<\/p>\n<p>Sakatl\u0131k raporunda ise baz\u0131 \u00f6nemli detaylar yer ald\u0131. Abd\u00fclkerim Bardakc\u0131 tak\u0131mdan ayr\u0131 olarak bireysel d\u00fcz ko\u015fu yaparken, a\u011fr\u0131lar\u0131 bulunan Bar\u0131\u015f Alper Y\u0131lmaz ve U\u011furcan \u00c7ak\u0131r antrenmanda yer almad\u0131 ve tedavi g\u00f6rd\u00fc. Bu durum, teknik heyet i\u00e7in kadro planlamas\u0131 a\u00e7\u0131s\u0131ndan \u00f6nemli bir geli\u015fme olarak \u00f6ne \u00e7\u0131kt\u0131.<\/p>\n<p>Millilerin antrenman\u0131n\u0131 TFF Ba\u015fkan\u0131 \u0130brahim Hac\u0131osmano\u011flu, TFF Ba\u015fkan Vekili Mecnun Otyakmaz ile y\u00f6netim kurulu \u00fcyeleri Bilal Arslan ve Muhammet Ak\u00e7ay da yak\u0131ndan takip etti. Ay-Y\u0131ld\u0131zl\u0131lar, yar\u0131n saat 18.00&#8217;de yap\u0131lacak ve ilk 15 dakikas\u0131 medya mensuplar\u0131na a\u00e7\u0131k olacak idmanla Romanya ma\u00e7\u0131 haz\u0131rl\u0131klar\u0131na devam edecek.<\/p>\n","protected":false},"excerpt":{"rendered":"<p>A Milli Futbol Tak\u0131m\u0131, 2026 FIFA D\u00fcnya Kupas\u0131 play-off yar\u0131 finalinde 26 Mart&#8217;ta Romanya ile oynayaca\u011f\u0131 kritik m\u00fcsabakan\u0131n haz\u0131rl\u0131klar\u0131na h\u0131z kesmeden devam ediyor. Ay-Y\u0131ld\u0131zl\u0131lar, teknik direkt\u00f6r Vincenzo Montella y\u00f6netiminde ger\u00e7ekle\u015ftirdi\u011fi kamp\u0131n ikinci g\u00fcn\u00fcn\u00fc yo\u011fun bir tempoyla geride b\u0131rakt\u0131. T\u00fcrkiye Futbol Federasyonu (TFF) taraf\u0131ndan yap\u0131lan a\u00e7\u0131klamaya g\u00f6re, millilerin antrenman\u0131 Riva Hasan Do\u011fan Milli Tak\u0131mlar Kamp ve [&hellip;]<\/p>\n","protected":false},"author":0,"featured_media":2505,"comment_status":"open","ping_status":"open","sticky":false,"template":"","format":"standard","meta":{"footnotes":""},"categories":[32],"tags":[],"class_list":["post-2504","post","type-post","status-publish","format-standard","has-post-thumbnail","hentry","category-spor"],"_links":{"self":[{"href":"https:\/\/sunpress4.com\/index.php\/wp-json\/wp\/v2\/posts\/2504","targetHints":{"allow":["GET"]}}],"collection":[{"href":"https:\/\/sunpress4.com\/index.php\/wp-json\/wp\/v2\/posts"}],"about":[{"href":"https:\/\/sunpress4.com\/index.php\/wp-json\/wp\/v2\/types\/post"}],"replies":[{"embeddable":true,"href":"https:\/\/sunpress4.com\/index.php\/wp-json\/wp\/v2\/comments?post=2504"}],"version-history":[{"count":1,"href":"https:\/\/sunpress4.com\/index.php\/wp-json\/wp\/v2\/posts\/2504\/revisions"}],"predecessor-version":[{"id":2506,"href":"https:\/\/sunpress4.com\/index.php\/wp-json\/wp\/v2\/posts\/2504\/revisions\/2506"}],"wp:featuredmedia":[{"embeddable":true,"href":"https:\/\/sunpress4.com\/index.php\/wp-json\/wp\/v2\/media\/2505"}],"wp:attachment":[{"href":"https:\/\/sunpress4.com\/index.php\/wp-json\/wp\/v2\/media?parent=2504"}],"wp:term":[{"taxonomy":"category","embeddable":true,"href":"https:\/\/sunpress4.com\/index.php\/wp-json\/wp\/v2\/categories?post=2504"},{"taxonomy":"post_tag","embeddable":true,"href":"https:\/\/sunpress4.com\/index.php\/wp-json\/wp\/v2\/tags?post=2504"}],"curies":[{"name":"wp","href":"https:\/\/api.w.org\/{rel}","templated":true}]}}