{"id":2537,"date":"2026-03-24T00:00:17","date_gmt":"2026-03-23T21:00:17","guid":{"rendered":"https:\/\/sunpress4.com\/index.php\/2026\/03\/24\/gaziantep-fk-alanyaspor-macinin-hazirliklarina-basladi\/"},"modified":"2026-03-24T00:00:19","modified_gmt":"2026-03-23T21:00:19","slug":"gaziantep-fk-alanyaspor-macinin-hazirliklarina-basladi","status":"publish","type":"post","link":"https:\/\/sunpress4.com\/index.php\/2026\/03\/24\/gaziantep-fk-alanyaspor-macinin-hazirliklarina-basladi\/","title":{"rendered":"Gaziantep FK, Alanyaspor ma\u00e7\u0131n\u0131n haz\u0131rl\u0131klar\u0131na ba\u015flad\u0131"},"content":{"rendered":"<p>Gaziantep Futbol Kul\u00fcb\u00fc, Trendyol S\u00fcper Lig&#8217;in 28. hafta m\u00fccadelesinde kendi sahas\u0131nda Corendon Alanyaspor&#8217;u a\u011f\u0131rlayaca\u011f\u0131 kar\u015f\u0131la\u015fman\u0131n haz\u0131rl\u0131klar\u0131na, milli ma\u00e7lar dolay\u0131s\u0131yla verilen be\u015f g\u00fcnl\u00fck aran\u0131n ard\u0131ndan yeniden start verdi. K\u0131rm\u0131z\u0131-siyahl\u0131lar, 4 Nisan Cumartesi g\u00fcn\u00fc oynanacak kritik ma\u00e7 \u00f6ncesi idmanlara h\u0131z kesmeden devam ediyor. Kul\u00fcpten gelen bilgilere g\u00f6re, teknik direkt\u00f6r Burak Y\u0131lmaz&#8217;\u0131n UEFA Pro Lisans Kursu&#8217;nda bulunmas\u0131 sebebiyle bu antrenman seans\u0131, yard\u0131mc\u0131 antren\u00f6rlerin g\u00f6zetiminde ger\u00e7ekle\u015ftirildi. Yakla\u015f\u0131k 1 saat 15 dakika s\u00fcren idman, tak\u0131m\u0131n fiziksel ve taktiksel haz\u0131rl\u0131\u011f\u0131na katk\u0131 sa\u011flad\u0131. Milli tak\u0131mlar\u0131na davet edilen \u00f6nemli isimler Deian Sorescu, Nihad Mujakic ve Myenty Abena ise bu haz\u0131rl\u0131k \u00e7al\u0131\u015fmas\u0131nda yer almad\u0131. Bu oyuncular\u0131n yoklu\u011funda di\u011fer futbolcular performanslar\u0131n\u0131 sergileme f\u0131rsat\u0131 buldu. Antrenman program\u0131, oyuncular\u0131n \u0131s\u0131nma ve koordinasyon becerilerini geli\u015ftirmeye y\u00f6nelik \u00e7al\u0131\u015fmalarla ba\u015flad\u0131. Daha sonra pas pratiklerine ge\u00e7ilirken, idman\u0131n son b\u00f6l\u00fcm\u00fcnde ise tak\u0131m\u0131n h\u00fccum ve savunma aras\u0131ndaki h\u0131zl\u0131 ge\u00e7i\u015flerini geli\u015ftirmeye odaklanan organizasyonlar \u00fczerinde duruldu. K\u0131rm\u0131z\u0131-siyahl\u0131lar, Corendon Alanyaspor kar\u015f\u0131la\u015fmas\u0131 i\u00e7in haz\u0131rl\u0131klar\u0131na yar\u0131n ger\u00e7ekle\u015ftirecekleri antrenmanla devam edecek. Tak\u0131m, bu \u00f6nemli ma\u00e7tan puan veya puanlar alabilmek i\u00e7in \u00e7al\u0131\u015fmalar\u0131n\u0131 aral\u0131ks\u0131z s\u00fcrd\u00fcr\u00fcyor.<\/p>\n","protected":false},"excerpt":{"rendered":"<p>Gaziantep Futbol Kul\u00fcb\u00fc, Trendyol S\u00fcper Lig&#8217;in 28. hafta m\u00fccadelesinde kendi sahas\u0131nda Corendon Alanyaspor&#8217;u a\u011f\u0131rlayaca\u011f\u0131 kar\u015f\u0131la\u015fman\u0131n haz\u0131rl\u0131klar\u0131na, milli ma\u00e7lar dolay\u0131s\u0131yla verilen be\u015f g\u00fcnl\u00fck aran\u0131n ard\u0131ndan yeniden start verdi. K\u0131rm\u0131z\u0131-siyahl\u0131lar, 4 Nisan Cumartesi g\u00fcn\u00fc oynanacak kritik ma\u00e7 \u00f6ncesi idmanlara h\u0131z kesmeden devam ediyor. Kul\u00fcpten gelen bilgilere g\u00f6re, teknik direkt\u00f6r Burak Y\u0131lmaz&#8217;\u0131n UEFA Pro Lisans Kursu&#8217;nda bulunmas\u0131 sebebiyle [&hellip;]<\/p>\n","protected":false},"author":0,"featured_media":2538,"comment_status":"open","ping_status":"open","sticky":false,"template":"","format":"standard","meta":{"footnotes":""},"categories":[32],"tags":[],"class_list":["post-2537","post","type-post","status-publish","format-standard","has-post-thumbnail","hentry","category-spor"],"_links":{"self":[{"href":"https:\/\/sunpress4.com\/index.php\/wp-json\/wp\/v2\/posts\/2537","targetHints":{"allow":["GET"]}}],"collection":[{"href":"https:\/\/sunpress4.com\/index.php\/wp-json\/wp\/v2\/posts"}],"about":[{"href":"https:\/\/sunpress4.com\/index.php\/wp-json\/wp\/v2\/types\/post"}],"replies":[{"embeddable":true,"href":"https:\/\/sunpress4.com\/index.php\/wp-json\/wp\/v2\/comments?post=2537"}],"version-history":[{"count":1,"href":"https:\/\/sunpress4.com\/index.php\/wp-json\/wp\/v2\/posts\/2537\/revisions"}],"predecessor-version":[{"id":2541,"href":"https:\/\/sunpress4.com\/index.php\/wp-json\/wp\/v2\/posts\/2537\/revisions\/2541"}],"wp:featuredmedia":[{"embeddable":true,"href":"https:\/\/sunpress4.com\/index.php\/wp-json\/wp\/v2\/media\/2538"}],"wp:attachment":[{"href":"https:\/\/sunpress4.com\/index.php\/wp-json\/wp\/v2\/media?parent=2537"}],"wp:term":[{"taxonomy":"category","embeddable":true,"href":"https:\/\/sunpress4.com\/index.php\/wp-json\/wp\/v2\/categories?post=2537"},{"taxonomy":"post_tag","embeddable":true,"href":"https:\/\/sunpress4.com\/index.php\/wp-json\/wp\/v2\/tags?post=2537"}],"curies":[{"name":"wp","href":"https:\/\/api.w.org\/{rel}","templated":true}]}}