{"id":2546,"date":"2026-03-24T00:00:37","date_gmt":"2026-03-23T21:00:37","guid":{"rendered":"https:\/\/sunpress4.com\/index.php\/2026\/03\/24\/genclerbirliginin-portekizli-kalecisi-ricardo-velhoya-milli-davet\/"},"modified":"2026-03-24T00:00:37","modified_gmt":"2026-03-23T21:00:37","slug":"genclerbirliginin-portekizli-kalecisi-ricardo-velhoya-milli-davet","status":"publish","type":"post","link":"https:\/\/sunpress4.com\/index.php\/2026\/03\/24\/genclerbirliginin-portekizli-kalecisi-ricardo-velhoya-milli-davet\/","title":{"rendered":"Gen\u00e7lerbirli\u011fi&#8217;nin Portekizli kalecisi Ricardo Velho&#8217;ya milli davet"},"content":{"rendered":"<p>Gen\u00e7lerbirli\u011fi&#8217;nin ba\u015far\u0131l\u0131 kalecisi Ricardo Velho, Portekiz Milli Tak\u0131m\u0131&#8217;n\u0131n Meksika ve ABD ile oynayaca\u011f\u0131 haz\u0131rl\u0131k ma\u00e7lar\u0131n\u0131n aday kadrosuna dahil edildi. Porto&#8217;nun y\u0131ld\u0131z file bek\u00e7isi Diogo Costa&#8217;n\u0131n sakatl\u0131\u011f\u0131 sebebiyle bu \u00f6nemli \u00e7a\u011fr\u0131y\u0131 alan 27 ya\u015f\u0131ndaki Velho, kariyerinde ilk kez milli tak\u0131m kamp\u0131na kat\u0131lma f\u0131rsat\u0131 buldu. Bu geli\u015fme, ba\u015fkent ekibinin ve T\u00fcrk futbolunun da dikkatini \u00e7ekti.<\/p>\n<p>Farense&#8217;den sezon ba\u015f\u0131nda kiral\u0131k olarak Gen\u00e7lerbirli\u011fi&#8217;ne transfer olan Ricardo Velho, forma giymesi halinde Portekiz A Milli Tak\u0131m\u0131 i\u00e7in ilk kez sahaya \u00e7\u0131kacak. S\u00fcper Lig&#8217;de bu sezon 26 ma\u00e7ta g\u00f6rev alan ba\u015far\u0131l\u0131 eldivenin, 3.5 milyon Euro&#8217;luk bir sat\u0131n alma opsiyonu bulunuyor. Portekiz milli tak\u0131m\u0131na y\u00fckseli\u015fi, onun kariyerinde \u00f6nemli bir d\u00f6n\u00fcm noktas\u0131 olarak de\u011ferlendiriliyor.<\/p>\n<p>Portekiz Milli Tak\u0131m\u0131&#8217;n\u0131n bu \u00f6zel kadrosunda, sakatl\u0131\u011f\u0131 nedeniyle d\u00fcnya futbolunun efsane isimlerinden Cristiano Ronaldo yer almad\u0131. Bu durum, gen\u00e7 yeteneklere ve yeni y\u00fczlere kendilerini g\u00f6sterme \u015fans\u0131 sunuyor.<\/p>\n<p>Meksika ve ABD kar\u015f\u0131la\u015fmalar\u0131 i\u00e7in a\u00e7\u0131klanan Portekiz Milli Tak\u0131m\u0131 aday kadrosu \u015fu isimlerden olu\u015fuyor:<\/p>\n<p><strong>KALEC\u0130LER:<\/strong> Jose Sa, Rui Silva, Ricardo Velho.<\/p>\n<p><strong>SAVUNMA:<\/strong> Matheus Nunes, Dalot, Cancelo, Nuno Mendes, Inacio, Veiga, Antonio Silva, Araujo.<\/p>\n<p><strong>ORTA SAHA:<\/strong> Ruben Neves, Samu Costa, Mateus Fernandes, Joao Neves, Vitinha, Bruno Fernandes.<\/p>\n<p><strong>H\u00dcCUM:<\/strong> Rodrigo Mora, Ricardo Horta, Pedro Gon\u00e7alves, Joao Felix, Trincao, Francisco Concei\u00e7ao, Pedro Neto, Leao, Gon\u00e7alo Guedes, Gon\u00e7alo Ramos.<\/p>\n","protected":false},"excerpt":{"rendered":"<p>Gen\u00e7lerbirli\u011fi&#8217;nin ba\u015far\u0131l\u0131 kalecisi Ricardo Velho, Portekiz Milli Tak\u0131m\u0131&#8217;n\u0131n Meksika ve ABD ile oynayaca\u011f\u0131 haz\u0131rl\u0131k ma\u00e7lar\u0131n\u0131n aday kadrosuna dahil edildi. Porto&#8217;nun y\u0131ld\u0131z file bek\u00e7isi Diogo Costa&#8217;n\u0131n sakatl\u0131\u011f\u0131 sebebiyle bu \u00f6nemli \u00e7a\u011fr\u0131y\u0131 alan 27 ya\u015f\u0131ndaki Velho, kariyerinde ilk kez milli tak\u0131m kamp\u0131na kat\u0131lma f\u0131rsat\u0131 buldu. Bu geli\u015fme, ba\u015fkent ekibinin ve T\u00fcrk futbolunun da dikkatini \u00e7ekti. Farense&#8217;den sezon [&hellip;]<\/p>\n","protected":false},"author":0,"featured_media":2547,"comment_status":"open","ping_status":"open","sticky":false,"template":"","format":"standard","meta":{"footnotes":""},"categories":[32],"tags":[],"class_list":["post-2546","post","type-post","status-publish","format-standard","has-post-thumbnail","hentry","category-spor"],"_links":{"self":[{"href":"https:\/\/sunpress4.com\/index.php\/wp-json\/wp\/v2\/posts\/2546","targetHints":{"allow":["GET"]}}],"collection":[{"href":"https:\/\/sunpress4.com\/index.php\/wp-json\/wp\/v2\/posts"}],"about":[{"href":"https:\/\/sunpress4.com\/index.php\/wp-json\/wp\/v2\/types\/post"}],"replies":[{"embeddable":true,"href":"https:\/\/sunpress4.com\/index.php\/wp-json\/wp\/v2\/comments?post=2546"}],"version-history":[{"count":1,"href":"https:\/\/sunpress4.com\/index.php\/wp-json\/wp\/v2\/posts\/2546\/revisions"}],"predecessor-version":[{"id":2548,"href":"https:\/\/sunpress4.com\/index.php\/wp-json\/wp\/v2\/posts\/2546\/revisions\/2548"}],"wp:featuredmedia":[{"embeddable":true,"href":"https:\/\/sunpress4.com\/index.php\/wp-json\/wp\/v2\/media\/2547"}],"wp:attachment":[{"href":"https:\/\/sunpress4.com\/index.php\/wp-json\/wp\/v2\/media?parent=2546"}],"wp:term":[{"taxonomy":"category","embeddable":true,"href":"https:\/\/sunpress4.com\/index.php\/wp-json\/wp\/v2\/categories?post=2546"},{"taxonomy":"post_tag","embeddable":true,"href":"https:\/\/sunpress4.com\/index.php\/wp-json\/wp\/v2\/tags?post=2546"}],"curies":[{"name":"wp","href":"https:\/\/api.w.org\/{rel}","templated":true}]}}