{"id":2561,"date":"2026-03-25T00:00:16","date_gmt":"2026-03-24T21:00:16","guid":{"rendered":"https:\/\/sunpress4.com\/index.php\/2026\/03\/25\/atmosferleri-fenaymis-barcelonanin-yildizindan-galatasaray-sozleri\/"},"modified":"2026-03-25T00:00:17","modified_gmt":"2026-03-24T21:00:17","slug":"atmosferleri-fenaymis-barcelonanin-yildizindan-galatasaray-sozleri","status":"publish","type":"post","link":"https:\/\/sunpress4.com\/index.php\/2026\/03\/25\/atmosferleri-fenaymis-barcelonanin-yildizindan-galatasaray-sozleri\/","title":{"rendered":"&#8216;Atmosferleri fenaym\u0131\u015f&#8217; Barcelona&#8217;n\u0131n y\u0131ld\u0131z\u0131ndan Galatasaray s\u00f6zleri!"},"content":{"rendered":"<p>Barcelona&#8217;n\u0131n ba\u015far\u0131l\u0131 defans oyuncusu Jules Kounde, kat\u0131ld\u0131\u011f\u0131 bir canl\u0131 yay\u0131nda T\u00fcrkiye&#8217;nin k\u00f6kl\u00fc kul\u00fcplerinden Galatasaray&#8217;\u0131n taraftar atmosferi hakk\u0131nda \u00e7arp\u0131c\u0131 a\u00e7\u0131klamalarda bulundu. Frans\u0131z y\u0131ld\u0131z\u0131n bu s\u00f6zleri, sar\u0131-k\u0131rm\u0131z\u0131l\u0131 camian\u0131n Avrupa sahnesindeki etkisini ve yaratt\u0131\u011f\u0131 e\u015fsiz atmosferi bir kez daha g\u00f6zler \u00f6n\u00fcne serdi.<\/p>\n<p>Kounde, kendisinin Galatasaray ile daha \u00f6nce kar\u015f\u0131la\u015fmad\u0131\u011f\u0131n\u0131 belirtirken, tak\u0131m arkada\u015flar\u0131ndan edindi\u011fi izlenimleri aktard\u0131. &#8220;Galatasaray&#8217;la kar\u015f\u0131la\u015fmad\u0131m ama tak\u0131mda onlarla ma\u00e7 yapm\u0131\u015f oyuncular var,&#8221; diyen Kounde, s\u00f6zlerine \u015f\u00f6yle devam etti: &#8220;Duydu\u011fuma g\u00f6re atmosferleri fenaym\u0131\u015f. Kendinizi bile duyam\u0131yormu\u015fsunuz.&#8221; Bu ifadeler, Rams Park&#8217;taki yo\u011fun taraftar deste\u011finin rakip oyuncular \u00fczerindeki derin etkisini bir kez daha kan\u0131tlad\u0131.<\/p>\n<p>Galatasaray, bu sezon UEFA \u015eampiyonlar Ligi&#8217;nde i\u00e7 sahada oynad\u0131\u011f\u0131 ma\u00e7larda taraftarlar\u0131n\u0131n yaratt\u0131\u011f\u0131 destans\u0131 atmosferle d\u00fcnya g\u00fcndemine oturmu\u015ftu. Avrupa&#8217;n\u0131n \u00f6nde gelen tak\u0131mlar\u0131na kar\u015f\u0131 g\u00f6sterilen performans\u0131n yan\u0131 s\u0131ra, trib\u00fcnlerden y\u00fckselen ses ve g\u00f6rsel \u015f\u00f6lenler, rakip oyuncular i\u00e7in adeta bir k\u00e2busa d\u00f6n\u00fc\u015fm\u00fc\u015ft\u00fc. Jules Kounde&#8217;nin yorumlar\u0131, sar\u0131-k\u0131rm\u0131z\u0131l\u0131 taraftarlar\u0131n &#8220;Cehenneme Ho\u015f Geldiniz&#8221; mesaj\u0131n\u0131 Avrupa&#8217;ya nas\u0131l hissettirdi\u011finin \u00f6nemli bir g\u00f6stergesi olarak kay\u0131tlara ge\u00e7ti.<\/p>\n","protected":false},"excerpt":{"rendered":"<p>Barcelona&#8217;n\u0131n ba\u015far\u0131l\u0131 defans oyuncusu Jules Kounde, kat\u0131ld\u0131\u011f\u0131 bir canl\u0131 yay\u0131nda T\u00fcrkiye&#8217;nin k\u00f6kl\u00fc kul\u00fcplerinden Galatasaray&#8217;\u0131n taraftar atmosferi hakk\u0131nda \u00e7arp\u0131c\u0131 a\u00e7\u0131klamalarda bulundu. Frans\u0131z y\u0131ld\u0131z\u0131n bu s\u00f6zleri, sar\u0131-k\u0131rm\u0131z\u0131l\u0131 camian\u0131n Avrupa sahnesindeki etkisini ve yaratt\u0131\u011f\u0131 e\u015fsiz atmosferi bir kez daha g\u00f6zler \u00f6n\u00fcne serdi. Kounde, kendisinin Galatasaray ile daha \u00f6nce kar\u015f\u0131la\u015fmad\u0131\u011f\u0131n\u0131 belirtirken, tak\u0131m arkada\u015flar\u0131ndan edindi\u011fi izlenimleri aktard\u0131. &#8220;Galatasaray&#8217;la kar\u015f\u0131la\u015fmad\u0131m ama [&hellip;]<\/p>\n","protected":false},"author":0,"featured_media":2562,"comment_status":"open","ping_status":"open","sticky":false,"template":"","format":"standard","meta":{"footnotes":""},"categories":[32],"tags":[],"class_list":["post-2561","post","type-post","status-publish","format-standard","has-post-thumbnail","hentry","category-spor"],"_links":{"self":[{"href":"https:\/\/sunpress4.com\/index.php\/wp-json\/wp\/v2\/posts\/2561","targetHints":{"allow":["GET"]}}],"collection":[{"href":"https:\/\/sunpress4.com\/index.php\/wp-json\/wp\/v2\/posts"}],"about":[{"href":"https:\/\/sunpress4.com\/index.php\/wp-json\/wp\/v2\/types\/post"}],"replies":[{"embeddable":true,"href":"https:\/\/sunpress4.com\/index.php\/wp-json\/wp\/v2\/comments?post=2561"}],"version-history":[{"count":1,"href":"https:\/\/sunpress4.com\/index.php\/wp-json\/wp\/v2\/posts\/2561\/revisions"}],"predecessor-version":[{"id":2563,"href":"https:\/\/sunpress4.com\/index.php\/wp-json\/wp\/v2\/posts\/2561\/revisions\/2563"}],"wp:featuredmedia":[{"embeddable":true,"href":"https:\/\/sunpress4.com\/index.php\/wp-json\/wp\/v2\/media\/2562"}],"wp:attachment":[{"href":"https:\/\/sunpress4.com\/index.php\/wp-json\/wp\/v2\/media?parent=2561"}],"wp:term":[{"taxonomy":"category","embeddable":true,"href":"https:\/\/sunpress4.com\/index.php\/wp-json\/wp\/v2\/categories?post=2561"},{"taxonomy":"post_tag","embeddable":true,"href":"https:\/\/sunpress4.com\/index.php\/wp-json\/wp\/v2\/tags?post=2561"}],"curies":[{"name":"wp","href":"https:\/\/api.w.org\/{rel}","templated":true}]}}