{"id":2564,"date":"2026-03-25T00:00:27","date_gmt":"2026-03-24T21:00:27","guid":{"rendered":"https:\/\/sunpress4.com\/index.php\/2026\/03\/25\/galatasarayda-trabzonspor-mesaisi-basladi\/"},"modified":"2026-03-25T00:00:28","modified_gmt":"2026-03-24T21:00:28","slug":"galatasarayda-trabzonspor-mesaisi-basladi","status":"publish","type":"post","link":"https:\/\/sunpress4.com\/index.php\/2026\/03\/25\/galatasarayda-trabzonspor-mesaisi-basladi\/","title":{"rendered":"Galatasaray&#8217;da Trabzonspor mesaisi ba\u015flad\u0131"},"content":{"rendered":"<p>Galatasaray, Trendyol S\u00fcper Lig\u2019in 28. haftas\u0131nda deplasmanda oynayaca\u011f\u0131 kritik Trabzonspor ma\u00e7\u0131 \u00f6ncesindeki haz\u0131rl\u0131klar\u0131na bug\u00fcn itibar\u0131yla ba\u015flad\u0131. Sar\u0131-k\u0131rm\u0131z\u0131l\u0131 ekip, Kemerburgaz Metin Oktay Tesisleri\u2019nde ger\u00e7ekle\u015ftirdi\u011fi antrenmana, ilk olarak salonda yap\u0131lan kapsaml\u0131 \u0131s\u0131nma \u00e7al\u0131\u015fmalar\u0131yla start verdi. \u0130dman\u0131n ilerleyen b\u00f6l\u00fcmlerinde futbolcular, sahaya ge\u00e7erek iki grup halinde organize edilen 8\u2019e 2 pas \u00e7al\u0131\u015fmas\u0131yla topa hakimiyet ve pasla\u015fma becerilerini geli\u015ftirdi. Teknik Direkt\u00f6r Okan Buruk y\u00f6netimindeki antrenman, \u00f6zellikle topa sahip olma \u00fczerine kurulu taktiksel \u00e7al\u0131\u015fmalarla devam etti ve y\u00fcksek tempolu bir \u00e7ift kale ma\u00e7la sona erdi. Galatasaray, Trabzonspor m\u00fccadelesi i\u00e7in haz\u0131rl\u0131klar\u0131n\u0131 yo\u011fun bir tempoyla s\u00fcrd\u00fcrecek. Yar\u0131n, sar\u0131-k\u0131rm\u0131z\u0131l\u0131lar hem saat 12.00\u2019de hem de 17.00\u2019de olmak \u00fczere iki farkl\u0131 idman program\u0131 uygulayarak ma\u00e7 \u00f6ncesi son r\u00f6tu\u015flar\u0131 yapacak.<\/p>\n","protected":false},"excerpt":{"rendered":"<p>Galatasaray, Trendyol S\u00fcper Lig\u2019in 28. haftas\u0131nda deplasmanda oynayaca\u011f\u0131 kritik Trabzonspor ma\u00e7\u0131 \u00f6ncesindeki haz\u0131rl\u0131klar\u0131na bug\u00fcn itibar\u0131yla ba\u015flad\u0131. Sar\u0131-k\u0131rm\u0131z\u0131l\u0131 ekip, Kemerburgaz Metin Oktay Tesisleri\u2019nde ger\u00e7ekle\u015ftirdi\u011fi antrenmana, ilk olarak salonda yap\u0131lan kapsaml\u0131 \u0131s\u0131nma \u00e7al\u0131\u015fmalar\u0131yla start verdi. \u0130dman\u0131n ilerleyen b\u00f6l\u00fcmlerinde futbolcular, sahaya ge\u00e7erek iki grup halinde organize edilen 8\u2019e 2 pas \u00e7al\u0131\u015fmas\u0131yla topa hakimiyet ve pasla\u015fma becerilerini geli\u015ftirdi. Teknik [&hellip;]<\/p>\n","protected":false},"author":0,"featured_media":2565,"comment_status":"open","ping_status":"open","sticky":false,"template":"","format":"standard","meta":{"footnotes":""},"categories":[32],"tags":[],"class_list":["post-2564","post","type-post","status-publish","format-standard","has-post-thumbnail","hentry","category-spor"],"_links":{"self":[{"href":"https:\/\/sunpress4.com\/index.php\/wp-json\/wp\/v2\/posts\/2564","targetHints":{"allow":["GET"]}}],"collection":[{"href":"https:\/\/sunpress4.com\/index.php\/wp-json\/wp\/v2\/posts"}],"about":[{"href":"https:\/\/sunpress4.com\/index.php\/wp-json\/wp\/v2\/types\/post"}],"replies":[{"embeddable":true,"href":"https:\/\/sunpress4.com\/index.php\/wp-json\/wp\/v2\/comments?post=2564"}],"version-history":[{"count":1,"href":"https:\/\/sunpress4.com\/index.php\/wp-json\/wp\/v2\/posts\/2564\/revisions"}],"predecessor-version":[{"id":2568,"href":"https:\/\/sunpress4.com\/index.php\/wp-json\/wp\/v2\/posts\/2564\/revisions\/2568"}],"wp:featuredmedia":[{"embeddable":true,"href":"https:\/\/sunpress4.com\/index.php\/wp-json\/wp\/v2\/media\/2565"}],"wp:attachment":[{"href":"https:\/\/sunpress4.com\/index.php\/wp-json\/wp\/v2\/media?parent=2564"}],"wp:term":[{"taxonomy":"category","embeddable":true,"href":"https:\/\/sunpress4.com\/index.php\/wp-json\/wp\/v2\/categories?post=2564"},{"taxonomy":"post_tag","embeddable":true,"href":"https:\/\/sunpress4.com\/index.php\/wp-json\/wp\/v2\/tags?post=2564"}],"curies":[{"name":"wp","href":"https:\/\/api.w.org\/{rel}","templated":true}]}}