{"id":2575,"date":"2026-03-25T12:00:22","date_gmt":"2026-03-25T09:00:22","guid":{"rendered":"https:\/\/sunpress4.com\/index.php\/2026\/03\/25\/devre-arasi-transferleri-trabzonspora-yaradi\/"},"modified":"2026-03-25T12:00:25","modified_gmt":"2026-03-25T09:00:25","slug":"devre-arasi-transferleri-trabzonspora-yaradi","status":"publish","type":"post","link":"https:\/\/sunpress4.com\/index.php\/2026\/03\/25\/devre-arasi-transferleri-trabzonspora-yaradi\/","title":{"rendered":"Devre aras\u0131 transferleri Trabzonspor&#8217;a yarad\u0131"},"content":{"rendered":"<p>Trabzonspor, yo\u011fun ge\u00e7en ara transfer d\u00f6nemini kadrosuna yapt\u0131\u011f\u0131 stratejik takviyeler ve \u00f6nemli ayr\u0131l\u0131klarla tamamlad\u0131. 2 Ocak \u2013 6 \u015eubat tarihleri aras\u0131nda s\u00fcren bu periyotta bordo-mavili ekip, savunma ve h\u00fccum hatt\u0131n\u0131 g\u00fc\u00e7lendiren Nijeryal\u0131 stoper Chibuike Nwaiwu, Norve\u00e7li sol bek Mathias Lovik ve tecr\u00fcbeli forvet Umut Nay\u0131r&#8217;\u0131 renklerine ba\u011flad\u0131. Ayn\u0131 s\u00fcre\u00e7te Danylo Sikan ve Denis Dragu\u015f gibi isimlerin yan\u0131 s\u0131ra Kazeem Olaigbe, Arif Bo\u015fluk ve Rayyan Baniya ile yollar ayr\u0131ld\u0131, bu hamleler tak\u0131m i\u00e7i dengeleri yeniden \u015fekillendirdi.<\/p>\n<p>**Nwaiwu Savunmaya G\u00fc\u00e7 ve Sertlik Katt\u0131**<\/p>\n<p>Ara transfer d\u00f6neminin en dikkat \u00e7eken isimlerinden biri olan Chibuike Nwaiwu, k\u0131sa s\u00fcrede Trabzonspor savunmas\u0131n\u0131n vazge\u00e7ilmezi haline geldi. Wolfsberger AC&#8217;den transfer edilen Nijeryal\u0131 savunmac\u0131, \u00fcst\u00fcn fizik g\u00fcc\u00fc, hava toplar\u0131ndaki hakimiyeti ve m\u00fcdahalelerindeki sertlikle \u00f6n plana \u00e7\u0131kt\u0131. \u00d6zellikle bordo-mavili ekibin hava topu zaafiyetlerini gidermede kilit rol oynayan Nwaiwu, sahaya yans\u0131tt\u0131\u011f\u0131 liderlik ve azimli futbolla teknik heyetten tam not ald\u0131. Savunmaya getirdi\u011fi direncin yan\u0131 s\u0131ra, att\u0131\u011f\u0131 2 kritik golle de skora do\u011frudan katk\u0131 sa\u011flayarak taraftar\u0131n k\u0131sa s\u00fcrede sevgilisi oldu.<\/p>\n<p>**Mathias Lovik Uyum S\u00fcrecinde Y\u00fckseli\u015fini S\u00fcrd\u00fcr\u00fcyor**<\/p>\n<p>Parma&#8217;dan kadroya dahil edilen Norve\u00e7li sol bek Mathias Lovik, tak\u0131ma kat\u0131ld\u0131\u011f\u0131 ilk haftalarda adaptasyon s\u00fcreciyle dikkat \u00e7ekti. Gen\u00e7 oyuncu, enerjik yap\u0131s\u0131, h\u00fccumdaki etkili bindirmeleri ve isabetli ortalar\u0131yla Trabzonspor&#8217;un h\u00fccum varyasyonlar\u0131na yeni bir boyut kazand\u0131rd\u0131. \u015eu ana kadar bir asist yaparak potansiyelini sergileyen Lovik&#8217;in, savunma yerle\u015fimi ve tak\u0131m organizasyonuna tam adaptasyonu i\u00e7in \u00e7al\u0131\u015fmalar\u0131n\u0131 s\u00fcrd\u00fcrd\u00fc\u011f\u00fc g\u00f6zlemleniyor. Teknik ekibin, ilerleyen haftalarda Lovik&#8217;in daha istikrarl\u0131 ve etkili performanslar sergilemesini bekledi\u011fi belirtiliyor.<\/p>\n<p>**Umut Nay\u0131r Forvet Rotasyonuna Derinlik Getirdi**<\/p>\n<p>Konyaspor&#8217;dan transfer edilen golc\u00fc Umut Nay\u0131r, hem yerli oyuncu stat\u00fcs\u00fc hem de pivot santrfor \u00f6zellikleriyle teknik direkt\u00f6r Fatih Tekke&#8217;nin \u00f6nemli bir kozu haline geldi. Fiziksel g\u00fcc\u00fc ve hava toplar\u0131ndaki \u00fcst\u00fcnl\u00fc\u011f\u00fc sayesinde Paul Onuachu&#8217;nun yoklu\u011funda g\u00fcvenilir bir alternatif olmay\u0131 ba\u015faran Nay\u0131r, ayn\u0131 zamanda Onuachu ile birlikte \u00e7ift forvetli sistemlerde de tak\u0131m\u0131n h\u00fccum etkinli\u011fini art\u0131rabilecek bir se\u00e7enek sundu. Umut Nay\u0131r&#8217;\u0131n tak\u0131ma kat\u0131lmas\u0131yla forvet hatt\u0131ndaki rekabetin artmas\u0131, genel kadro derinli\u011fini olumlu y\u00f6nde etkiledi.<\/p>\n<p>**Ayr\u0131l\u0131klar\u0131n Tak\u0131m \u00dczerinde Olumsuz Etkisi Hissedilmedi**<\/p>\n<p>Ara transfer d\u00f6neminde Trabzonspor&#8217;dan ayr\u0131lan oyuncular\u0131n eksikli\u011fi, tak\u0131m\u0131n ikinci yar\u0131 performans\u0131nda hissedilmedi. Kadro planlamas\u0131nda yer almayan veya daha az s\u00fcre alan isimlerle yollar\u0131n ayr\u0131lmas\u0131, tak\u0131m i\u00e7i rekabeti daha sa\u011fl\u0131kl\u0131 bir d\u00fczeye ta\u015f\u0131d\u0131. Giden oyuncular\u0131n bo\u015flu\u011funu dolduran yeni transferlerin ve mevcut kadrodaki di\u011fer futbolcular\u0131n daha fazla sorumluluk almas\u0131, bordo-mavili ekibin genel performans\u0131na pozitif bir ivme kazand\u0131rd\u0131.<\/p>\n<p>**\u0130kinci Yar\u0131 \u0130\u00e7in Netle\u015fen Oyun Plan\u0131**<\/p>\n<p>Yap\u0131lan nokta transfer hamleleriyle birlikte Trabzonspor&#8217;un ikinci yar\u0131daki oyun plan\u0131 da belirginle\u015fti. Savunmada daha diren\u00e7li ve kompakt, h\u00fccumda ise daha organize ve \u00e7e\u015fitli bir yap\u0131 sergileme hedefi ta\u015f\u0131yan bordo-mavililer, ara transfer d\u00f6nemini verimli kullanarak sezonun kalan b\u00f6l\u00fcm\u00fcne daha g\u00fc\u00e7l\u00fc ve iddial\u0131 bir \u015fekilde girmeyi ama\u00e7l\u0131yor. Bu transfer stratejisi, tak\u0131m\u0131n lig ve kupa hedeflerine ula\u015fmas\u0131nda kritik bir rol oynayacak.<\/p>\n","protected":false},"excerpt":{"rendered":"<p>Trabzonspor, yo\u011fun ge\u00e7en ara transfer d\u00f6nemini kadrosuna yapt\u0131\u011f\u0131 stratejik takviyeler ve \u00f6nemli ayr\u0131l\u0131klarla tamamlad\u0131. 2 Ocak \u2013 6 \u015eubat tarihleri aras\u0131nda s\u00fcren bu periyotta bordo-mavili ekip, savunma ve h\u00fccum hatt\u0131n\u0131 g\u00fc\u00e7lendiren Nijeryal\u0131 stoper Chibuike Nwaiwu, Norve\u00e7li sol bek Mathias Lovik ve tecr\u00fcbeli forvet Umut Nay\u0131r&#8217;\u0131 renklerine ba\u011flad\u0131. Ayn\u0131 s\u00fcre\u00e7te Danylo Sikan ve Denis Dragu\u015f gibi [&hellip;]<\/p>\n","protected":false},"author":0,"featured_media":2576,"comment_status":"open","ping_status":"open","sticky":false,"template":"","format":"standard","meta":{"footnotes":""},"categories":[32],"tags":[],"class_list":["post-2575","post","type-post","status-publish","format-standard","has-post-thumbnail","hentry","category-spor"],"_links":{"self":[{"href":"https:\/\/sunpress4.com\/index.php\/wp-json\/wp\/v2\/posts\/2575","targetHints":{"allow":["GET"]}}],"collection":[{"href":"https:\/\/sunpress4.com\/index.php\/wp-json\/wp\/v2\/posts"}],"about":[{"href":"https:\/\/sunpress4.com\/index.php\/wp-json\/wp\/v2\/types\/post"}],"replies":[{"embeddable":true,"href":"https:\/\/sunpress4.com\/index.php\/wp-json\/wp\/v2\/comments?post=2575"}],"version-history":[{"count":1,"href":"https:\/\/sunpress4.com\/index.php\/wp-json\/wp\/v2\/posts\/2575\/revisions"}],"predecessor-version":[{"id":2577,"href":"https:\/\/sunpress4.com\/index.php\/wp-json\/wp\/v2\/posts\/2575\/revisions\/2577"}],"wp:featuredmedia":[{"embeddable":true,"href":"https:\/\/sunpress4.com\/index.php\/wp-json\/wp\/v2\/media\/2576"}],"wp:attachment":[{"href":"https:\/\/sunpress4.com\/index.php\/wp-json\/wp\/v2\/media?parent=2575"}],"wp:term":[{"taxonomy":"category","embeddable":true,"href":"https:\/\/sunpress4.com\/index.php\/wp-json\/wp\/v2\/categories?post=2575"},{"taxonomy":"post_tag","embeddable":true,"href":"https:\/\/sunpress4.com\/index.php\/wp-json\/wp\/v2\/tags?post=2575"}],"curies":[{"name":"wp","href":"https:\/\/api.w.org\/{rel}","templated":true}]}}