{"id":2600,"date":"2026-03-26T12:00:46","date_gmt":"2026-03-26T09:00:46","guid":{"rendered":"https:\/\/sunpress4.com\/index.php\/2026\/03\/26\/canli-turkiye-romanya-maci-ne-zaman-saat-kacta-hangi-kanalda-muhtemel-11ler\/"},"modified":"2026-03-26T12:00:47","modified_gmt":"2026-03-26T09:00:47","slug":"canli-turkiye-romanya-maci-ne-zaman-saat-kacta-hangi-kanalda-muhtemel-11ler","status":"publish","type":"post","link":"https:\/\/sunpress4.com\/index.php\/2026\/03\/26\/canli-turkiye-romanya-maci-ne-zaman-saat-kacta-hangi-kanalda-muhtemel-11ler\/","title":{"rendered":"CANLI |T\u00fcrkiye &#8211; Romanya ma\u00e7\u0131 ne zaman, saat ka\u00e7ta, hangi kanalda? (Muhtemel 11&#8217;ler)"},"content":{"rendered":"<h2>T\u00fcrkiye &#8211; Romanya Ma\u00e7\u0131 Canl\u0131 Anlat\u0131m: 2026 D\u00fcnya Kupas\u0131 Play-Off Yar\u0131 Finali Heyecan\u0131!<\/h2>\n<p>A Milli Futbol Tak\u0131m\u0131m\u0131z, 2026 FIFA D\u00fcnya Kupas\u0131 Avrupa Elemeleri play-off turu yar\u0131 finalinde kritik bir m\u00fccadeleye \u00e7\u0131k\u0131yor. Bug\u00fcn, 26 Mart 2026 Per\u015fembe, \u0130stanbul&#8217;da Romanya ile kozlar\u0131n\u0131 payla\u015facak olan Ay-Y\u0131ld\u0131zl\u0131lar, D\u00fcnya Kupas\u0131 yolunda \u00f6nemli bir viraj\u0131 d\u00f6nmek istiyor. \u0130\u015fte T\u00fcrkiye-Romanya ma\u00e7\u0131 \u00f6ncesi t\u00fcm son geli\u015fmeler, muhtemel 11&#8217;ler ve kar\u015f\u0131la\u015fmaya dair detaylar&#8230;<\/p>\n<h3>T\u00fcrkiye &#8211; Romanya Ma\u00e7\u0131 Ne Zaman, Saat Ka\u00e7ta, Hangi Kanalda?<\/h3>\n<p>2026 FIFA D\u00fcnya Kupas\u0131 Avrupa Elemeleri play-off turu yar\u0131 final kar\u015f\u0131la\u015fmas\u0131, bug\u00fcn <strong>26 Mart 2026 Per\u015fembe<\/strong> g\u00fcn\u00fc Be\u015fikta\u015f Park&#8217;ta (T\u00fcpra\u015f) oynanacak. Saat <strong>20.00<\/strong>&#8216;de ba\u015flayacak olan bu kritik m\u00fccadele, <strong>TV8<\/strong> ekranlar\u0131ndan naklen yay\u0131nlanacak. Ma\u00e7\u0131n t\u00fcm detayl\u0131 canl\u0131 anlat\u0131m\u0131 ise <a href=\"https:\/\/www.fanatik.com.tr\" target=\"_blank\">fanatik.com.tr<\/a>&#8216;de olacak.<\/p>\n<h3>Milli Tak\u0131m Sahada K\u0131rm\u0131z\u0131 Forma \u0130le Yer Alacak<\/h3>\n<p>Romanya kar\u015f\u0131s\u0131nda Milli Tak\u0131m\u0131m\u0131z, sahaya gururla k\u0131rm\u0131z\u0131 formas\u0131yla \u00e7\u0131kacak. T\u00fcrkiye Futbol Federasyonu&#8217;nun &#8220;Bizim \u00c7ocuklar&#8221; etiketiyle yapt\u0131\u011f\u0131 payla\u015f\u0131mda, &#8220;Romanya kar\u015f\u0131s\u0131nda sahaya k\u0131rm\u0131z\u0131 formam\u0131zla \u00e7\u0131kaca\u011f\u0131z. #Bizim\u00c7ocuklar \ud83c\uddf9\ud83c\uddf7 | #TURROU | #FIFAWorldCup | #T\u00fcrk\u00d6ndeT\u00fcrk\u0130leri&#8221; ifadelerine yer verildi. Taraftarlar\u0131n deste\u011fiyle k\u0131rm\u0131z\u0131-beyazl\u0131lar, galibiyet i\u00e7in ter d\u00f6kecek.<\/p>\n<h3>T\u00fcrkiye Romanya Ma\u00e7\u0131 Kadrosu ve Eksikler Belli Oldu<\/h3>\n<p>A Milli Tak\u0131m&#8217;\u0131n Romanya ma\u00e7\u0131 kadrosunda baz\u0131 \u00f6nemli eksikler dikkat \u00e7ekiyor. Sakatl\u0131klar\u0131 bulunan Merih Demiral, Ahmetcan Kaplan ve Aral \u015eim\u015fir bu \u00f6nemli ma\u00e7ta forma giyemeyecekler. Ayr\u0131ca Semih K\u0131l\u0131\u00e7soy, Muhammed \u015eengezer, Zeki \u00c7elik ve Mustafa Eskihella\u00e7 da kadroda yer almayan di\u011fer isimler aras\u0131nda bulunuyor. Teknik direkt\u00f6r Vincenzo Montella, bu isimlerin yoklu\u011funda kadro tercihlerini dikkatle yapacak.<\/p>\n<h3>T\u00fcrkiye ve Romanya Muhtemel 11&#8217;ler<\/h3>\n<p>Milli Tak\u0131m\u0131m\u0131z\u0131n ve Romanya&#8217;n\u0131n sahaya \u00e7\u0131kmas\u0131 beklenen ilk 11&#8217;leri \u015fu \u015fekilde tahmin ediliyor:<\/p>\n<ul>\n<li><strong>T\u00fcrkiye:<\/strong> U\u011furcan, Mert M\u00fcld\u00fcr, Samet, Abd\u00fclkerim, Ferdi, Hakan, Orkun, Yunus, Arda, Kenan, Bar\u0131\u015f Alper<\/li>\n<li><strong>Romanya:<\/strong> Popescu, Ra\u021biu, Dragu\u0219in, Ghi\u021ba, Bancu, Screciu, Dragomir, Tanase, Baiaram, Man, Birligea<\/li>\n<\/ul>\n<h3>Ma\u00e7 \u00d6ncesi Son Antrenman ve Sakatl\u0131k Durumlar\u0131<\/h3>\n<p>A Milli Tak\u0131m\u0131m\u0131z, Romanya ma\u00e7\u0131 haz\u0131rl\u0131klar\u0131n\u0131 Riva&#8217;da tamamlad\u0131. A\u011fr\u0131lar\u0131 bulunan Zeki \u00c7elik, antrenmanda bireysel \u00e7al\u0131\u015fmalar yapt\u0131 ve kendisini denedi. Sakatl\u0131\u011f\u0131 devam eden Merih Demiral ise antrenmana kat\u0131lamad\u0131. Stoper hatt\u0131nda Abd\u00fclkerim&#8217;in partneri olarak Ozan Kabak veya Samet&#8217;in tercih edilmesi beklenirken, forvet pozisyonunda ise Montella&#8217;n\u0131n Bar\u0131\u015f Alper veya Kerem aras\u0131nda bir se\u00e7im yapaca\u011f\u0131 konu\u015fuluyor. Orta sahada Orkun K\u00f6k\u00e7\u00fc&#8217;n\u00fcn yeri garanti olarak g\u00f6r\u00fcl\u00fcrken, Hakan \u00c7alhano\u011flu ile \u0130smail Y\u00fcksek aras\u0131nda bir tercih yap\u0131lacak.<\/p>\n<h3>Resmi Ma\u00e7 Yeme\u011fi D\u00fczenlendi<\/h3>\n<p>Kritik Romanya ma\u00e7\u0131 \u00f6ncesinde resmi ma\u00e7 yeme\u011fi organizasyonu ger\u00e7ekle\u015ftirildi. T\u00fcrkiye Futbol Federasyonu (TFF) taraf\u0131ndan yap\u0131lan a\u00e7\u0131klamaya g\u00f6re yeme\u011fe TFF Ba\u015fkan\u0131 \u0130brahim Hac\u0131osmano\u011flu, Romanya Futbol Federasyonu Ba\u015fkan\u0131 Razvan Burleanu ve eski TFF Ba\u015fkan\u0131 Servet Yard\u0131mc\u0131&#8217;n\u0131n yan\u0131 s\u0131ra iki \u00fclke federasyonlar\u0131n\u0131n y\u00f6netim kurulu \u00fcyeleri ile temsilcileri kat\u0131ld\u0131. Organizasyonda kar\u015f\u0131l\u0131kl\u0131 hediye takdimleri yap\u0131l\u0131rken, iki ba\u015fkan birbirlerine ba\u015far\u0131lar diledi.<\/p>\n<h3>Milli Tak\u0131mlar Hesab\u0131ndan &#8216;Haz\u0131r\u0131z&#8217; Mesaj\u0131<\/h3>\n<p>T\u00fcrkiye A Milli Futbol Tak\u0131m\u0131&#8217;n\u0131n resmi sosyal medya hesab\u0131, ma\u00e7 \u00f6ncesinde taraftarlar\u0131 heyecanland\u0131ran bir payla\u015f\u0131m yapt\u0131. &#8220;Haz\u0131r\u0131z! \ud83d\udcaa\ud83d\udca5 #Bizim\u00c7ocuklar\ud83c\uddf9\ud83c\uddf7 | #TURROU | @Trendyol&#8221; mesaj\u0131yla yap\u0131lan payla\u015f\u0131m, Milli Tak\u0131m\u0131m\u0131z\u0131n bu \u00f6nemli kar\u015f\u0131la\u015fmaya ne denli odakland\u0131\u011f\u0131n\u0131 g\u00f6sterdi.<\/p>\n<h3>T\u00fcrkiye&#8217;nin 648. Ma\u00e7\u0131 ve Montella D\u00f6nemi Performans\u0131<\/h3>\n<p>A Milli Erkek Futbol Tak\u0131m\u0131, Romanya ma\u00e7\u0131yla tarihindeki 648. kar\u015f\u0131la\u015fmas\u0131na \u00e7\u0131kacak. Milliler, bug\u00fcne dek oynad\u0131\u011f\u0131 ma\u00e7larda biri h\u00fckmen olmak \u00fczere 255 galibiyet, 151 beraberlik ve 241 yenilgi elde etti. Toplamda 895 gol atarken, kalesinde 926 gol g\u00f6rd\u00fc. \u0130talyan teknik adam Vincenzo Montella y\u00f6netiminde ise Ay-Y\u0131ld\u0131zl\u0131lar 29 ma\u00e7a \u00e7\u0131kt\u0131. Bu s\u00fcre\u00e7te 16 galibiyet, 8 ma\u011flubiyet ve 5 beraberlik ya\u015fayan Montella&#8217;n\u0131n \u00f6\u011frencileri, rakip fileleri 53 kez havaland\u0131r\u0131p kalesinde 41 gol g\u00f6rd\u00fc. Montella, ayn\u0131 zamanda Milli Tak\u0131m\u0131m\u0131z\u0131 Avrupa \u015eampiyonas\u0131 \u00e7eyrek finaline ta\u015f\u0131may\u0131 ba\u015farm\u0131\u015ft\u0131.<\/p>\n<h3>Tarihi Rekabette Rumenler \u00dcst\u00fcn: Mircea Lucescu Fakt\u00f6r\u00fc<\/h3>\n<p>Ay-Y\u0131ld\u0131zl\u0131 tak\u0131m\u0131m\u0131z, tarihinde en fazla kar\u015f\u0131la\u015ft\u0131\u011f\u0131 rakiplerden biri olan Romanya ile \u015fimdiye dek 26 ma\u00e7a \u00e7\u0131kt\u0131. Bu kar\u015f\u0131la\u015fmalarda T\u00fcrkiye, galibiyet say\u0131lar\u0131nda 5&#8217;e 14 geride bulunuyor. Yedi ma\u00e7 ise beraberlikle sonu\u00e7land\u0131. Milliler rakibine 24 gol atarken, Romanya 49 golle kar\u015f\u0131l\u0131k verdi. Ayr\u0131ca, Galatasaray ve Be\u015fikta\u015f ile \u015fampiyonluklar ya\u015fay\u0131p A Milli Tak\u0131m&#8217;\u0131 da \u00e7al\u0131\u015ft\u0131rm\u0131\u015f olan Mircea Lucescu&#8217;nun T\u00fcrkiye&#8217;ye kar\u015f\u0131 yenilmezlik serisi dikkat \u00e7ekiyor. Lucescu&#8217;nun g\u00f6revde oldu\u011fu d\u00f6nemde Romanya, T\u00fcrkiye&#8217;yi iki kez ma\u011flup ederken, bir ma\u00e7 da berabere bitti.<\/p>\n<p>T\u00fcm futbolseverler, A Milli Tak\u0131m\u0131m\u0131z\u0131n Romanya kar\u015f\u0131s\u0131nda sergileyece\u011fi m\u00fccadeleyi ve D\u00fcnya Kupas\u0131 yolundaki bu kritik ad\u0131m\u0131 heyecanla bekliyor!<\/p>\n","protected":false},"excerpt":{"rendered":"<p>T\u00fcrkiye &#8211; Romanya Ma\u00e7\u0131 Canl\u0131 Anlat\u0131m: 2026 D\u00fcnya Kupas\u0131 Play-Off Yar\u0131 Finali Heyecan\u0131! A Milli Futbol Tak\u0131m\u0131m\u0131z, 2026 FIFA D\u00fcnya Kupas\u0131 Avrupa Elemeleri play-off turu yar\u0131 finalinde kritik bir m\u00fccadeleye \u00e7\u0131k\u0131yor. Bug\u00fcn, 26 Mart 2026 Per\u015fembe, \u0130stanbul&#8217;da Romanya ile kozlar\u0131n\u0131 payla\u015facak olan Ay-Y\u0131ld\u0131zl\u0131lar, D\u00fcnya Kupas\u0131 yolunda \u00f6nemli bir viraj\u0131 d\u00f6nmek istiyor. \u0130\u015fte T\u00fcrkiye-Romanya ma\u00e7\u0131 \u00f6ncesi [&hellip;]<\/p>\n","protected":false},"author":0,"featured_media":2601,"comment_status":"open","ping_status":"open","sticky":false,"template":"","format":"standard","meta":{"footnotes":""},"categories":[32],"tags":[],"class_list":["post-2600","post","type-post","status-publish","format-standard","has-post-thumbnail","hentry","category-spor"],"_links":{"self":[{"href":"https:\/\/sunpress4.com\/index.php\/wp-json\/wp\/v2\/posts\/2600","targetHints":{"allow":["GET"]}}],"collection":[{"href":"https:\/\/sunpress4.com\/index.php\/wp-json\/wp\/v2\/posts"}],"about":[{"href":"https:\/\/sunpress4.com\/index.php\/wp-json\/wp\/v2\/types\/post"}],"replies":[{"embeddable":true,"href":"https:\/\/sunpress4.com\/index.php\/wp-json\/wp\/v2\/comments?post=2600"}],"version-history":[{"count":1,"href":"https:\/\/sunpress4.com\/index.php\/wp-json\/wp\/v2\/posts\/2600\/revisions"}],"predecessor-version":[{"id":2602,"href":"https:\/\/sunpress4.com\/index.php\/wp-json\/wp\/v2\/posts\/2600\/revisions\/2602"}],"wp:featuredmedia":[{"embeddable":true,"href":"https:\/\/sunpress4.com\/index.php\/wp-json\/wp\/v2\/media\/2601"}],"wp:attachment":[{"href":"https:\/\/sunpress4.com\/index.php\/wp-json\/wp\/v2\/media?parent=2600"}],"wp:term":[{"taxonomy":"category","embeddable":true,"href":"https:\/\/sunpress4.com\/index.php\/wp-json\/wp\/v2\/categories?post=2600"},{"taxonomy":"post_tag","embeddable":true,"href":"https:\/\/sunpress4.com\/index.php\/wp-json\/wp\/v2\/tags?post=2600"}],"curies":[{"name":"wp","href":"https:\/\/api.w.org\/{rel}","templated":true}]}}