{"id":2633,"date":"2026-03-28T12:00:28","date_gmt":"2026-03-28T09:00:28","guid":{"rendered":"https:\/\/sunpress4.com\/index.php\/2026\/03\/28\/taliscadan-fenerbahce-besiktas-maci-sozleri-taraftarlara-seslendi-supheleri-olmasin\/"},"modified":"2026-03-28T12:00:29","modified_gmt":"2026-03-28T09:00:29","slug":"taliscadan-fenerbahce-besiktas-maci-sozleri-taraftarlara-seslendi-supheleri-olmasin","status":"publish","type":"post","link":"https:\/\/sunpress4.com\/index.php\/2026\/03\/28\/taliscadan-fenerbahce-besiktas-maci-sozleri-taraftarlara-seslendi-supheleri-olmasin\/","title":{"rendered":"Talisca&#8217;dan Fenerbah\u00e7e-Be\u015fikta\u015f ma\u00e7\u0131 s\u00f6zleri! Taraftarlara seslendi: \u015e\u00fcpheleri olmas\u0131n"},"content":{"rendered":"<p>Fenerbah\u00e7e&#8217;nin bu sezonki h\u00fccumdaki en etkili isimlerinden biri olan Brezilyal\u0131 y\u0131ld\u0131z Anderson Talisca, kul\u00fcp televizyonuna \u00f6zel a\u00e7\u0131klamalarda bulundu. Yapt\u0131\u011f\u0131 \u00e7arp\u0131c\u0131 de\u011ferlendirmelerde hem ki\u015fisel performans\u0131n\u0131 hem de tak\u0131m\u0131n hedeflerini masaya yat\u0131rd\u0131.<\/p>\n<p>Anderson Talisca, mevcut durumuna ili\u015fkin yapt\u0131\u011f\u0131 a\u00e7\u0131klamada, &#8220;Kendimi iyi hissediyorum. Tak\u0131m olarak bu ara d\u00f6nem bizim i\u00e7in olduk\u00e7a kritik. Tamamen odaklanm\u0131\u015f ve konsantre bir bi\u00e7imde antrenmanlar\u0131m\u0131za devam ediyoruz. \u015eu an i\u00e7in her \u015fey yolunda giden, verimli bir \u00e7al\u0131\u015fma s\u00fcreci ge\u00e7iriyoruz,&#8221; ifadelerini kulland\u0131.<\/p>\n<p>Sakatl\u0131k s\u00fcreci hakk\u0131nda bilgi veren tecr\u00fcbeli oyuncu, &#8220;Gaziantep ma\u00e7\u0131yla birlikte sahalara geri d\u00f6nme f\u0131rsat\u0131 buldum. Hen\u00fcz y\u00fczde y\u00fcz haz\u0131r olmasam da, bu s\u00fcre\u00e7te fiziksel \u00e7al\u0131\u015fmalar\u0131m\u0131 yo\u011fun bir \u015fekilde s\u00fcrd\u00fcrd\u00fcm. \u00d6zellikle kritik Be\u015fikta\u015f derbisine tam anlam\u0131yla haz\u0131r olabilmek ad\u0131na tak\u0131m arkada\u015flar\u0131mla birlikte aral\u0131ks\u0131z \u00e7al\u0131\u015f\u0131yorum,&#8221; \u015feklinde konu\u015ftu.<\/p>\n<p>Fenerbah\u00e7e&#8217;deki adaptasyon s\u00fcrecine de de\u011finen Talisca, kul\u00fcpte \u00e7ok mutlu oldu\u011funu dile getirdi. &#8220;B\u00f6ylesine b\u00fcy\u00fck bir kul\u00fcpte olman\u0131n ne anlama geldi\u011finin fark\u0131nday\u0131m. Burada ba\u015far\u0131l\u0131 bir adaptasyon s\u00fcreci ge\u00e7irdim ve Fenerbah\u00e7e formas\u0131 alt\u0131nda iki y\u0131la yak\u0131n bir s\u00fcreyi geride b\u0131rakmak \u00fczereyim. Kontrat\u0131m\u0131n da uzamas\u0131yla birlikte, hem bireysel hem de tak\u0131m olarak en iyi performans\u0131 sergilemeye \u00e7al\u0131\u015f\u0131yoruz,&#8221; dedi. Y\u0131ld\u0131z oyuncu, 5 gol daha atmas\u0131 halinde kariyerinin en golc\u00fc sezonunu ya\u015fayaca\u011f\u0131n\u0131 belirterek, &#8220;Bunu ba\u015farabilece\u011fime inan\u0131yorum ve bu ba\u015far\u0131y\u0131 tak\u0131m olarak ortaya koyaca\u011f\u0131m\u0131z performansla ta\u00e7land\u0131rmak istiyorum,&#8221; ifadelerini kulland\u0131.<\/p>\n<p>Performans\u0131n\u0131 s\u00fcrekli y\u00fckseltme hedefinde oldu\u011funu vurgulayan Talisca, &#8220;Hocam\u0131n bana olan g\u00fcvenini bo\u015fa \u00e7\u0131karmamak ve her zaman daha iyi bir performans sergilemek ad\u0131na elimden gelenin en iyisini yapmaya devam edece\u011fim,&#8221; \u015feklinde konu\u015ftu.<\/p>\n<p>Teknik direkt\u00f6r\u00fc Tedesco ile olan ili\u015fkisine de de\u011finen Talisca, &#8220;Hocam\u0131zla aram\u0131zda kar\u015f\u0131l\u0131kl\u0131 b\u00fcy\u00fck bir sayg\u0131ya dayanan \u00e7ok iyi bir ili\u015fki var. Saha i\u00e7indeki performans\u0131mda onun da \u00f6nemli katk\u0131lar\u0131 bulunuyor,&#8221; dedi. Pozisyonu hakk\u0131nda ise, &#8220;Tak\u0131ma her pozisyonda yard\u0131mc\u0131 olmaya \u00e7al\u0131\u015f\u0131yorum. Asl\u0131nda bu, kolektif bir performans\u0131n \u00fcr\u00fcn\u00fc. Ana pozisyonum 10 numara olsa da, kariyerim boyunca 9 numara da dahil olmak \u00fczere farkl\u0131 mevkilerde de oynad\u0131m. Benim i\u00e7in \u00f6nemli olan, hangi pozisyonda olursam olay\u0131m, tak\u0131ma maksimum katk\u0131y\u0131 sa\u011flamak,&#8221; a\u00e7\u0131klamas\u0131nda bulundu.<\/p>\n<p>Yakla\u015fan Be\u015fikta\u015f derbisinin \u00f6nemine vurgu yapan Talisca, &#8220;Bu ma\u00e7 bizim i\u00e7in hayati bir \u00f6neme sahip. Taraftar\u0131m\u0131z\u0131n bizi inan\u0131lmaz bir \u015fekilde destekleyece\u011fine eminim. Hedeflerimize ula\u015fmak i\u00e7in bu t\u00fcr kritik ma\u00e7lar\u0131 kazanmak zorunday\u0131z. Ne yaz\u0131k ki, kaybetmememiz gereken baz\u0131 puanlar\u0131 b\u0131rakt\u0131k, ancak yolumuza en g\u00fc\u00e7l\u00fc \u015fekilde devam etmeliyiz,&#8221; diye konu\u015ftu. Y\u0131ld\u0131z futbolcu, zorlu ma\u00e7 takvimi \u00f6ncesi milli ara \u00e7al\u0131\u015fmalar\u0131na da dikkat \u00e7ekerek, &#8220;Oynayaca\u011f\u0131m\u0131z t\u00fcm ma\u00e7lar zorlu ge\u00e7ecek, ancak biz de en iyi \u015fekilde haz\u0131rlan\u0131yoruz. Milli arada daha s\u0131k\u0131 \u00e7al\u0131\u015farak daha g\u00fc\u00e7l\u00fc bir \u015fekilde geri d\u00f6nmeyi hedefliyoruz. Sahada elimizden gelenin en iyisini ortaya koymak istiyoruz ve taraftar\u0131m\u0131z\u0131n deste\u011fine ihtiyac\u0131m\u0131z var,&#8221; dedi. Kupada ve ligde \u015fampiyonluk hedefleri i\u00e7in ayn\u0131 mentalite ve \u00e7al\u0131\u015fma azmiyle ilerlemeleri gerekti\u011fini de ekledi.<\/p>\n<p>Tak\u0131m i\u00e7i ileti\u015fimin \u00f6nemine de\u011finen Talisca, &#8220;Saha i\u00e7inde ve d\u0131\u015f\u0131nda tak\u0131m arkada\u015flar\u0131mla s\u00fcrekli ileti\u015fim halindeyim. Onlar\u0131n kariyer geli\u015fimi ve iyili\u011fi i\u00e7in kendi tecr\u00fcbelerimi ve d\u00fc\u015f\u00fcncelerimi payla\u015f\u0131yorum. Fenerbah\u00e7e gibi b\u00fcy\u00fck bir kul\u00fcpte oynamak bizim i\u00e7in b\u00fcy\u00fck bir \u015fans ve bu de\u011ferli forman\u0131n k\u0131ymetini bilmek gerekti\u011fine inan\u0131yorum,&#8221; ifadelerini kulland\u0131.<\/p>\n<p>\u0130stanbul ve T\u00fcrkiye&#8217;deki ya\u015fam\u0131ndan da bahseden Talisca, &#8220;Ailemle birlikte \u0130stanbul&#8217;da olmaktan b\u00fcy\u00fck mutluluk duyuyoruz. Bu \u015fehri ve T\u00fcrkiye&#8217;yi \u00e7ok sevdik. Genellikle evde vakit ge\u00e7irmeyi tercih ediyorum. Ancak \u015funu kesinlikle belirtmeliyim ki; \u0130stanbul harika bir \u015fehir ve T\u00fcrkiye muhte\u015fem bir \u00fclke,&#8221; diyerek memnuniyetini dile getirdi.<\/p>\n<p>\u00c7ocuklar\u0131n\u0131n gelece\u011fi hakk\u0131nda da konu\u015fan Brezilyal\u0131 oyuncu, &#8220;\u00c7ocuklar\u0131m futbola \u00e7ok d\u00fc\u015fk\u00fcn olmasalar da, top oynamay\u0131 seviyorlar ve zaman zaman antrenman da yap\u0131yorlar. Onlar\u0131n geleceklerinde neyi arzu ediyorlarsa onu yapmalar\u0131 konusunda tamamen serbest b\u0131rak\u0131yorum,&#8221; dedi. \u00d6nceli\u011finin iyi bir e\u011fitim almalar\u0131 oldu\u011funu vurgulayan Talisca, &#8220;E\u011fer futbolcu olmak isterlerse, bu yolda onlar\u0131 desteklerim. Ancak onlar\u0131n kendi yollar\u0131n\u0131 se\u00e7meleri benim i\u00e7in \u00f6nemli,&#8221; \u015feklinde konu\u015ftu.<\/p>\n<p>Son olarak taraftarlara mesaj g\u00f6nderen Anderson Talisca, &#8220;Taraftarlar\u0131m\u0131zdan ricam, bize sonuna kadar inans\u0131nlar. Birlikte \u00e7ok \u00f6nemli zaferlere imza att\u0131k. Ne yaz\u0131k ki, kazanmam\u0131z gereken baz\u0131 ma\u00e7larda istedi\u011fimiz sonu\u00e7lar\u0131 alamad\u0131k. Her ma\u00e7\u0131 kazanma arzusuyla sahaya \u00e7\u0131k\u0131yoruz. Sezon hen\u00fcz uzun ve \u00f6n\u00fcm\u00fczde oynanacak \u00e7ok ma\u00e7 var. G\u00fc\u00e7l\u00fc bir kadroya sahibiz ve bize g\u00fcvenmeye devam etmelerini istiyorum,&#8221; \u00e7a\u011fr\u0131s\u0131nda bulundu. Talisca, taraftarlar\u0131n stadyuma gelerek tak\u0131ma destek olmalar\u0131n\u0131n \u00f6nemini vurgulayarak, &#8220;Onlar\u0131n deste\u011fiyle hedeflerimize ula\u015fabiliriz. \u015eu anki ara d\u00f6nem bize \u00e7ok faydal\u0131 olacak ve milli aradan sonra \u00e7ok daha iyi bir durumda olaca\u011f\u0131m\u0131zdan kimsenin \u015f\u00fcphesi olmas\u0131n,&#8221; s\u00f6zleriyle konu\u015fmas\u0131n\u0131 tamamlad\u0131.<\/p>\n","protected":false},"excerpt":{"rendered":"<p>Fenerbah\u00e7e&#8217;nin bu sezonki h\u00fccumdaki en etkili isimlerinden biri olan Brezilyal\u0131 y\u0131ld\u0131z Anderson Talisca, kul\u00fcp televizyonuna \u00f6zel a\u00e7\u0131klamalarda bulundu. Yapt\u0131\u011f\u0131 \u00e7arp\u0131c\u0131 de\u011ferlendirmelerde hem ki\u015fisel performans\u0131n\u0131 hem de tak\u0131m\u0131n hedeflerini masaya yat\u0131rd\u0131. Anderson Talisca, mevcut durumuna ili\u015fkin yapt\u0131\u011f\u0131 a\u00e7\u0131klamada, &#8220;Kendimi iyi hissediyorum. Tak\u0131m olarak bu ara d\u00f6nem bizim i\u00e7in olduk\u00e7a kritik. Tamamen odaklanm\u0131\u015f ve konsantre bir bi\u00e7imde [&hellip;]<\/p>\n","protected":false},"author":0,"featured_media":2634,"comment_status":"open","ping_status":"open","sticky":false,"template":"","format":"standard","meta":{"footnotes":""},"categories":[32],"tags":[],"class_list":["post-2633","post","type-post","status-publish","format-standard","has-post-thumbnail","hentry","category-spor"],"_links":{"self":[{"href":"https:\/\/sunpress4.com\/index.php\/wp-json\/wp\/v2\/posts\/2633","targetHints":{"allow":["GET"]}}],"collection":[{"href":"https:\/\/sunpress4.com\/index.php\/wp-json\/wp\/v2\/posts"}],"about":[{"href":"https:\/\/sunpress4.com\/index.php\/wp-json\/wp\/v2\/types\/post"}],"replies":[{"embeddable":true,"href":"https:\/\/sunpress4.com\/index.php\/wp-json\/wp\/v2\/comments?post=2633"}],"version-history":[{"count":1,"href":"https:\/\/sunpress4.com\/index.php\/wp-json\/wp\/v2\/posts\/2633\/revisions"}],"predecessor-version":[{"id":2635,"href":"https:\/\/sunpress4.com\/index.php\/wp-json\/wp\/v2\/posts\/2633\/revisions\/2635"}],"wp:featuredmedia":[{"embeddable":true,"href":"https:\/\/sunpress4.com\/index.php\/wp-json\/wp\/v2\/media\/2634"}],"wp:attachment":[{"href":"https:\/\/sunpress4.com\/index.php\/wp-json\/wp\/v2\/media?parent=2633"}],"wp:term":[{"taxonomy":"category","embeddable":true,"href":"https:\/\/sunpress4.com\/index.php\/wp-json\/wp\/v2\/categories?post=2633"},{"taxonomy":"post_tag","embeddable":true,"href":"https:\/\/sunpress4.com\/index.php\/wp-json\/wp\/v2\/tags?post=2633"}],"curies":[{"name":"wp","href":"https:\/\/api.w.org\/{rel}","templated":true}]}}