{"id":2647,"date":"2026-03-29T12:00:19","date_gmt":"2026-03-29T09:00:19","guid":{"rendered":"https:\/\/sunpress4.com\/index.php\/2026\/03\/29\/ognjen-mimovic-cikmazinda-son-perde-fenerbahce-kararini-verdi\/"},"modified":"2026-03-29T12:00:21","modified_gmt":"2026-03-29T09:00:21","slug":"ognjen-mimovic-cikmazinda-son-perde-fenerbahce-kararini-verdi","status":"publish","type":"post","link":"https:\/\/sunpress4.com\/index.php\/2026\/03\/29\/ognjen-mimovic-cikmazinda-son-perde-fenerbahce-kararini-verdi\/","title":{"rendered":"Ognjen Mimovic \u00e7\u0131kmaz\u0131nda son perde! Fenerbah\u00e7e karar\u0131n\u0131 verdi"},"content":{"rendered":"<p>Fenerbah\u00e7e&#8217;nin gen\u00e7 sa\u011f bek oyuncusu Ognjen Mimovic, kiral\u0131k olarak formas\u0131n\u0131 giydi\u011fi Pafos FC&#8217;nin 6 milyon euroluk sat\u0131n alma opsiyonunu kullanmama karar\u0131 almas\u0131n\u0131n ard\u0131ndan sezon sonunda sar\u0131-lacivertli ekibe geri d\u00f6necek. S\u0131rp bas\u0131n\u0131nda yer alan bilgilere g\u00f6re, 21 ya\u015f\u0131ndaki futbolcunun gelece\u011fi Fenerbah\u00e7e&#8217;de hen\u00fcz netlik kazanm\u0131\u015f de\u011fil.<\/p>\n<p>Mimovic, 2024-2025 sezonu devre aras\u0131nda K\u0131z\u0131ly\u0131ld\u0131z&#8217;dan yakla\u015f\u0131k 7 milyon euro bedelle Fenerbah\u00e7e&#8217;ye transfer edilmi\u015f, ancak yabanc\u0131 oyuncu kontenjan\u0131 nedeniyle hemen Rus ekibi Zenit&#8217;e kiralanm\u0131\u015ft\u0131. Sezonu Zenit&#8217;te tamamlayan yetenekli sa\u011f bek, bu sezon ba\u015f\u0131nda d\u00fczenli forma \u015fans\u0131 bulabilmesi i\u00e7in K\u0131br\u0131s Rum Kesimi tak\u0131mlar\u0131ndan Pafos FC&#8217;ye g\u00f6nderilmi\u015fti.<\/p>\n<p>Pafos FC&#8217;nin tarihinde ilk kez yer ald\u0131\u011f\u0131 \u015eampiyonlar Ligi kadrosuna transferi, UEFA&#8217;ya yap\u0131lan bildirim sonras\u0131 ger\u00e7ekle\u015fti\u011fi i\u00e7in gen\u00e7 savunmac\u0131 Devler Ligi arenas\u0131nda boy g\u00f6steremedi. Rum ekibinde toplam 18 kar\u015f\u0131la\u015fmada g\u00f6rev alan Mimovic, bu ma\u00e7lar\u0131n \u00e7o\u011funda yedekten oyuna dahil oldu ve 959 dakika sahada kalarak 1 asistlik performans sergiledi.<\/p>\n<p>S\u0131rbistan kaynakl\u0131 Sportinjo gazetesinin haberine g\u00f6re, Pafos FC y\u00f6netimi, Mimovic&#8217;in kiral\u0131k s\u00f6zle\u015fmesinde bulunan 6 milyon euroluk sat\u0131n alma opsiyonunu de\u011ferlendirmeme karar\u0131 ald\u0131. Bu geli\u015fme \u00fczerine gen\u00e7 savunma oyuncusu, sezon tamamland\u0131\u011f\u0131nda Fenerbah\u00e7e kadrosuna geri d\u00f6necek.<\/p>\n<p>Fenerbah\u00e7e&#8217;ye d\u00f6nd\u00fc\u011f\u00fcnde kadroda yer bulmas\u0131 zor g\u00f6r\u00fcnen Ognjen Mimovic i\u00e7in eski kul\u00fcb\u00fc K\u0131z\u0131ly\u0131ld\u0131z&#8217;a d\u00f6n\u00fc\u015f ihtimali g\u00fcndemde. Hen\u00fcz somut bir ad\u0131m at\u0131lmam\u0131\u015f olsa da, futbol kulislerinde bu senaryonun konu\u015fuldu\u011fu belirtiliyor.<\/p>\n","protected":false},"excerpt":{"rendered":"<p>Fenerbah\u00e7e&#8217;nin gen\u00e7 sa\u011f bek oyuncusu Ognjen Mimovic, kiral\u0131k olarak formas\u0131n\u0131 giydi\u011fi Pafos FC&#8217;nin 6 milyon euroluk sat\u0131n alma opsiyonunu kullanmama karar\u0131 almas\u0131n\u0131n ard\u0131ndan sezon sonunda sar\u0131-lacivertli ekibe geri d\u00f6necek. S\u0131rp bas\u0131n\u0131nda yer alan bilgilere g\u00f6re, 21 ya\u015f\u0131ndaki futbolcunun gelece\u011fi Fenerbah\u00e7e&#8217;de hen\u00fcz netlik kazanm\u0131\u015f de\u011fil. Mimovic, 2024-2025 sezonu devre aras\u0131nda K\u0131z\u0131ly\u0131ld\u0131z&#8217;dan yakla\u015f\u0131k 7 milyon euro bedelle [&hellip;]<\/p>\n","protected":false},"author":0,"featured_media":2648,"comment_status":"open","ping_status":"open","sticky":false,"template":"","format":"standard","meta":{"footnotes":""},"categories":[32],"tags":[],"class_list":["post-2647","post","type-post","status-publish","format-standard","has-post-thumbnail","hentry","category-spor"],"_links":{"self":[{"href":"https:\/\/sunpress4.com\/index.php\/wp-json\/wp\/v2\/posts\/2647","targetHints":{"allow":["GET"]}}],"collection":[{"href":"https:\/\/sunpress4.com\/index.php\/wp-json\/wp\/v2\/posts"}],"about":[{"href":"https:\/\/sunpress4.com\/index.php\/wp-json\/wp\/v2\/types\/post"}],"replies":[{"embeddable":true,"href":"https:\/\/sunpress4.com\/index.php\/wp-json\/wp\/v2\/comments?post=2647"}],"version-history":[{"count":1,"href":"https:\/\/sunpress4.com\/index.php\/wp-json\/wp\/v2\/posts\/2647\/revisions"}],"predecessor-version":[{"id":2650,"href":"https:\/\/sunpress4.com\/index.php\/wp-json\/wp\/v2\/posts\/2647\/revisions\/2650"}],"wp:featuredmedia":[{"embeddable":true,"href":"https:\/\/sunpress4.com\/index.php\/wp-json\/wp\/v2\/media\/2648"}],"wp:attachment":[{"href":"https:\/\/sunpress4.com\/index.php\/wp-json\/wp\/v2\/media?parent=2647"}],"wp:term":[{"taxonomy":"category","embeddable":true,"href":"https:\/\/sunpress4.com\/index.php\/wp-json\/wp\/v2\/categories?post=2647"},{"taxonomy":"post_tag","embeddable":true,"href":"https:\/\/sunpress4.com\/index.php\/wp-json\/wp\/v2\/tags?post=2647"}],"curies":[{"name":"wp","href":"https:\/\/api.w.org\/{rel}","templated":true}]}}