{"id":2672,"date":"2026-03-30T12:00:23","date_gmt":"2026-03-30T09:00:23","guid":{"rendered":"https:\/\/sunpress4.com\/index.php\/2026\/03\/30\/hepsi-benim-arkadasim-vedat-muriqiden-kosova-turkiye-maci-sozleri-ilk-yariyi-seyrettim\/"},"modified":"2026-03-30T12:00:24","modified_gmt":"2026-03-30T09:00:24","slug":"hepsi-benim-arkadasim-vedat-muriqiden-kosova-turkiye-maci-sozleri-ilk-yariyi-seyrettim","status":"publish","type":"post","link":"https:\/\/sunpress4.com\/index.php\/2026\/03\/30\/hepsi-benim-arkadasim-vedat-muriqiden-kosova-turkiye-maci-sozleri-ilk-yariyi-seyrettim\/","title":{"rendered":"&#8216;Hepsi benim arkada\u015f\u0131m&#8217; Vedat Muriqi&#8217;den Kosova-T\u00fcrkiye ma\u00e7\u0131 s\u00f6zleri: \u0130lk yar\u0131y\u0131 seyrettim"},"content":{"rendered":"<p>2026 D\u00fcnya Kupas\u0131 finallerine kat\u0131lma yolunda b\u00fcy\u00fck \u00f6nem ta\u015f\u0131yan eleme ma\u00e7\u0131nda A Milli Futbol Tak\u0131m\u0131m\u0131z ile kar\u015f\u0131 kar\u015f\u0131ya gelecek Kosova&#8217;da, Teknik Direkt\u00f6r Franco Foda ve golc\u00fc oyuncu Vedat Muriqi, ma\u00e7 \u00f6ncesi d\u00fczenlenen bas\u0131n toplant\u0131s\u0131nda dikkat \u00e7ekici a\u00e7\u0131klamalarda bulundu.<\/p>\n<p>Bas\u0131n mensuplar\u0131n\u0131n kar\u015f\u0131s\u0131na ilk \u00e7\u0131kan isim, ge\u00e7mi\u015fte uzun y\u0131llar T\u00fcrkiye liglerinde top ko\u015fturmu\u015f olan Vedat Muriqi oldu. Y\u0131ld\u0131z forvet, T\u00fcrkiye&#8217;deki futbol ge\u00e7mi\u015fi ve yar\u0131nki kritik m\u00fccadele hakk\u0131nda samimi ifadeler kulland\u0131: &#8220;T\u00fcrkiye&#8217;de sekiz y\u0131l futbol oynad\u0131m ve oradaki herkes benim arkada\u015f\u0131m. Ancak yar\u0131nki ma\u00e7 \u00e7ok farkl\u0131 bir anlam ta\u015f\u0131yor; milli duygular\u0131m\u0131zla sahada olaca\u011f\u0131z ve elimizden gelenin en iyisini yapaca\u011f\u0131z.&#8221;<\/p>\n<p>T\u00fcrkiye&#8217;nin son performans\u0131n\u0131 da de\u011ferlendiren Muriqi, &#8220;T\u00fcrkiye-Romanya ma\u00e7\u0131n\u0131n ilk yar\u0131s\u0131n\u0131 izledim. T\u00fcrkiye&#8217;nin ilk devrede iki net pozisyonu vard\u0131. Romanya&#8217;n\u0131n tamamen savunma odakl\u0131 bir oyun sergilemesine ra\u011fmen, T\u00fcrkiye&#8217;nin kadrosunda ger\u00e7ekten \u00e7ok kaliteli ve yetenekli oyuncular oldu\u011fu belliydi,&#8221; \u015feklinde konu\u015ftu.<\/p>\n<p>Kosova Teknik Direkt\u00f6r\u00fc Franco Foda ise galibiyet \u015fanslar\u0131n\u0131 y\u00fczde 50 olarak g\u00f6rd\u00fc\u011f\u00fcn\u00fc belirtti.<\/p>\n<p>Vedat Muriqi&#8217;nin ard\u0131ndan s\u00f6z\u00fc devralan Teknik Direkt\u00f6r Franco Foda, T\u00fcrkiye A Milli Tak\u0131m\u0131&#8217;na b\u00fcy\u00fck sayg\u0131 duydu\u011funu dile getirdi: &#8220;T\u00fcrkiye ger\u00e7ekten \u00e7ok g\u00fc\u00e7l\u00fc bir tak\u0131m. Arda, Kenan ve Hakan gibi d\u00fcnya \u00e7ap\u0131nda oyunculara sahipler. Ancak biz de buraya bile\u011fimizin hakk\u0131yla geldik. Kar\u015f\u0131la\u015fma \u00f6ncesinde \u015fanslar\u0131m\u0131z\u0131n y\u00fczde 50 oldu\u011funu d\u00fc\u015f\u00fcn\u00fcyorum ve iyi bir ma\u00e7 izleyece\u011fimize inan\u0131yorum.&#8221;<\/p>\n<p>Slovakya ma\u00e7\u0131nda y\u0131ld\u0131z oyuncular\u0131 Edon Zhegrova&#8217;y\u0131 neden oynatmad\u0131\u011f\u0131na da a\u00e7\u0131kl\u0131k getiren Foda, &#8220;Slovakya kar\u015f\u0131la\u015fmas\u0131nda taktiksel bir kararla Edon&#8217;u sahaya s\u00fcrmedik. O ma\u00e7ta daha uzun boylu oyunculara ihtiyac\u0131m\u0131z vard\u0131. Yar\u0131nki kritik m\u00fccadele i\u00e7in kadro karar\u0131m\u0131z\u0131 hen\u00fcz vermedik,&#8221; ifadelerini kulland\u0131.<\/p>\n","protected":false},"excerpt":{"rendered":"<p>2026 D\u00fcnya Kupas\u0131 finallerine kat\u0131lma yolunda b\u00fcy\u00fck \u00f6nem ta\u015f\u0131yan eleme ma\u00e7\u0131nda A Milli Futbol Tak\u0131m\u0131m\u0131z ile kar\u015f\u0131 kar\u015f\u0131ya gelecek Kosova&#8217;da, Teknik Direkt\u00f6r Franco Foda ve golc\u00fc oyuncu Vedat Muriqi, ma\u00e7 \u00f6ncesi d\u00fczenlenen bas\u0131n toplant\u0131s\u0131nda dikkat \u00e7ekici a\u00e7\u0131klamalarda bulundu. Bas\u0131n mensuplar\u0131n\u0131n kar\u015f\u0131s\u0131na ilk \u00e7\u0131kan isim, ge\u00e7mi\u015fte uzun y\u0131llar T\u00fcrkiye liglerinde top ko\u015fturmu\u015f olan Vedat Muriqi oldu. [&hellip;]<\/p>\n","protected":false},"author":0,"featured_media":2673,"comment_status":"open","ping_status":"open","sticky":false,"template":"","format":"standard","meta":{"footnotes":""},"categories":[32],"tags":[],"class_list":["post-2672","post","type-post","status-publish","format-standard","has-post-thumbnail","hentry","category-spor"],"_links":{"self":[{"href":"https:\/\/sunpress4.com\/index.php\/wp-json\/wp\/v2\/posts\/2672","targetHints":{"allow":["GET"]}}],"collection":[{"href":"https:\/\/sunpress4.com\/index.php\/wp-json\/wp\/v2\/posts"}],"about":[{"href":"https:\/\/sunpress4.com\/index.php\/wp-json\/wp\/v2\/types\/post"}],"replies":[{"embeddable":true,"href":"https:\/\/sunpress4.com\/index.php\/wp-json\/wp\/v2\/comments?post=2672"}],"version-history":[{"count":1,"href":"https:\/\/sunpress4.com\/index.php\/wp-json\/wp\/v2\/posts\/2672\/revisions"}],"predecessor-version":[{"id":2674,"href":"https:\/\/sunpress4.com\/index.php\/wp-json\/wp\/v2\/posts\/2672\/revisions\/2674"}],"wp:featuredmedia":[{"embeddable":true,"href":"https:\/\/sunpress4.com\/index.php\/wp-json\/wp\/v2\/media\/2673"}],"wp:attachment":[{"href":"https:\/\/sunpress4.com\/index.php\/wp-json\/wp\/v2\/media?parent=2672"}],"wp:term":[{"taxonomy":"category","embeddable":true,"href":"https:\/\/sunpress4.com\/index.php\/wp-json\/wp\/v2\/categories?post=2672"},{"taxonomy":"post_tag","embeddable":true,"href":"https:\/\/sunpress4.com\/index.php\/wp-json\/wp\/v2\/tags?post=2672"}],"curies":[{"name":"wp","href":"https:\/\/api.w.org\/{rel}","templated":true}]}}