{"id":2678,"date":"2026-03-30T12:00:40","date_gmt":"2026-03-30T09:00:40","guid":{"rendered":"https:\/\/sunpress4.com\/index.php\/2026\/03\/30\/hadergjonaj-tum-dunyaya-gosteriyoruz\/"},"modified":"2026-03-30T12:00:41","modified_gmt":"2026-03-30T09:00:41","slug":"hadergjonaj-tum-dunyaya-gosteriyoruz","status":"publish","type":"post","link":"https:\/\/sunpress4.com\/index.php\/2026\/03\/30\/hadergjonaj-tum-dunyaya-gosteriyoruz\/","title":{"rendered":"Hadergjonaj: &#8216;T\u00fcm d\u00fcnyaya g\u00f6steriyoruz&#8217;"},"content":{"rendered":"<p>Kosoval\u0131 y\u0131ld\u0131z futbolcu Florent Hadergjonaj, Alanyaspor formas\u0131yla tan\u0131n\u0131yor. 2026 FIFA D\u00fcnya Kupas\u0131 Avrupa Elemeleri play-off finalinde T\u00fcrkiye ile kar\u015f\u0131 kar\u015f\u0131ya gelecekleri tarihi ma\u00e7 \u00f6ncesinde Anadolu Ajans\u0131&#8217;na \u00f6zel a\u00e7\u0131klamalarda bulundu.<\/p>\n<p>Hadergjonaj, T\u00fcrkiye&#8217;nin kadrosunda yer alan &#8220;kaliteli ve \u00e7ok de\u011ferli&#8221; oyunculara dikkat \u00e7ekerek, &#8220;Kolay bir ma\u00e7 olmayacak&#8221; de\u011ferlendirmesinde bulundu. Ancak Kosova&#8217;n\u0131n Pri\u015ftine&#8217;de, kendi taraftar\u0131 \u00f6n\u00fcnde oynayacak olmas\u0131n\u0131n &#8220;y\u00fczde 50-50&#8221; olan \u015fanslar\u0131n\u0131 art\u0131rd\u0131\u011f\u0131na inan\u0131yor. &#8220;Bu bizim i\u00e7in bir art\u0131,&#8221; diyen tecr\u00fcbeli oyuncu, T\u00fcrkiye&#8217;nin &#8220;bir saniyede ma\u00e7\u0131 belirleyebilecek&#8221; yeteneklere sahip oldu\u011funu vurgulayarak, &#8220;\u00d6zellikle konsantrasyon konusunda en iyi seviyemizdeysek, onlara sorun \u00e7\u0131karabilece\u011fimizi d\u00fc\u015f\u00fcn\u00fcyorum&#8221; ifadelerini kulland\u0131.<\/p>\n<p>Bu kar\u015f\u0131la\u015fman\u0131n kendileri i\u00e7in &#8220;tarihi ve \u00e7ok \u00f6nemli&#8221; oldu\u011funu belirten Hadergjonaj, tak\u0131m i\u00e7indeki &#8220;harika&#8221; atmosferden de bahsetti. &#8220;Ger\u00e7ekten \u00e7ok iyi bir oyuncu grubumuz var,&#8221; s\u00f6zleriyle tak\u0131m arkada\u015flar\u0131na \u00f6vg\u00fcler ya\u011fd\u0131ran Kosoval\u0131 futbolcu, sahadaki m\u00fccadele ruhunun g\u00f6zle g\u00f6r\u00fcl\u00fcr oldu\u011funu dile getirdi. Tak\u0131m\u0131n deneyimli isimlerinden biri olarak, birlikteli\u011fi koruma ve tak\u0131m ruhunu y\u00fckseltme \u00e7abalar\u0131n\u0131 s\u00fcrd\u00fcrd\u00fc\u011f\u00fcn\u00fc ekledi.<\/p>\n<p>Deneyimli oyuncu, play-off finaline ula\u015fmalar\u0131n\u0131n bir s\u00fcrpriz olmad\u0131\u011f\u0131n\u0131, &#8220;Elemelerde ve yar\u0131 finalde \u00e7ok iyi&#8221; performans sergilediklerini vurgulad\u0131. Ma\u00e7\u0131n getirdi\u011fi bask\u0131n\u0131n kendilerinden ziyade &#8220;daha \u00e7ok T\u00fcrkiye taraf\u0131nda&#8221; olaca\u011f\u0131n\u0131 \u00f6ng\u00f6ren Hadergjonaj, bu kar\u015f\u0131la\u015fmay\u0131 bir &#8220;r\u00fcya&#8221; olarak nitelendirdi. Ama\u00e7lar\u0131n\u0131n, bu &#8220;olumlu bask\u0131y\u0131&#8221; kendi lehlerine \u00e7evirerek Kosova&#8217;n\u0131n neler ba\u015farabilece\u011fini t\u00fcm d\u00fcnyaya g\u00f6stermek oldu\u011funu ifade etti.<\/p>\n<p>Hadergjonaj, &#8220;\u015eimdi t\u00fcm d\u00fcnyaya bize g\u00fcvenebileceklerini g\u00f6steriyoruz&#8221; diyerek, ba\u015flarda kendilerinden ba\u015fka kimsenin onlara inanmad\u0131\u011f\u0131n\u0131 hat\u0131rlatt\u0131. &#8220;Zorlu bir grup a\u015famas\u0131n\u0131 ve deplasmandaki yar\u0131 final m\u00fccadelesini ba\u015far\u0131yla atlatt\u0131k&#8221; s\u00f6zleriyle ge\u00e7mi\u015f ba\u015far\u0131lar\u0131n\u0131 vurgulad\u0131. \u015eu anki odak noktalar\u0131n\u0131n Pri\u015ftine&#8217;deki final ma\u00e7\u0131 oldu\u011funu dile getiren y\u0131ld\u0131z oyuncu, halk\u0131n ma\u00e7a olan ilgisini &#8220;Stad\u0131n kapasitesi 100 bin olsayd\u0131 \u00e7oktan biletler t\u00fckenmi\u015f olurdu&#8221; s\u00f6zleriyle g\u00f6zler \u00f6n\u00fcne serdi.<\/p>\n<p>Florent Hadergjonaj, T\u00fcrkiye ile Kosova aras\u0131ndaki derin ba\u011flara da de\u011finerek, bu kar\u015f\u0131la\u015fman\u0131n kendisi i\u00e7in &#8220;daha da \u00f6zel&#8221; bir anlam ta\u015f\u0131d\u0131\u011f\u0131n\u0131 ifade etti. Alt\u0131 y\u0131ld\u0131r T\u00fcrkiye&#8217;de ya\u015fad\u0131\u011f\u0131n\u0131 ve futbol oynad\u0131\u011f\u0131n\u0131 belirten Hadergjonaj, iki \u00e7ocu\u011funun da T\u00fcrkiye&#8217;de do\u011fdu\u011funu ve \u00fclkenin ailesi i\u00e7in &#8220;ikinci bir vatan&#8221; haline geldi\u011fini s\u00f6yledi. Bu \u00f6zel duruma ra\u011fmen, Kosova Milli Tak\u0131m\u0131 i\u00e7in oynad\u0131\u011f\u0131n\u0131 ve \u00fclkesini gururland\u0131rmak i\u00e7in sahada olaca\u011f\u0131n\u0131 vurgulad\u0131. T\u00fcrkiye ile Kosova aras\u0131ndaki &#8220;\u00e7ok, \u00e7ok iyi&#8221; ili\u015fkilerin, benzer k\u00fclt\u00fcrlerin ve s\u0131cakkanl\u0131 insanlar\u0131n bu ma\u00e7\u0131 e\u015fsiz k\u0131ld\u0131\u011f\u0131n\u0131 s\u00f6zlerine ekledi.<\/p>\n<p>2019&#8217;dan beri Kas\u0131mpa\u015fa ve Alanyaspor&#8217;da g\u00f6rev alan Hadergjonaj, Trendyol S\u00fcper Lig&#8217;de toplam 194 ma\u00e7ta sahaya \u00e7\u0131karak T\u00fcrkiye futboluna \u00f6nemli katk\u0131lar sundu.<\/p>\n","protected":false},"excerpt":{"rendered":"<p>Kosoval\u0131 y\u0131ld\u0131z futbolcu Florent Hadergjonaj, Alanyaspor formas\u0131yla tan\u0131n\u0131yor. 2026 FIFA D\u00fcnya Kupas\u0131 Avrupa Elemeleri play-off finalinde T\u00fcrkiye ile kar\u015f\u0131 kar\u015f\u0131ya gelecekleri tarihi ma\u00e7 \u00f6ncesinde Anadolu Ajans\u0131&#8217;na \u00f6zel a\u00e7\u0131klamalarda bulundu. Hadergjonaj, T\u00fcrkiye&#8217;nin kadrosunda yer alan &#8220;kaliteli ve \u00e7ok de\u011ferli&#8221; oyunculara dikkat \u00e7ekerek, &#8220;Kolay bir ma\u00e7 olmayacak&#8221; de\u011ferlendirmesinde bulundu. Ancak Kosova&#8217;n\u0131n Pri\u015ftine&#8217;de, kendi taraftar\u0131 \u00f6n\u00fcnde oynayacak olmas\u0131n\u0131n [&hellip;]<\/p>\n","protected":false},"author":0,"featured_media":2679,"comment_status":"open","ping_status":"open","sticky":false,"template":"","format":"standard","meta":{"footnotes":""},"categories":[32],"tags":[],"class_list":["post-2678","post","type-post","status-publish","format-standard","has-post-thumbnail","hentry","category-spor"],"_links":{"self":[{"href":"https:\/\/sunpress4.com\/index.php\/wp-json\/wp\/v2\/posts\/2678","targetHints":{"allow":["GET"]}}],"collection":[{"href":"https:\/\/sunpress4.com\/index.php\/wp-json\/wp\/v2\/posts"}],"about":[{"href":"https:\/\/sunpress4.com\/index.php\/wp-json\/wp\/v2\/types\/post"}],"replies":[{"embeddable":true,"href":"https:\/\/sunpress4.com\/index.php\/wp-json\/wp\/v2\/comments?post=2678"}],"version-history":[{"count":1,"href":"https:\/\/sunpress4.com\/index.php\/wp-json\/wp\/v2\/posts\/2678\/revisions"}],"predecessor-version":[{"id":2680,"href":"https:\/\/sunpress4.com\/index.php\/wp-json\/wp\/v2\/posts\/2678\/revisions\/2680"}],"wp:featuredmedia":[{"embeddable":true,"href":"https:\/\/sunpress4.com\/index.php\/wp-json\/wp\/v2\/media\/2679"}],"wp:attachment":[{"href":"https:\/\/sunpress4.com\/index.php\/wp-json\/wp\/v2\/media?parent=2678"}],"wp:term":[{"taxonomy":"category","embeddable":true,"href":"https:\/\/sunpress4.com\/index.php\/wp-json\/wp\/v2\/categories?post=2678"},{"taxonomy":"post_tag","embeddable":true,"href":"https:\/\/sunpress4.com\/index.php\/wp-json\/wp\/v2\/tags?post=2678"}],"curies":[{"name":"wp","href":"https:\/\/api.w.org\/{rel}","templated":true}]}}