{"id":2684,"date":"2026-03-31T00:00:29","date_gmt":"2026-03-30T21:00:29","guid":{"rendered":"https:\/\/sunpress4.com\/index.php\/2026\/03\/31\/ucagi-new-yorkta-kaza-yapan-air-canadanin-ceosu-istifa-karari-aldi\/"},"modified":"2026-03-31T00:00:30","modified_gmt":"2026-03-30T21:00:30","slug":"ucagi-new-yorkta-kaza-yapan-air-canadanin-ceosu-istifa-karari-aldi","status":"publish","type":"post","link":"https:\/\/sunpress4.com\/index.php\/2026\/03\/31\/ucagi-new-yorkta-kaza-yapan-air-canadanin-ceosu-istifa-karari-aldi\/","title":{"rendered":"U\u00e7a\u011f\u0131 New York&#8217;ta kaza yapan Air Canada&#8217;n\u0131n CEO&#8217;su istifa karar\u0131 ald\u0131"},"content":{"rendered":"<p>Air Canada&#8217;n\u0131n CEO&#8217;su Michael Rousseau, New York&#8217;taki LaGuardia Havaliman\u0131&#8217;nda ya\u015fanan trajik u\u00e7ak kazas\u0131 sonras\u0131 yapt\u0131\u011f\u0131 taziye a\u00e7\u0131klamas\u0131ndaki dil tercihi nedeniyle kamuoyundan y\u00fckselen yo\u011fun tepkiler \u00fczerine g\u00f6revinden ayr\u0131ld\u0131. Bu istifa karar\u0131, Kanada&#8217;n\u0131n resmi diller konusundaki hassasiyetini ve Quebec&#8217;teki Frans\u0131zca kimli\u011finin \u00f6nemini bir kez daha g\u00f6zler \u00f6n\u00fcne serdi.<\/p>\n<h2>Air Canada CEO&#8217;sunun \u0130stifas\u0131na Yol A\u00e7an Frans\u0131zca Tart\u0131\u015fmas\u0131<\/h2>\n<p>Michael Rousseau&#8217;nun Air Canada CEO&#8217;lu\u011fundan ayr\u0131lma karar\u0131, \u00f6zellikle Frans\u0131zca&#8217;n\u0131n g\u00fc\u00e7l\u00fc oldu\u011fu Quebec eyaletinde b\u00fcy\u00fck yank\u0131 uyand\u0131ran bir olay\u0131n do\u011frudan sonucuydu. LaGuardia&#8217;daki elim kaza sonras\u0131 yay\u0131mlad\u0131\u011f\u0131 taziye videosunda Rousseau&#8217;nun neredeyse tamamen \u0130ngilizce konu\u015fmas\u0131 ve sadece birka\u00e7 Frans\u0131zca kelime kullanmas\u0131, Kanada&#8217;n\u0131n iki resmi dili olan \u0130ngilizce ve Frans\u0131zca dengesini g\u00f6z ard\u0131 etti\u011fi gerek\u00e7esiyle sert ele\u015ftirilere maruz kald\u0131.<\/p>\n<p>Bu durum, Quebec halk\u0131 ve yetkililer taraf\u0131ndan &#8220;sayg\u0131s\u0131zl\u0131k&#8221; olarak alg\u0131lanarak geni\u015f \u00e7apl\u0131 bir tepki dalgas\u0131na d\u00f6n\u00fc\u015ft\u00fc. Hava yolu \u015firketinin \u00fcst d\u00fczey y\u00f6neticisinden beklentiler, her iki resmi dili de kullanmas\u0131 y\u00f6n\u00fcndeyken, bu hassasiyetin g\u00f6z ard\u0131 edilmesi krizi derinle\u015ftirdi.<\/p>\n<p><img loading=\"lazy\" decoding=\"async\" class=\"hbptMainImage ImgDetay\" width=\"300\" height=\"200\" src=\"https:\/\/foto.haberler.com\/crop\/640x800\/haber\/2026\/03\/30\/ucagi-new-york-ta-kaza-yapan-air-canada-nin-ceo-19700989_8930_m.jpg\" alt=\"Air Canada CEO'su Michael Rousseau'nun New York'taki u\u00e7ak kazas\u0131 sonras\u0131 dil tart\u0131\u015fmas\u0131 nedeniyle istifas\u0131.\"\/><\/p>\n<h2>Siyasi ve Toplumsal Bask\u0131n\u0131n Y\u00fckseli\u015fi: \u0130stifa Ka\u00e7\u0131n\u0131lmaz Oldu<\/h2>\n<p>Michael Rousseau&#8217;nun Frans\u0131zca kullanmamas\u0131ndan kaynaklanan bu kriz, k\u0131sa s\u00fcrede yaln\u0131zca toplumsal bir tart\u0131\u015fma olmaktan \u00e7\u0131k\u0131p siyasi bir boyut kazand\u0131. Kanada Ba\u015fbakan\u0131 ve Quebec Y\u00f6netimi, Air Canada CEO&#8217;sunu do\u011frudan ele\u015ftirdi. Y\u00fczlerce, hatta binlerce \u015fikayet resmi makamlara ula\u015ft\u0131. Quebec Parlamentosu, CEO&#8217;nun g\u00f6revinden ayr\u0131lmas\u0131n\u0131 talep eden resmi bir karar alarak, kamuoyunun talebini yasama organ\u0131 seviyesine ta\u015f\u0131d\u0131. Bu e\u015fi benzeri g\u00f6r\u00fclmemi\u015f bask\u0131, Rousseau \u00fczerinde ciddi bir y\u00fck olu\u015fturdu.<\/p>\n<p>Artan bu siyasi ve toplumsal bask\u0131n\u0131n ard\u0131ndan, Air Canada CEO&#8217;su Michael Rousseau&#8217;nun g\u00f6revinden ayr\u0131laca\u011f\u0131 duyuruldu. \u015eirket, bu ayr\u0131l\u0131\u011f\u0131 &#8220;planl\u0131 bir ge\u00e7i\u015f s\u00fcreci&#8221; olarak nitelendirse de, karar\u0131n ard\u0131nda yatan as\u0131l nedenin dil tart\u0131\u015fmas\u0131ndan kaynaklanan kamuoyu bask\u0131s\u0131 oldu\u011fu yorumlar\u0131 geni\u015f yank\u0131 buldu. Bu olay, kurumsal liderlerin dil ve k\u00fclt\u00fcrel hassasiyetlere ne kadar dikkat etmesi gerekti\u011fini bir kez daha g\u00f6sterdi.<\/p>\n<h2>Kanada&#8217;da Dil Hassasiyeti: K\u00fclt\u00fcrel Kimli\u011fin Temel Ta\u015f\u0131<\/h2>\n<p>Kanada, \u00f6zellikle Quebec eyaletinde dil konusundaki hassasiyetiyle bilinen bir \u00fclkedir. Frans\u0131zca, bu b\u00f6lgede sadece bir ileti\u015fim arac\u0131 de\u011fil, ayn\u0131 zamanda derin bir k\u00fclt\u00fcrel kimli\u011fin ve miras\u0131n temel ta\u015f\u0131d\u0131r. Bu nedenle, b\u00fcy\u00fck \u015firket y\u00f6neticilerinden ve kamuya mal olmu\u015f fig\u00fcrlerden, \u00fclkenin her iki resmi dilini de aktif olarak kullanmalar\u0131 beklenir. Kriz anlar\u0131nda veya kamuoyu \u00f6n\u00fcnde yap\u0131lan a\u00e7\u0131klamalarda bu dil hassasiyetine riayet etmek, hem kurumsal itibar\u0131 korumak hem de toplumsal bar\u0131\u015f\u0131 s\u00fcrd\u00fcrmek ad\u0131na hayati \u00f6nem ta\u015f\u0131r. Rousseau&#8217;nun durumu, bu hassasiyetin ne denli kritik oldu\u011funu ac\u0131 bir \u015fekilde ortaya koymu\u015ftur.<\/p>\n<p><img loading=\"lazy\" decoding=\"async\" class=\"hbptMainImage ImgDetay\" width=\"300\" height=\"200\" src=\"https:\/\/foto.haberler.com\/crop\/510x680\/haber\/2026\/03\/30\/ucagi-new-york-ta-kaza-yapan-air-canada-nin-ceo-19700989_5792_m.jpg\" alt=\"Kanada'daki dil hassasiyeti ve Michael Rousseau'nun istifas\u0131.\"\/><\/p>\n<h2>LaGuardia&#8217;daki \u00d6l\u00fcmc\u00fcl U\u00e7ak Kazas\u0131: Olay\u0131n Perde Arkas\u0131<\/h2>\n<p>Michael Rousseau&#8217;nun istifas\u0131na yol a\u00e7an bu zincirleme olaylar, New York&#8217;taki LaGuardia Havaliman\u0131&#8217;nda ya\u015fanan trajik bir u\u00e7ak kazas\u0131yla ba\u015flad\u0131. 23 Mart Pazartesi g\u00fcn\u00fc Montreal-New York seferini ger\u00e7ekle\u015ftiren Air Canada&#8217;ya ait yolcu u\u00e7a\u011f\u0131, ini\u015f s\u0131ras\u0131nda pistte g\u00f6revli bir itfaiye arac\u0131yla \u00e7arp\u0131\u015ft\u0131. Bu korkun\u00e7 kaza sonucunda, u\u00e7a\u011f\u0131n iki pilotu hayat\u0131n\u0131 kaybederken, 41 ki\u015fi de \u00e7e\u015fitli derecelerde yaraland\u0131. U\u00e7akta toplam 72 yolcu ve 4 m\u00fcrettebat bulunuyordu. Bu ac\u0131 olay\u0131n ard\u0131ndan gelen taziye mesaj\u0131n\u0131n dil se\u00e7imi, beklenmedik bir krizin fitilini ate\u015flemi\u015f oldu.<\/p>\n<p>Elif Ye\u015fil Haberler.com<\/p>\n","protected":false},"excerpt":{"rendered":"<p>Air Canada&#8217;n\u0131n CEO&#8217;su Michael Rousseau, New York&#8217;taki LaGuardia Havaliman\u0131&#8217;nda ya\u015fanan trajik u\u00e7ak kazas\u0131 sonras\u0131 yapt\u0131\u011f\u0131 taziye a\u00e7\u0131klamas\u0131ndaki dil tercihi nedeniyle kamuoyundan y\u00fckselen yo\u011fun tepkiler \u00fczerine g\u00f6revinden ayr\u0131ld\u0131. Bu istifa karar\u0131, Kanada&#8217;n\u0131n resmi diller konusundaki hassasiyetini ve Quebec&#8217;teki Frans\u0131zca kimli\u011finin \u00f6nemini bir kez daha g\u00f6zler \u00f6n\u00fcne serdi. Air Canada CEO&#8217;sunun \u0130stifas\u0131na Yol A\u00e7an Frans\u0131zca Tart\u0131\u015fmas\u0131 Michael [&hellip;]<\/p>\n","protected":false},"author":0,"featured_media":2685,"comment_status":"open","ping_status":"open","sticky":false,"template":"","format":"standard","meta":{"footnotes":""},"categories":[15],"tags":[198,94,272,187,108,102],"class_list":["post-2684","post","type-post","status-publish","format-standard","has-post-thumbnail","hentry","category-gundem","tag-ceo","tag-dunya","tag-havacilik","tag-kanada","tag-new-york","tag-yasam"],"_links":{"self":[{"href":"https:\/\/sunpress4.com\/index.php\/wp-json\/wp\/v2\/posts\/2684","targetHints":{"allow":["GET"]}}],"collection":[{"href":"https:\/\/sunpress4.com\/index.php\/wp-json\/wp\/v2\/posts"}],"about":[{"href":"https:\/\/sunpress4.com\/index.php\/wp-json\/wp\/v2\/types\/post"}],"replies":[{"embeddable":true,"href":"https:\/\/sunpress4.com\/index.php\/wp-json\/wp\/v2\/comments?post=2684"}],"version-history":[{"count":1,"href":"https:\/\/sunpress4.com\/index.php\/wp-json\/wp\/v2\/posts\/2684\/revisions"}],"predecessor-version":[{"id":2686,"href":"https:\/\/sunpress4.com\/index.php\/wp-json\/wp\/v2\/posts\/2684\/revisions\/2686"}],"wp:featuredmedia":[{"embeddable":true,"href":"https:\/\/sunpress4.com\/index.php\/wp-json\/wp\/v2\/media\/2685"}],"wp:attachment":[{"href":"https:\/\/sunpress4.com\/index.php\/wp-json\/wp\/v2\/media?parent=2684"}],"wp:term":[{"taxonomy":"category","embeddable":true,"href":"https:\/\/sunpress4.com\/index.php\/wp-json\/wp\/v2\/categories?post=2684"},{"taxonomy":"post_tag","embeddable":true,"href":"https:\/\/sunpress4.com\/index.php\/wp-json\/wp\/v2\/tags?post=2684"}],"curies":[{"name":"wp","href":"https:\/\/api.w.org\/{rel}","templated":true}]}}