{"id":2687,"date":"2026-03-31T00:00:45","date_gmt":"2026-03-30T21:00:45","guid":{"rendered":"https:\/\/sunpress4.com\/index.php\/2026\/03\/31\/kemerburgaz-yolu-gole-dondu-koca-kamyon-sulara-kapildi\/"},"modified":"2026-03-31T00:00:45","modified_gmt":"2026-03-30T21:00:45","slug":"kemerburgaz-yolu-gole-dondu-koca-kamyon-sulara-kapildi","status":"publish","type":"post","link":"https:\/\/sunpress4.com\/index.php\/2026\/03\/31\/kemerburgaz-yolu-gole-dondu-koca-kamyon-sulara-kapildi\/","title":{"rendered":"Kemerburgaz yolu g\u00f6le d\u00f6nd\u00fc, koca kamyon sulara kap\u0131ld\u0131"},"content":{"rendered":"<p>\u0130stanbul&#8217;u g\u00fcnlerdir etkisi alt\u0131na alan \u015fiddetli sa\u011fanak ya\u011f\u0131\u015flar, \u00f6zellikle Sar\u0131yer Kemerburgaz Yolu&#8217;nu adeta bir g\u00f6le \u00e7evirerek hayat\u0131 fel\u00e7 etti. B\u00f6lgede olu\u015fan derin su birikintileri nedeniyle s\u00fcr\u00fcc\u00fcler zor anlar ya\u015farken, kontrolden \u00e7\u0131kan bir kamyonun dere yata\u011f\u0131na devrilmesiyle durum daha da ciddile\u015fti.<\/p>\n<h3>Sar\u0131yer Kemerburgaz Yolu&#8217;nda Ula\u015f\u0131m Fel\u00e7 Oldu<\/h3>\n<p>Arka arkaya ya\u011fan ya\u011fmurlar sonras\u0131 Kemerburgaz Yolu \u00fczerinde olu\u015fan devasa su birikintileri, hem s\u00fcr\u00fcc\u00fclerin g\u00f6r\u00fc\u015f mesafesini d\u00fc\u015f\u00fcrd\u00fc hem de zemini kayganla\u015ft\u0131rd\u0131. Yolda ilerlemeye \u00e7al\u0131\u015fan bir\u00e7ok ara\u00e7, y\u00fckselen su seviyesi kar\u015f\u0131s\u0131nda \u00e7aresiz kald\u0131. Kameralara yans\u0131yan g\u00f6r\u00fcnt\u00fclerde, baz\u0131 binek ara\u00e7lar\u0131n suya yar\u0131ya kadar g\u00f6m\u00fcld\u00fc\u011f\u00fc ve yoluna devam etmekte b\u00fcy\u00fck g\u00fc\u00e7l\u00fck \u00e7ekti\u011fi anlar yer ald\u0131.<\/p>\n<p><img class=\"hbptMainImage ImgDetay\" width=\"521\" height=\"638\" data-orig=\"https:\/\/foto.haberler.com\/crop\/521x638\/haber\/2026\/03\/30\/istanbul-da-siddetli-yagis-sariyer-kemerburgaz-19700914_1883_m.jpg\" alt=\"\u0130stanbul'da \u015eiddetli Ya\u011f\u0131\u015f: Sar\u0131yer Kemerburgaz Yolu G\u00f6l Oldu, T\u0131r Dere Yata\u011f\u0131na Devrildi\"><\/p>\n<h3>Kontrol\u00fcn\u00fc Kaybeden Kamyon Dere Yata\u011f\u0131na Devrildi<\/h3>\n<p>Ya\u011f\u0131\u015f\u0131n \u015fiddetini art\u0131rmas\u0131yla birlikte kayganla\u015fan ve g\u00f6r\u00fc\u015f mesafesinin azald\u0131\u011f\u0131 Kemerburgaz Yolu&#8217;nda seyir halinde olan bir kamyon, s\u00fcr\u00fcc\u00fcs\u00fcn\u00fcn direksiyon hakimiyetini kaybetmesi sonucu dere yata\u011f\u0131na devrildi. Yan yatan kamyonun \u00f6nemli bir k\u0131sm\u0131n\u0131n sular alt\u0131nda kald\u0131\u011f\u0131 olay yerinde, \u00e7evredeki vatanda\u015flar hemen yard\u0131ma ko\u015ftu. Bu talihsiz kaza, b\u00f6lgedeki trafik kaosunu daha da art\u0131rd\u0131.<\/p>\n<h3>Sel Sular\u0131 Di\u011fer Ara\u00e7lar\u0131 da Yolda B\u0131rakt\u0131<\/h3>\n<p>Sadece kamyon kazas\u0131 de\u011fil, y\u00fckselen sel sular\u0131 nedeniyle bir\u00e7ok ba\u015fka ara\u00e7 da Kemerburgaz Yolu&#8217;nda mahsur kald\u0131. Olay yerinde bir hafif ticari arac\u0131n da suya g\u00f6m\u00fcld\u00fc\u011f\u00fc ve s\u00fcr\u00fcc\u00fcs\u00fcn\u00fcn arac\u0131 kurtarma \u00e7abalar\u0131n\u0131n sonu\u00e7suz kald\u0131\u011f\u0131 g\u00f6r\u00fcld\u00fc. B\u00f6lgede kilometrelerce ara\u00e7 kuyru\u011fu olu\u015furken, trafik tamamen durma noktas\u0131na geldi.<\/p>\n<p>Ya\u011f\u0131\u015f ma\u011fduru vatanda\u015flar ve mahsur kalan s\u00fcr\u00fcc\u00fcler, uzun s\u00fcre belediye ve kurtarma ekiplerinin olay yerine ula\u015fmas\u0131n\u0131 beklemek zorunda kald\u0131. Yetkililerden hen\u00fcz resmi bir a\u00e7\u0131klama gelmezken, b\u00f6lgede hayat\u0131n normale d\u00f6nmesi i\u00e7in \u00e7al\u0131\u015fmalar\u0131n ba\u015flad\u0131\u011f\u0131 bildirildi.<\/p>\n","protected":false},"excerpt":{"rendered":"<p>\u0130stanbul&#8217;u g\u00fcnlerdir etkisi alt\u0131na alan \u015fiddetli sa\u011fanak ya\u011f\u0131\u015flar, \u00f6zellikle Sar\u0131yer Kemerburgaz Yolu&#8217;nu adeta bir g\u00f6le \u00e7evirerek hayat\u0131 fel\u00e7 etti. B\u00f6lgede olu\u015fan derin su birikintileri nedeniyle s\u00fcr\u00fcc\u00fcler zor anlar ya\u015farken, kontrolden \u00e7\u0131kan bir kamyonun dere yata\u011f\u0131na devrilmesiyle durum daha da ciddile\u015fti. Sar\u0131yer Kemerburgaz Yolu&#8217;nda Ula\u015f\u0131m Fel\u00e7 Oldu Arka arkaya ya\u011fan ya\u011fmurlar sonras\u0131 Kemerburgaz Yolu \u00fczerinde olu\u015fan [&hellip;]<\/p>\n","protected":false},"author":0,"featured_media":2688,"comment_status":"open","ping_status":"open","sticky":false,"template":"","format":"standard","meta":{"footnotes":""},"categories":[15],"tags":[94,205,106,511,512,102],"class_list":["post-2687","post","type-post","status-publish","format-standard","has-post-thumbnail","hentry","category-gundem","tag-dunya","tag-hava-durumu","tag-istanbul","tag-sariyer","tag-trafik","tag-yasam"],"_links":{"self":[{"href":"https:\/\/sunpress4.com\/index.php\/wp-json\/wp\/v2\/posts\/2687","targetHints":{"allow":["GET"]}}],"collection":[{"href":"https:\/\/sunpress4.com\/index.php\/wp-json\/wp\/v2\/posts"}],"about":[{"href":"https:\/\/sunpress4.com\/index.php\/wp-json\/wp\/v2\/types\/post"}],"replies":[{"embeddable":true,"href":"https:\/\/sunpress4.com\/index.php\/wp-json\/wp\/v2\/comments?post=2687"}],"version-history":[{"count":1,"href":"https:\/\/sunpress4.com\/index.php\/wp-json\/wp\/v2\/posts\/2687\/revisions"}],"predecessor-version":[{"id":2689,"href":"https:\/\/sunpress4.com\/index.php\/wp-json\/wp\/v2\/posts\/2687\/revisions\/2689"}],"wp:featuredmedia":[{"embeddable":true,"href":"https:\/\/sunpress4.com\/index.php\/wp-json\/wp\/v2\/media\/2688"}],"wp:attachment":[{"href":"https:\/\/sunpress4.com\/index.php\/wp-json\/wp\/v2\/media?parent=2687"}],"wp:term":[{"taxonomy":"category","embeddable":true,"href":"https:\/\/sunpress4.com\/index.php\/wp-json\/wp\/v2\/categories?post=2687"},{"taxonomy":"post_tag","embeddable":true,"href":"https:\/\/sunpress4.com\/index.php\/wp-json\/wp\/v2\/tags?post=2687"}],"curies":[{"name":"wp","href":"https:\/\/api.w.org\/{rel}","templated":true}]}}