{"id":2711,"date":"2026-04-01T12:00:30","date_gmt":"2026-04-01T09:00:30","guid":{"rendered":"https:\/\/sunpress4.com\/index.php\/2026\/04\/01\/ozel-turkiye-dunya-kupasinda-montella-biz-fabrika-ayarlarimiza-dondurdu-romanya-kosova-maclarindan-ders-almamiz-gerek\/"},"modified":"2026-04-01T12:00:31","modified_gmt":"2026-04-01T09:00:31","slug":"ozel-turkiye-dunya-kupasinda-montella-biz-fabrika-ayarlarimiza-dondurdu-romanya-kosova-maclarindan-ders-almamiz-gerek","status":"publish","type":"post","link":"https:\/\/sunpress4.com\/index.php\/2026\/04\/01\/ozel-turkiye-dunya-kupasinda-montella-biz-fabrika-ayarlarimiza-dondurdu-romanya-kosova-maclarindan-ders-almamiz-gerek\/","title":{"rendered":"\u00d6ZEL | T\u00fcrkiye, D\u00fcnya Kupas\u0131&#8217;nda! &#8216;Montella biz fabrika ayarlar\u0131m\u0131za d\u00f6nd\u00fcrd\u00fc&#8217; | &#8216;Romanya-Kosova ma\u00e7lar\u0131ndan ders almam\u0131z gerek&#8217;"},"content":{"rendered":"<p>A Milli Futbol Tak\u0131m\u0131&#8217;m\u0131z, 2026 FIFA D\u00fcnya Kupas\u0131 Avrupa Elemeleri play-off turu final m\u00fccadelesinde Kosova ile deplasmanda kar\u015f\u0131la\u015ft\u0131 ve sahadan zaferle ayr\u0131ld\u0131. Millilerimiz, Kerem Akt\u00fcrko\u011flu&#8217;nun kaydetti\u011fi kritik golle ad\u0131n\u0131 D\u00fcnya Kupas\u0131 finallerine yazd\u0131rarak 24 y\u0131ll\u0131k hasretine son verdi. Bu tarihi ba\u015far\u0131, T\u00fcrk futbolseverler aras\u0131nda b\u00fcy\u00fck bir co\u015fkuyla kar\u015f\u0131land\u0131.<\/p>\n<p>Zorlu deplasman ko\u015fullar\u0131nda oynanan bu final ma\u00e7\u0131, ay-y\u0131ld\u0131zl\u0131 ekibimiz i\u00e7in b\u00fcy\u00fck bir \u00f6neme sahipti. Tak\u0131m\u0131m\u0131z\u0131n g\u00f6stermi\u015f oldu\u011fu \u00fcst\u00fcn m\u00fccadele ve Kerem Akt\u00fcrko\u011flu&#8217;nun att\u0131\u011f\u0131 belirleyici gol, T\u00fcrkiye&#8217;ye D\u00fcnya Kupas\u0131 kap\u0131lar\u0131n\u0131 aralad\u0131. Milli Tak\u0131m\u0131m\u0131z, uzun bir aran\u0131n ard\u0131ndan yeniden futbolun zirve organizasyonunda yer alman\u0131n gururunu ya\u015fayacak.<\/p>\n<p>Bu \u00f6nemli galibiyetin yank\u0131lar\u0131 T\u00fcrk spor bas\u0131n\u0131nda geni\u015f yer bulurken, Fanatik Gazetesi yazar\u0131 \u00d6mer Necati Albayrak da Fanatik Youtube ekranlar\u0131nda ma\u00e7 sonras\u0131 de\u011ferlendirmelerde bulundu. Albayrak, Milli Tak\u0131m&#8217;\u0131n g\u00f6sterdi\u011fi performans\u0131, elde edilen ba\u015far\u0131y\u0131 ve 2026 FIFA D\u00fcnya Kupas\u0131 yolculu\u011funun \u00f6nemini detayl\u0131 bir \u015fekilde yorumlad\u0131.<\/p>\n","protected":false},"excerpt":{"rendered":"<p>A Milli Futbol Tak\u0131m\u0131&#8217;m\u0131z, 2026 FIFA D\u00fcnya Kupas\u0131 Avrupa Elemeleri play-off turu final m\u00fccadelesinde Kosova ile deplasmanda kar\u015f\u0131la\u015ft\u0131 ve sahadan zaferle ayr\u0131ld\u0131. Millilerimiz, Kerem Akt\u00fcrko\u011flu&#8217;nun kaydetti\u011fi kritik golle ad\u0131n\u0131 D\u00fcnya Kupas\u0131 finallerine yazd\u0131rarak 24 y\u0131ll\u0131k hasretine son verdi. Bu tarihi ba\u015far\u0131, T\u00fcrk futbolseverler aras\u0131nda b\u00fcy\u00fck bir co\u015fkuyla kar\u015f\u0131land\u0131. Zorlu deplasman ko\u015fullar\u0131nda oynanan bu final ma\u00e7\u0131, [&hellip;]<\/p>\n","protected":false},"author":0,"featured_media":2712,"comment_status":"open","ping_status":"open","sticky":false,"template":"","format":"standard","meta":{"footnotes":""},"categories":[32],"tags":[],"class_list":["post-2711","post","type-post","status-publish","format-standard","has-post-thumbnail","hentry","category-spor"],"_links":{"self":[{"href":"https:\/\/sunpress4.com\/index.php\/wp-json\/wp\/v2\/posts\/2711","targetHints":{"allow":["GET"]}}],"collection":[{"href":"https:\/\/sunpress4.com\/index.php\/wp-json\/wp\/v2\/posts"}],"about":[{"href":"https:\/\/sunpress4.com\/index.php\/wp-json\/wp\/v2\/types\/post"}],"replies":[{"embeddable":true,"href":"https:\/\/sunpress4.com\/index.php\/wp-json\/wp\/v2\/comments?post=2711"}],"version-history":[{"count":1,"href":"https:\/\/sunpress4.com\/index.php\/wp-json\/wp\/v2\/posts\/2711\/revisions"}],"predecessor-version":[{"id":2713,"href":"https:\/\/sunpress4.com\/index.php\/wp-json\/wp\/v2\/posts\/2711\/revisions\/2713"}],"wp:featuredmedia":[{"embeddable":true,"href":"https:\/\/sunpress4.com\/index.php\/wp-json\/wp\/v2\/media\/2712"}],"wp:attachment":[{"href":"https:\/\/sunpress4.com\/index.php\/wp-json\/wp\/v2\/media?parent=2711"}],"wp:term":[{"taxonomy":"category","embeddable":true,"href":"https:\/\/sunpress4.com\/index.php\/wp-json\/wp\/v2\/categories?post=2711"},{"taxonomy":"post_tag","embeddable":true,"href":"https:\/\/sunpress4.com\/index.php\/wp-json\/wp\/v2\/tags?post=2711"}],"curies":[{"name":"wp","href":"https:\/\/api.w.org\/{rel}","templated":true}]}}