{"id":2714,"date":"2026-04-01T12:00:35","date_gmt":"2026-04-01T09:00:35","guid":{"rendered":"https:\/\/sunpress4.com\/index.php\/2026\/04\/01\/unlu-modelin-mezari-7-ay-sonra-acildi-ekipler-gordukleri-karsisinda-soke-oldu\/"},"modified":"2026-04-01T12:00:35","modified_gmt":"2026-04-01T09:00:35","slug":"unlu-modelin-mezari-7-ay-sonra-acildi-ekipler-gordukleri-karsisinda-soke-oldu","status":"publish","type":"post","link":"https:\/\/sunpress4.com\/index.php\/2026\/04\/01\/unlu-modelin-mezari-7-ay-sonra-acildi-ekipler-gordukleri-karsisinda-soke-oldu\/","title":{"rendered":"\u00dcnl\u00fc modelin mezar\u0131 7 ay sonra a\u00e7\u0131ld\u0131, ekipler g\u00f6rd\u00fckleri kar\u015f\u0131s\u0131nda \u015foke oldu"},"content":{"rendered":"<h1>\u0130talya&#8217;da Model Pamela Genini&#8217;nin Mezar\u0131 A\u00e7\u0131ld\u0131, \u015eok Eden Detay: Kafas\u0131 \u00c7al\u0131nd\u0131<\/h1>\n<p>\u0130talya, son g\u00fcnlerde eski sevgilisi taraf\u0131ndan vah\u015fice \u00f6ld\u00fcr\u00fclen 29 ya\u015f\u0131ndaki model Pamela Genini ile ilgili ak\u0131l almaz bir olayla sars\u0131ld\u0131. Gen\u00e7 modelin mezar\u0131, kimli\u011fi hen\u00fcz belirlenemeyen ki\u015fi veya ki\u015filerce a\u00e7\u0131l\u0131rken, tabuttan Pamela Genini&#8217;nin kafas\u0131n\u0131n kesilerek \u00e7al\u0131nd\u0131\u011f\u0131 tespit edildi.<\/p>\n<h2>Korkun\u00e7 Ger\u00e7ek Nakil S\u0131ras\u0131nda Ortaya \u00c7\u0131kt\u0131<\/h2>\n<p>Deh\u015fet verici olay, Bergamo ilindeki Strozza Mezarl\u0131\u011f\u0131&#8217;nda ya\u015fand\u0131. 23 Mart 2026 tarihinde, Pamela Genini&#8217;nin naa\u015f\u0131n\u0131n ge\u00e7ici mezardan aile kabristan\u0131na ta\u015f\u0131nmas\u0131 i\u015flemi s\u0131ras\u0131nda mezarl\u0131k g\u00f6revlileri tabutta \u015f\u00fcpheli bir tahrifat fark etti. Yap\u0131lan detayl\u0131 incelemeler sonucunda, tabutun vidalar\u0131n\u0131n s\u00f6k\u00fcld\u00fc\u011f\u00fc, cesedin ba\u015f\u0131n\u0131n kesilerek al\u0131nd\u0131\u011f\u0131 ve faillerin iz b\u0131rakmamak amac\u0131yla tabutu yeniden titizlikle silikonla kapatt\u0131\u011f\u0131 anla\u015f\u0131ld\u0131.<\/p>\n<h2>Mezar Soygununu Kimler Ger\u00e7ekle\u015ftirdi?<\/h2>\n<p>Bergamo Savc\u0131l\u0131\u011f\u0131 taraf\u0131ndan ba\u015flat\u0131lan geni\u015f \u00e7apl\u0131 soru\u015fturma devam ediyor. Mezar\u0131 \u00f6rten a\u011f\u0131r beton kapa\u011f\u0131n kald\u0131r\u0131lmas\u0131 ve t\u00fcm i\u015flemlerin b\u00fcy\u00fck bir gizlilik i\u00e7inde y\u00fcr\u00fct\u00fclm\u00fc\u015f olmas\u0131, eylemin en az 3 veya 4 ki\u015filik bir grup taraf\u0131ndan ger\u00e7ekle\u015ftirildi\u011fi ihtimalini g\u00fc\u00e7lendiriyor. Faillerin, i\u015fledikleri su\u00e7un fark edilmemesi i\u00e7in mezar\u0131 eski haline getirmeye \u00e7al\u0131\u015ft\u0131\u011f\u0131 ancak gev\u015fek b\u0131rak\u0131lan bir vida ve yanl\u0131\u015f hizalama nedeniyle yakay\u0131 ele verdikleri belirtiliyor.<\/p>\n<h2>Pamela Genini&#8217;nin Trajik Sonu: Cinayetin Arka Plan\u0131<\/h2>\n<p>Pamela Genini, Ekim 2025&#8217;te Milano&#8217;daki dairesinde, kendisini aylarca tak\u0131nt\u0131 haline getirerek rahats\u0131z eden 52 ya\u015f\u0131ndaki eski sevgilisi Gianluca Soncin taraf\u0131ndan vah\u015fice b\u0131\u00e7aklanarak \u00f6ld\u00fcr\u00fclm\u00fc\u015ft\u00fc. Katil zanl\u0131s\u0131 Soncin&#8217;in halen cezaevinde yarg\u0131lanmay\u0131 bekledi\u011fi biliniyor. Jandarma ekipleri, bu yeni olay\u0131n ard\u0131ndan mezarl\u0131ktaki g\u00fcvenlik kameralar\u0131n\u0131n kay\u0131tlar\u0131n\u0131 detayl\u0131 olarak incelemeye al\u0131rken, Genini ailesinin daha \u00f6nce ald\u0131\u011f\u0131 tehditler de mercek alt\u0131na al\u0131nd\u0131.<\/p>\n<h2>Yasal S\u00fcre\u00e7 ve Toplumsal Tepkiler<\/h2>\n<p>\u0130talyan yetkililer, &#8220;cesede sayg\u0131s\u0131zl\u0131k ve h\u0131rs\u0131zl\u0131k&#8221; su\u00e7lamalar\u0131yla ilgili soru\u015fturmay\u0131 derinle\u015ftiriyor. Bu korkun\u00e7 su\u00e7un failleri i\u00e7in 7 y\u0131la kadar hapis cezas\u0131 talep ediliyor. Ya\u015fanan bu son olayla birlikte b\u00fcy\u00fck bir \u015fok ve \u00fcz\u00fcnt\u00fc ya\u015fayan Genini ailesinin ac\u0131s\u0131 katlan\u0131rken, \u00fclkede mezarl\u0131k g\u00fcvenliklerinin art\u0131r\u0131lmas\u0131 y\u00f6n\u00fcnde g\u00fc\u00e7l\u00fc \u00e7a\u011fr\u0131lar y\u00fckseliyor.<\/p>\n","protected":false},"excerpt":{"rendered":"<p>\u0130talya&#8217;da Model Pamela Genini&#8217;nin Mezar\u0131 A\u00e7\u0131ld\u0131, \u015eok Eden Detay: Kafas\u0131 \u00c7al\u0131nd\u0131 \u0130talya, son g\u00fcnlerde eski sevgilisi taraf\u0131ndan vah\u015fice \u00f6ld\u00fcr\u00fclen 29 ya\u015f\u0131ndaki model Pamela Genini ile ilgili ak\u0131l almaz bir olayla sars\u0131ld\u0131. Gen\u00e7 modelin mezar\u0131, kimli\u011fi hen\u00fcz belirlenemeyen ki\u015fi veya ki\u015filerce a\u00e7\u0131l\u0131rken, tabuttan Pamela Genini&#8217;nin kafas\u0131n\u0131n kesilerek \u00e7al\u0131nd\u0131\u011f\u0131 tespit edildi. Korkun\u00e7 Ger\u00e7ek Nakil S\u0131ras\u0131nda Ortaya \u00c7\u0131kt\u0131 [&hellip;]<\/p>\n","protected":false},"author":0,"featured_media":2715,"comment_status":"open","ping_status":"open","sticky":false,"template":"","format":"standard","meta":{"footnotes":""},"categories":[15],"tags":[94,177],"class_list":["post-2714","post","type-post","status-publish","format-standard","has-post-thumbnail","hentry","category-gundem","tag-dunya","tag-magazin"],"_links":{"self":[{"href":"https:\/\/sunpress4.com\/index.php\/wp-json\/wp\/v2\/posts\/2714","targetHints":{"allow":["GET"]}}],"collection":[{"href":"https:\/\/sunpress4.com\/index.php\/wp-json\/wp\/v2\/posts"}],"about":[{"href":"https:\/\/sunpress4.com\/index.php\/wp-json\/wp\/v2\/types\/post"}],"replies":[{"embeddable":true,"href":"https:\/\/sunpress4.com\/index.php\/wp-json\/wp\/v2\/comments?post=2714"}],"version-history":[{"count":1,"href":"https:\/\/sunpress4.com\/index.php\/wp-json\/wp\/v2\/posts\/2714\/revisions"}],"predecessor-version":[{"id":2716,"href":"https:\/\/sunpress4.com\/index.php\/wp-json\/wp\/v2\/posts\/2714\/revisions\/2716"}],"wp:featuredmedia":[{"embeddable":true,"href":"https:\/\/sunpress4.com\/index.php\/wp-json\/wp\/v2\/media\/2715"}],"wp:attachment":[{"href":"https:\/\/sunpress4.com\/index.php\/wp-json\/wp\/v2\/media?parent=2714"}],"wp:term":[{"taxonomy":"category","embeddable":true,"href":"https:\/\/sunpress4.com\/index.php\/wp-json\/wp\/v2\/categories?post=2714"},{"taxonomy":"post_tag","embeddable":true,"href":"https:\/\/sunpress4.com\/index.php\/wp-json\/wp\/v2\/tags?post=2714"}],"curies":[{"name":"wp","href":"https:\/\/api.w.org\/{rel}","templated":true}]}}