{"id":2720,"date":"2026-04-02T00:00:21","date_gmt":"2026-04-01T21:00:21","guid":{"rendered":"https:\/\/sunpress4.com\/index.php\/2026\/04\/02\/amed-sportif-faaliyetler-moral-ve-sampiyonluk-yemegi-verdi\/"},"modified":"2026-04-02T00:00:22","modified_gmt":"2026-04-01T21:00:22","slug":"amed-sportif-faaliyetler-moral-ve-sampiyonluk-yemegi-verdi","status":"publish","type":"post","link":"https:\/\/sunpress4.com\/index.php\/2026\/04\/02\/amed-sportif-faaliyetler-moral-ve-sampiyonluk-yemegi-verdi\/","title":{"rendered":"Amed Sportif Faaliyetler moral ve \u015fampiyonluk yeme\u011fi verdi"},"content":{"rendered":"<p>Trendyol 1. Lig&#8217;de zirve m\u00fccadelesini s\u00fcrd\u00fcren ve 67 puanla 2. s\u0131rada yer alan Amed Sportif Faaliyetler, kritik \u015fampiyonluk yolculu\u011funda \u00f6nemli bir destek program\u0131 d\u00fczenledi. Diyarbak\u0131r&#8217;\u0131n \u00f6nde gelen siyasi, sivil toplum ve i\u015f d\u00fcnyas\u0131 temsilcileri, teknik ekip ve kul\u00fcp y\u00f6neticileri, moral ve motivasyon yeme\u011finde bir araya geldi. Bu anlaml\u0131 bulu\u015fmaya Diyarbak\u0131r B\u00fcy\u00fck\u015fehir Belediye Ba\u015fkan\u0131 Serra Bucak, Amed Sportif Faaliyetler Ba\u015fkan\u0131 Nahit Eren, Y\u00fcksek \u0130sti\u015fare Kurulu Ba\u015fkan\u0131 Metin K\u0131lavuz, Teknik Direkt\u00f6r Mesut Bakkal ve Diyarbak\u0131r Organize Sanayi B\u00f6lgesi Y\u00f6netim Kurulu Ba\u015fkan\u0131 Mustafa Fidan gibi \u00f6nemli isimler kat\u0131ld\u0131. Bas\u0131n mensuplar\u0131n\u0131n da ilgi g\u00f6sterdi\u011fi etkinlikte, Diyarbak\u0131r&#8217;\u0131n \u015fampiyonluk hedefi etraf\u0131nda kenetlenme mesajlar\u0131 verildi.<\/p>\n<p>Diyarbak\u0131r B\u00fcy\u00fck\u015fehir Belediye Ba\u015fkan\u0131 Serra Bucak, programdaki konu\u015fmas\u0131nda, Diyarbak\u0131r B\u00fcy\u00fck\u015fehir Belediyesi ve t\u00fcm il\u00e7e belediyeleri ad\u0131na Amed Sportif Faaliyetler&#8217;e ba\u015far\u0131 dileklerini iletti. Bucak, &#8220;Amedspor&#8217;u bekleyen 6 kritik ma\u00e7 var; \u00fc\u00e7\u00fc evimizde, \u00fc\u00e7\u00fc deplasmanda. Ger\u00e7ekten tarihi bir e\u015fikten ge\u00e7en Amedspor&#8217;un bu seviyeye gelmesinde eme\u011fi ge\u00e7en t\u00fcm kul\u00fcp ba\u015fkanlar\u0131na, y\u00f6netim kurulu \u00fcyelerine ve kul\u00fcbe katk\u0131 sunan herkese \u015f\u00fckranlar\u0131m\u0131z\u0131 sunuyoruz. Ancak en b\u00fcy\u00fck te\u015fekk\u00fcr, bu s\u00fcre\u00e7te ortaya koydu\u011fu g\u00fc\u00e7l\u00fc dayan\u0131\u015fma ve yakalanan ba\u015far\u0131 i\u00e7in taraftar\u0131m\u0131za ve t\u00fcm Diyarbak\u0131r halk\u0131nad\u0131r,&#8221; dedi. \u015eampiyonluk ve \u00fcst lige y\u00fckselme hedefine dikkat \u00e7eken Bucak, &#8220;\u015eimdi yap\u0131lmas\u0131 gereken, kalan 6 haftay\u0131 y\u00fcksek motivasyonla, kenetlenerek ve birlik i\u00e7inde ge\u00e7irmektir. Kenti bir \u015fampiyonluk atmosferine sokmak ve bu co\u015fkuyu son ana kadar korumak b\u00fcy\u00fck \u00f6nem ta\u015f\u0131yor. T\u00fcm Diyarbak\u0131r&#8217;a \u00e7a\u011fr\u0131m\u0131zd\u0131r: Taraftarlar\u0131m\u0131z tak\u0131m\u0131na sahip \u00e7\u0131ks\u0131n, \u015fampiyonluk yolundaki bu kritik ma\u00e7larda stadyumlar\u0131 doldural\u0131m. Trib\u00fcnlerimizde bar\u0131\u015f\u0131n, dostlu\u011fun ve futbolun g\u00fczelliklerinin hakim oldu\u011fu bir ortam yaratal\u0131m,&#8221; ifadeleriyle kentte topyek\u00fbn bir seferberlik ruhu \u00e7a\u011fr\u0131s\u0131 yapt\u0131.<\/p>\n<p>Amed Sportif Faaliyetler Ba\u015fkan\u0131 Nahit Eren ise bu dayan\u0131\u015fma ruhunun kendileri i\u00e7in yeni olmad\u0131\u011f\u0131n\u0131 vurgulad\u0131. Eren, &#8220;Bug\u00fcn kentimizin t\u00fcm dinamikleri, \u00f6zellikle de sivil toplum kurulu\u015flar\u0131, meslek \u00f6rg\u00fctleri ve yerel y\u00f6netim temsilcilerinden olu\u015fan k\u0131ymetli isti\u015fare kurulumuz, ola\u011fan\u00fcst\u00fc bir dayan\u0131\u015fma \u00f6rne\u011fi sergiledi. Antrenman saham\u0131zda futbolcular\u0131m\u0131z ve teknik heyetimizle bir araya gelerek, t\u0131pk\u0131 ge\u00e7mi\u015fte oldu\u011fu gibi, kentin tamam\u0131n\u0131 bu \u015fampiyonluk hedefine kenetlenmeye davet ettiler. Bu g\u00fc\u00e7l\u00fc inan\u00e7 ve motivasyon, hem futbolcular\u0131m\u0131za hem de teknik ekibimize derinden hissettirildi,&#8221; \u015feklinde konu\u015ftu. Kul\u00fcp ba\u015fkan\u0131 olarak ve y\u00f6netim ad\u0131na, ba\u015fta Amedspor camias\u0131 olmak \u00fczere, bu s\u00fcre\u00e7te eme\u011fi ge\u00e7en herkese g\u00f6n\u00fclden te\u015fekk\u00fcrlerini sunan Eren, \u015fampiyonluk hedefine ula\u015fmak i\u00e7in t\u00fcm kentin deste\u011finin ne denli k\u0131ymetli oldu\u011funu bir kez daha dile getirdi.<\/p>\n","protected":false},"excerpt":{"rendered":"<p>Trendyol 1. Lig&#8217;de zirve m\u00fccadelesini s\u00fcrd\u00fcren ve 67 puanla 2. s\u0131rada yer alan Amed Sportif Faaliyetler, kritik \u015fampiyonluk yolculu\u011funda \u00f6nemli bir destek program\u0131 d\u00fczenledi. Diyarbak\u0131r&#8217;\u0131n \u00f6nde gelen siyasi, sivil toplum ve i\u015f d\u00fcnyas\u0131 temsilcileri, teknik ekip ve kul\u00fcp y\u00f6neticileri, moral ve motivasyon yeme\u011finde bir araya geldi. Bu anlaml\u0131 bulu\u015fmaya Diyarbak\u0131r B\u00fcy\u00fck\u015fehir Belediye Ba\u015fkan\u0131 Serra Bucak, [&hellip;]<\/p>\n","protected":false},"author":0,"featured_media":2721,"comment_status":"open","ping_status":"open","sticky":false,"template":"","format":"standard","meta":{"footnotes":""},"categories":[32],"tags":[],"class_list":["post-2720","post","type-post","status-publish","format-standard","has-post-thumbnail","hentry","category-spor"],"_links":{"self":[{"href":"https:\/\/sunpress4.com\/index.php\/wp-json\/wp\/v2\/posts\/2720","targetHints":{"allow":["GET"]}}],"collection":[{"href":"https:\/\/sunpress4.com\/index.php\/wp-json\/wp\/v2\/posts"}],"about":[{"href":"https:\/\/sunpress4.com\/index.php\/wp-json\/wp\/v2\/types\/post"}],"replies":[{"embeddable":true,"href":"https:\/\/sunpress4.com\/index.php\/wp-json\/wp\/v2\/comments?post=2720"}],"version-history":[{"count":1,"href":"https:\/\/sunpress4.com\/index.php\/wp-json\/wp\/v2\/posts\/2720\/revisions"}],"predecessor-version":[{"id":2722,"href":"https:\/\/sunpress4.com\/index.php\/wp-json\/wp\/v2\/posts\/2720\/revisions\/2722"}],"wp:featuredmedia":[{"embeddable":true,"href":"https:\/\/sunpress4.com\/index.php\/wp-json\/wp\/v2\/media\/2721"}],"wp:attachment":[{"href":"https:\/\/sunpress4.com\/index.php\/wp-json\/wp\/v2\/media?parent=2720"}],"wp:term":[{"taxonomy":"category","embeddable":true,"href":"https:\/\/sunpress4.com\/index.php\/wp-json\/wp\/v2\/categories?post=2720"},{"taxonomy":"post_tag","embeddable":true,"href":"https:\/\/sunpress4.com\/index.php\/wp-json\/wp\/v2\/tags?post=2720"}],"curies":[{"name":"wp","href":"https:\/\/api.w.org\/{rel}","templated":true}]}}