{"id":2723,"date":"2026-04-02T00:00:42","date_gmt":"2026-04-01T21:00:42","guid":{"rendered":"https:\/\/sunpress4.com\/index.php\/2026\/04\/02\/bakani-gurlek-hollandali-mevkidasini-agirladi-dhkp-c-elebasinin-iadesini-istedi\/"},"modified":"2026-04-02T00:00:43","modified_gmt":"2026-04-01T21:00:43","slug":"bakani-gurlek-hollandali-mevkidasini-agirladi-dhkp-c-elebasinin-iadesini-istedi","status":"publish","type":"post","link":"https:\/\/sunpress4.com\/index.php\/2026\/04\/02\/bakani-gurlek-hollandali-mevkidasini-agirladi-dhkp-c-elebasinin-iadesini-istedi\/","title":{"rendered":"Bakan\u0131 G\u00fcrlek, Hollandal\u0131 mevkida\u015f\u0131n\u0131 a\u011f\u0131rlad\u0131! DHKP-C eleba\u015f\u0131n\u0131n iadesini istedi"},"content":{"rendered":"<p>(ANKARA) \u2013 T\u00fcrkiye ve Hollanda Adalet Bakanlar\u0131, Ankara&#8217;da kritik bir g\u00f6r\u00fc\u015fme ger\u00e7ekle\u015ftirdi. Adalet Bakan\u0131 Ak\u0131n G\u00fcrlek, Hollandal\u0131 mevkida\u015f\u0131 David Van Weel ile bir araya gelerek, ter\u00f6rle m\u00fccadelede i\u015f birli\u011finin art\u0131r\u0131lmas\u0131 \u00e7a\u011fr\u0131s\u0131nda bulundu. Bakan G\u00fcrlek, \u015eehit Cumhuriyet Savc\u0131s\u0131 Mehmet Selim Kiraz&#8217;a y\u00f6nelik sald\u0131r\u0131n\u0131n talimat\u0131n\u0131 veren DHKP-C ter\u00f6r \u00f6rg\u00fct\u00fc eleba\u015f\u0131 Musa A\u015fo\u011flu&#8217;nun yan\u0131 s\u0131ra, FET\u00d6&#8217;den 217 ve PKK&#8217;dan 8 ter\u00f6r \u00f6rg\u00fct\u00fc mensubunun T\u00fcrkiye&#8217;ye iadesini talep etti.<\/p>\n<h3>Ankara&#8217;da \u00d6nemli Zirve: Adalet Bakan\u0131 G\u00fcrlek&#8217;ten Hollanda&#8217;ya Ter\u00f6r \u0130adesi \u00c7a\u011fr\u0131s\u0131<\/h3>\n<p>Adalet Bakan\u0131 Ak\u0131n G\u00fcrlek, Hollanda Adalet ve G\u00fcvenlik Bakan\u0131 David Van Weel&#8217;i Bakanl\u0131kta a\u011f\u0131rlad\u0131. G\u00f6r\u00fc\u015fmede Bakan G\u00fcrlek, bu ziyaretin T\u00fcrkiye ile Hollanda aras\u0131ndaki mevcut i\u015fbirli\u011fini daha da geli\u015ftirece\u011fini ve \u00f6zellikle adalet alan\u0131ndaki kar\u015f\u0131l\u0131kl\u0131 diyalo\u011fu g\u00fc\u00e7lendirece\u011fini belirtti. \u0130ki \u00fclke aras\u0131ndaki k\u00f6kl\u00fc ili\u015fkilere dikkat \u00e7eken G\u00fcrlek, Hollanda&#8217;da ya\u015fayan yakla\u015f\u0131k 500 bin ki\u015filik T\u00fcrk toplumunun ili\u015fkilerin peki\u015fmesinde \u00f6nemli bir rol oynad\u0131\u011f\u0131n\u0131 vurgulad\u0131. Hollanda&#8217;n\u0131n T\u00fcrkiye&#8217;nin NATO m\u00fcttefiki oldu\u011funu hat\u0131rlatan Bakan G\u00fcrlek, k\u00fcresel ve b\u00f6lgesel risklerin artt\u0131\u011f\u0131 bu d\u00f6nemde m\u00fcttefik \u00fclkeler aras\u0131nda diyalog ve i\u015fbirli\u011finin geli\u015ftirilmesine b\u00fcy\u00fck \u00f6nem verdiklerini ifade etti. Ge\u00e7en y\u0131l Lahey&#8217;deki NATO Zirvesi ve bu y\u0131l T\u00fcrkiye&#8217;nin ev sahipli\u011finde ger\u00e7ekle\u015fecek zirvenin \u00f6nemine de de\u011findi.<\/p>\n<p>Adalet alan\u0131ndaki i\u015fbirli\u011finin ikili ili\u015fkilerin temelini olu\u015fturdu\u011funu belirten G\u00fcrlek, \u00f6zellikle \u00f6rg\u00fctl\u00fc su\u00e7lar, uyu\u015fturucu ticareti, g\u00f6\u00e7men ka\u00e7ak\u00e7\u0131l\u0131\u011f\u0131 ve su\u00e7 gelirlerinin aklanmas\u0131 gibi konularda iki \u00fclkenin adli makamlar\u0131 aras\u0131ndaki i\u015fbirli\u011finin g\u00fc\u00e7lenmesinin, uluslararas\u0131 adaletin etkinli\u011fi a\u00e7\u0131s\u0131ndan kritik oldu\u011funu s\u00f6yledi.<\/p>\n<p>15 Temmuz hain darbe giri\u015fiminde 251 ki\u015finin \u015fehit d\u00fc\u015ft\u00fc\u011f\u00fcn\u00fc an\u0131msatan Bakan G\u00fcrlek, FET\u00d6 (Fetullah\u00e7\u0131 Ter\u00f6r \u00d6rg\u00fct\u00fc) kapsam\u0131nda y\u00fcr\u00fct\u00fclen adli s\u00fcre\u00e7lerde Hollanda&#8217;dan iletilen adli yard\u0131mla\u015fma taleplerinde baz\u0131 aksakl\u0131klar ya\u015fand\u0131\u011f\u0131n\u0131 dile getirdi. Anayasal d\u00fczeni hedef alan bu ter\u00f6r \u00f6rg\u00fct\u00fcyle m\u00fccadelenin kararl\u0131l\u0131kla s\u00fcrd\u00fc\u011f\u00fcn\u00fc vurgulayarak, dost ve m\u00fcttefik \u00fclke Hollanda makamlar\u0131ndan adli yard\u0131m ve su\u00e7lular\u0131n iadesi konular\u0131nda g\u00fc\u00e7l\u00fc bir i\u015fbirli\u011fi beklediklerini ifade etti.<\/p>\n<h3>T\u00fcrkiye&#8217;den Hollanda&#8217;ya Net Mesaj: 217 FET\u00d6, 8 PKK Mensubunun \u0130adesi Talep Ediliyor<\/h3>\n<p>Bakan G\u00fcrlek, T\u00fcrkiye&#8217;nin 40 y\u0131l\u0131 a\u015fk\u0131n s\u00fcredir m\u00fccadele etti\u011fi ve Avrupa Birli\u011fi taraf\u0131ndan da ter\u00f6r \u00f6rg\u00fct\u00fc olarak kabul edilen PKK ter\u00f6r \u00f6rg\u00fct\u00fcyle m\u00fccadelede de benzer sorunlar ya\u015fand\u0131\u011f\u0131n\u0131 dile getirdi. &#8220;Hem FET\u00d6 hem de PKK ter\u00f6r \u00f6rg\u00fct\u00fc kapsam\u0131nda iletti\u011fimiz iade taleplerinin maalesef olumlu sonu\u00e7lanmad\u0131\u011f\u0131n\u0131 g\u00f6r\u00fcyoruz,&#8221; diyen G\u00fcrlek, &#8220;Halihaz\u0131rda FET\u00d6 ter\u00f6r \u00f6rg\u00fct\u00fcnden 217, PKK ter\u00f6r \u00f6rg\u00fct\u00fcnden ise 8 iade talebimiz mevcuttur. Hollanda&#8217;y\u0131 m\u00fcttefik \u00fclke olarak g\u00f6rd\u00fc\u011f\u00fcm\u00fczden dolay\u0131 bu su\u00e7lular\u0131n iadesi konusunda adli i\u015fbirli\u011fi kapsam\u0131nda destek bekliyoruz&#8221; \u015feklinde konu\u015ftu. Ayr\u0131ca, her iki ter\u00f6r \u00f6rg\u00fct\u00fc mensubuna da Hollanda&#8217;da m\u00fcltecilik ya da oturum hakk\u0131 verilmemesi, mevcut haklar\u0131n ise yeniden de\u011ferlendirilmesi \u00e7a\u011fr\u0131s\u0131nda bulundu.<\/p>\n<h3>\u015eehit Savc\u0131 Kiraz&#8217;\u0131n Katilinin \u0130adesi \u0130\u00e7in Hollanda&#8217;ya \u00c7a\u011fr\u0131: Musa A\u015fo\u011flu T\u00fcrkiye&#8217;ye Teslim Edilsin<\/h3>\n<p>G\u00f6r\u00fc\u015fmede \u015eehit Cumhuriyet Savc\u0131s\u0131 Mehmet Selim Kiraz&#8217;\u0131n \u015fehadet y\u0131l d\u00f6n\u00fcm\u00fcn\u00fc an\u0131msatan Bakan G\u00fcrlek, meslekta\u015f\u0131n\u0131n DHKP-C ter\u00f6r \u00f6rg\u00fct\u00fc mensuplar\u0131nca hunharca katledildi\u011fini belirtti. Bu al\u00e7ak sald\u0131r\u0131n\u0131n talimat\u0131n\u0131 veren DHKP-C eleba\u015f\u0131 Musa A\u015fo\u011flu&#8217;nun \u0130stanbul 26. A\u011f\u0131r Ceza Mahkemesi&#8217;nde yarg\u0131lamas\u0131n\u0131n devam etti\u011fini aktaran Bakan G\u00fcrlek, &#8220;Ter\u00f6r \u00f6rg\u00fct\u00fc y\u00f6neticisi Musa A\u015fo\u011flu&#8217;nun da Hollanda&#8217;dan \u00fclkemize iadesini talep ediyoruz. Maalesef bu konuda \u015fu ana kadar olumlu bir ad\u0131m at\u0131lmad\u0131. S\u00f6yledi\u011fimiz taleplerin ve \u00f6nemli hassasiyetlerin Hollanda makamlar\u0131 nezdinde de kar\u015f\u0131l\u0131k bulaca\u011f\u0131na samimi olarak inan\u0131yoruz,&#8221; ifadelerini kulland\u0131.<\/p>\n<h3>Ter\u00f6r ve Uluslararas\u0131 Su\u00e7larla M\u00fccadelede Tam Kapsaml\u0131 \u0130\u015fbirli\u011fi Talebi<\/h3>\n<p>Ter\u00f6rle m\u00fccadelenin yan\u0131 s\u0131ra uyu\u015fturucu ticareti, kara para aklama ve insan ticareti gibi uluslararas\u0131 su\u00e7larla m\u00fccadelede de i\u015fbirli\u011finin \u00f6nemine de\u011finen Bakan G\u00fcrlek, ge\u00e7en y\u0131l nisan ay\u0131nda Hollanda ile T\u00fcrkiye aras\u0131nda d\u00fczenlenen e\u015f zamanl\u0131 &#8220;Bulut Operasyonu&#8221; sayesinde uyu\u015fturucu tacirlerinin yakalanmas\u0131 ve su\u00e7 gelirlerine el konulmas\u0131n\u0131n ortak ba\u015far\u0131ya \u00f6rnek te\u015fkil etti\u011fini belirtti. Bu kapsamda Hollanda&#8217;da bulunan ve haklar\u0131nda yakalama karar\u0131 bulunan uyu\u015fturucu ticareti su\u00e7lular\u0131n\u0131n T\u00fcrkiye&#8217;ye iade taleplerinin yerine getirilmesini beklediklerini dile getirdi. Hollanda&#8217;daki T\u00fcrk toplumunun varl\u0131\u011f\u0131, vatanda\u015flar\u0131n g\u00fcvenli\u011fi ve huzurunun ayr\u0131 bir \u00f6nem ta\u015f\u0131d\u0131\u011f\u0131n\u0131 kaydeden Bakan G\u00fcrlek, Bat\u0131 Avrupa&#8217;da art\u0131\u015f g\u00f6steren \u0131rk\u00e7\u0131l\u0131k, yabanc\u0131 d\u00fc\u015fmanl\u0131\u011f\u0131 ve \u0130slamofobi e\u011filimlerini endi\u015feyle takip ettiklerini bildirdi. Son d\u00f6nemlerde bu t\u00fcr tehditlerin artt\u0131\u011f\u0131n\u0131 g\u00f6zlemlediklerini, \u00f6zellikle ocak ay\u0131 sonlar\u0131nda Hollanda&#8217;da iki M\u00fcsl\u00fcman kad\u0131n\u0131n polis \u015fiddetine maruz kalmas\u0131n\u0131 \u00fcz\u00fcnt\u00fcyle \u00f6\u011frendiklerini vurgulad\u0131. Bu t\u00fcr olaylara kar\u015f\u0131 gerekli tedbirlerin al\u0131nmas\u0131 gerekti\u011fine inand\u0131klar\u0131n\u0131 ifade etti. Bug\u00fcnk\u00fc g\u00f6r\u00fc\u015fmenin i\u015fbirli\u011fini daha da ileri ta\u015f\u0131yaca\u011f\u0131 kanaatini payla\u015fan Bakan G\u00fcrlek, m\u00fcttefik \u00fclke Hollanda ile T\u00fcrkiye aras\u0131ndaki samimiyetin ve karde\u015flik hukukunun daha da ileriye gitmesini diledi.<\/p>\n","protected":false},"excerpt":{"rendered":"<p>(ANKARA) \u2013 T\u00fcrkiye ve Hollanda Adalet Bakanlar\u0131, Ankara&#8217;da kritik bir g\u00f6r\u00fc\u015fme ger\u00e7ekle\u015ftirdi. Adalet Bakan\u0131 Ak\u0131n G\u00fcrlek, Hollandal\u0131 mevkida\u015f\u0131 David Van Weel ile bir araya gelerek, ter\u00f6rle m\u00fccadelede i\u015f birli\u011finin art\u0131r\u0131lmas\u0131 \u00e7a\u011fr\u0131s\u0131nda bulundu. Bakan G\u00fcrlek, \u015eehit Cumhuriyet Savc\u0131s\u0131 Mehmet Selim Kiraz&#8217;a y\u00f6nelik sald\u0131r\u0131n\u0131n talimat\u0131n\u0131 veren DHKP-C ter\u00f6r \u00f6rg\u00fct\u00fc eleba\u015f\u0131 Musa A\u015fo\u011flu&#8217;nun yan\u0131 s\u0131ra, FET\u00d6&#8217;den 217 ve [&hellip;]<\/p>\n","protected":false},"author":0,"featured_media":2724,"comment_status":"open","ping_status":"open","sticky":false,"template":"","format":"standard","meta":{"footnotes":""},"categories":[15],"tags":[517,516,117,94,100,519,91,518,515,195,90,132],"class_list":["post-2723","post","type-post","status-publish","format-standard","has-post-thumbnail","hentry","category-gundem","tag-akin-gurlek","tag-cumhuriyet-savcisi","tag-diplomasi","tag-dunya","tag-guncel","tag-gurlek","tag-guvenlik","tag-hollanda","tag-mehmet-selim-kiraz","tag-pkk","tag-politika","tag-teror"],"_links":{"self":[{"href":"https:\/\/sunpress4.com\/index.php\/wp-json\/wp\/v2\/posts\/2723","targetHints":{"allow":["GET"]}}],"collection":[{"href":"https:\/\/sunpress4.com\/index.php\/wp-json\/wp\/v2\/posts"}],"about":[{"href":"https:\/\/sunpress4.com\/index.php\/wp-json\/wp\/v2\/types\/post"}],"replies":[{"embeddable":true,"href":"https:\/\/sunpress4.com\/index.php\/wp-json\/wp\/v2\/comments?post=2723"}],"version-history":[{"count":1,"href":"https:\/\/sunpress4.com\/index.php\/wp-json\/wp\/v2\/posts\/2723\/revisions"}],"predecessor-version":[{"id":2725,"href":"https:\/\/sunpress4.com\/index.php\/wp-json\/wp\/v2\/posts\/2723\/revisions\/2725"}],"wp:featuredmedia":[{"embeddable":true,"href":"https:\/\/sunpress4.com\/index.php\/wp-json\/wp\/v2\/media\/2724"}],"wp:attachment":[{"href":"https:\/\/sunpress4.com\/index.php\/wp-json\/wp\/v2\/media?parent=2723"}],"wp:term":[{"taxonomy":"category","embeddable":true,"href":"https:\/\/sunpress4.com\/index.php\/wp-json\/wp\/v2\/categories?post=2723"},{"taxonomy":"post_tag","embeddable":true,"href":"https:\/\/sunpress4.com\/index.php\/wp-json\/wp\/v2\/tags?post=2723"}],"curies":[{"name":"wp","href":"https:\/\/api.w.org\/{rel}","templated":true}]}}