{"id":2735,"date":"2026-04-02T12:00:56","date_gmt":"2026-04-02T09:00:56","guid":{"rendered":"https:\/\/sunpress4.com\/index.php\/2026\/04\/02\/serginhodan-iddiali-sozler-ligde-kalabiliriz\/"},"modified":"2026-04-02T12:00:57","modified_gmt":"2026-04-02T09:00:57","slug":"serginhodan-iddiali-sozler-ligde-kalabiliriz","status":"publish","type":"post","link":"https:\/\/sunpress4.com\/index.php\/2026\/04\/02\/serginhodan-iddiali-sozler-ligde-kalabiliriz\/","title":{"rendered":"Serginho&#8217;dan iddial\u0131 s\u00f6zler: Ligde kalabiliriz"},"content":{"rendered":"<p>Fatih Karag\u00fcmr\u00fck&#8217;\u00fcn Brezilyal\u0131 y\u0131ld\u0131z\u0131 Serginho, Demir\u00f6ren Haber Ajans\u0131&#8217;na (DHA) verdi\u011fi \u00f6zel r\u00f6portajda S\u00fcper Lig&#8217;deki k\u00fcme d\u00fc\u015fme m\u00fccadelesi, kritik \u00c7aykur Rizespor kar\u015f\u0131la\u015fmas\u0131, b\u00fcy\u00fck tak\u0131mlara kar\u015f\u0131 sergiledi\u011fi performans ve kariyer planlar\u0131 hakk\u0131nda \u00f6nemli a\u00e7\u0131klamalarda bulundu. 30 ya\u015f\u0131ndaki tecr\u00fcbeli futbolcu, tak\u0131m\u0131n\u0131n gelece\u011fine dair umutlar\u0131n\u0131 ve hedeflerini payla\u015ft\u0131.<\/p>\n<p>S\u00fcper Lig&#8217;de alt s\u0131ralardan kurtulma m\u00fccadelesi veren Fatih Karag\u00fcmr\u00fck&#8217;\u00fcn kilit isimlerinden Serginho, ligde kalma yolunda kritik bir d\u00f6nemece girdiklerini belirtti. Deneyimli Brezilyal\u0131, 5 Nisan Pazar g\u00fcn\u00fc kendi sahalar\u0131nda oynayacaklar\u0131 \u00c7aykur Rizespor ma\u00e7\u0131n\u0131 &#8220;sezonun en \u00f6nemli kar\u015f\u0131la\u015fmalar\u0131ndan biri&#8221; olarak tan\u0131mlad\u0131. &#8220;\u00c7aykur Rizespor&#8217;a kar\u015f\u0131 \u00e7ok kritik bir m\u00fccadeleye \u00e7\u0131kaca\u011f\u0131z. K\u00fcmede kalmak i\u00e7in sava\u015f\u0131yoruz ve \u00f6n\u00fcm\u00fczde harika bir f\u0131rsat var. Bu ma\u00e7\u0131 kazanarak 3 puan almak ve ligde kalma iddiam\u0131z\u0131 s\u00fcrd\u00fcrmek istiyoruz. Tak\u0131m olarak iyi bir form yakalad\u0131\u011f\u0131m\u0131za inan\u0131yorum ve Rizespor&#8217;u yenmek en b\u00fcy\u00fck arzumuz,&#8221; ifadelerini kulland\u0131.<\/p>\n<p>Ligde kalma umutlar\u0131n\u0131 taze tutan Serginho, \u00f6zellikle i\u00e7 saha ma\u00e7lar\u0131n\u0131n kaderlerini belirleyece\u011fine vurgu yapt\u0131. 30 ya\u015f\u0131ndaki yetenekli oyuncu, Fatih Karag\u00fcmr\u00fck&#8217;\u00fcn mevcut lig pozisyonundan \u00e7ok daha iyi bir kadro kalitesine sahip oldu\u011funu belirterek, &#8220;K\u00fcmede kalma \u015fans\u0131m\u0131z\u0131n hala \u00e7ok y\u00fcksek oldu\u011funu d\u00fc\u015f\u00fcn\u00fcyorum. Kendi saham\u0131zda oynayaca\u011f\u0131m\u0131z ma\u00e7lar\u0131 mutlaka kazanmal\u0131y\u0131z; bunlar bizim i\u00e7in al\u0131nabilir puanlar. Ayr\u0131ca deplasmanlardan da puanlarla d\u00f6nmemiz gerekiyor. Tak\u0131m\u0131m\u0131z asl\u0131nda bulundu\u011fu yerden \u00e7ok daha iyi bir futbol oynayabilir. Rizespor ma\u00e7\u0131 da tam da bu potansiyelimizi g\u00f6stermemiz i\u00e7in b\u00fcy\u00fck bir f\u0131rsat,&#8221; \u015feklinde konu\u015ftu.<\/p>\n<p>Daha \u00f6nce Giresunspor formas\u0131 giyip \u00fclkesi Brezilya&#8217;ya d\u00f6nd\u00fckten sonra yeniden S\u00fcper Lig&#8217;e, Fatih Karag\u00fcmr\u00fck ile d\u00f6nen Serginho, T\u00fcrkiye&#8217;de olmaktan duydu\u011fu mutlulu\u011fu dile getirdi. Brezilyal\u0131 futbolcu, \u0130stanbul ile Karadeniz \u015fehirleri aras\u0131ndaki ya\u015fam farkl\u0131l\u0131klar\u0131na da de\u011findi. &#8220;T\u00fcrkiye&#8217;yi ger\u00e7ekten \u00e7ok seviyorum. Bir Brezilyal\u0131 olarak buradaki ya\u015fant\u0131m\u0131, kul\u00fcb\u00fcm\u00fc ve genel atmosferi benimsemekten dolay\u0131 \u00e7ok mutluyum,&#8221; diyen Serginho, Giresun deneyimini de aktard\u0131: &#8220;Giresun&#8217;daki hayat \u0130stanbul&#8217;dan olduk\u00e7a farkl\u0131yd\u0131. Oras\u0131 daha k\u00fc\u00e7\u00fck bir \u015fehirdi ve sosyal olanaklar k\u0131s\u0131tl\u0131yd\u0131. Ancak Giresun&#8217;da ge\u00e7irdi\u011fim \u00fc\u00e7 y\u0131l boyunca \u00e7ok \u015fey \u00f6\u011frendim ve bu s\u00fcre\u00e7ten b\u00fcy\u00fck mutluluk duydum. Orada edindi\u011fim tecr\u00fcbelerin kariyerime \u00e7ok katk\u0131 sa\u011flad\u0131\u011f\u0131na inan\u0131yorum.&#8221;<\/p>\n<p>Saha i\u00e7erisindeki rol\u00fc hakk\u0131nda da konu\u015fan Serginho, kariyeri boyunca bir\u00e7ok farkl\u0131 mevkide g\u00f6rev alabildi\u011fini belirtti. 30 ya\u015f\u0131ndaki yetenekli kanat oyuncusu, &#8220;Normalde kanatta oynayan bir futbolcuyum. Giresunspor&#8217;da da kanat, ikinci forvet ve hatta orta saha pozisyonlar\u0131nda \u015fans buldum. Ancak Fatih Karag\u00fcmr\u00fck&#8217;te teknik direkt\u00f6r beni forvet hatt\u0131nda de\u011ferlendiriyor. Goller at\u0131yorum, tak\u0131m arkada\u015flar\u0131ma gol yollar\u0131nda yard\u0131mc\u0131 oluyorum ve kaleye daha yak\u0131n oynamam sayesinde bu f\u0131rsatlar\u0131 yakal\u0131yorum. \u015eu an formda oldu\u011fumu hissediyorum ve sezon sonuna kadar daha fazla gol atmak istiyorum,&#8221; s\u00f6zleriyle gol hedefini a\u00e7\u0131klad\u0131.<\/p>\n<p>Fatih Karag\u00fcmr\u00fck&#8217;\u00fcn y\u0131ld\u0131z\u0131 Serginho, b\u00fcy\u00fck tak\u0131mlara kar\u015f\u0131 sergiledi\u011fi etkili performanslarla ad\u0131ndan s\u00f6z ettirse de, rakipler aras\u0131nda bir ayr\u0131m yapmad\u0131\u011f\u0131n\u0131 dile getirdi. Ancak Fenerbah\u00e7e&#8217;ye att\u0131\u011f\u0131 gollerin kendisi i\u00e7in \u00f6zel bir yere sahip oldu\u011funu vurgulad\u0131. &#8220;Galatasaray, Fenerbah\u00e7e ve Be\u015fikta\u015f bu \u00fclkenin en b\u00fcy\u00fck tak\u0131mlar\u0131. Benim i\u00e7in \u00c7aykur Rizespor&#8217;a kar\u015f\u0131 oynamakla Fenerbah\u00e7e&#8217;ye kar\u015f\u0131 oynamak aras\u0131nda bir fark yok, \u00e7\u00fcnk\u00fc her ma\u00e7 benim i\u00e7in ayn\u0131 derecede \u00f6nemli ve bir m\u00fccadele,&#8221; diyen Brezilyal\u0131 oyuncu, yine de Fenerbah\u00e7e kar\u015f\u0131la\u015fmalar\u0131na ayr\u0131 bir parantez a\u00e7t\u0131: &#8220;Bu sezon ger\u00e7ekten \u00e7ok \u00e7al\u0131\u015ft\u0131m. Fenerbah\u00e7e&#8217;ye kar\u015f\u0131 att\u0131\u011f\u0131m iki gol\u00fcn benim i\u00e7in \u00f6zel oldu\u011funu s\u00f6ylemeliyim. \u0130lk ma\u00e7taki gol\u00fcm de, ikinci ma\u00e7taki gol\u00fcm de \u00e7ok g\u00fczeldi. Gol gold\u00fcr ve bu performans\u0131m\u0131 s\u00fcrd\u00fcrmeyi hedefliyorum.&#8221;<\/p>\n<p>Fenerbah\u00e7e kar\u015f\u0131s\u0131nda elde ettikleri galibiyetin ard\u0131ndaki s\u0131rr\u0131 da payla\u015fan Serginho, tak\u0131m\u0131n ma\u00e7 \u00f6ncesi ve s\u0131ras\u0131ndaki y\u00fcksek \u00f6zg\u00fcvenine dikkat \u00e7ekti. Brezilyal\u0131 futbolcu, &#8220;Ma\u00e7\u0131n ilk d\u00fcd\u00fc\u011f\u00fcnden itibaren kazanaca\u011f\u0131m\u0131za emindik, bunu hissediyorduk. Tak\u0131m olarak enerjimiz ve motivasyonumuz \u00e7ok y\u00fcksekti,&#8221; dedi. Fenerbah\u00e7e&#8217;nin kaliteli bir ekip oldu\u011funu hat\u0131rlatarak, &#8220;Kalite fark\u0131n\u0131n oldu\u011fu ma\u00e7larda daha fazla m\u00fccadele etmeniz ve sava\u015fman\u0131z gerekiyor. Biz bu ma\u00e7\u0131 kazanmay\u0131 \u00e7ok istedik ve bunu sahada da g\u00f6sterdi\u011fimize inan\u0131yorum. Benim i\u00e7in bu ma\u00e7\u0131n hikayesi tamamen bu inan\u00e7tan ibaret,&#8221; ifadelerini kulland\u0131.<\/p>\n<p>S\u00fcper Lig&#8217;deki genel oyuncu kalitesine de de\u011finen Serginho, ligde en \u00e7ok be\u011fendi\u011fi futbolcular\u0131 s\u0131ralad\u0131. Performanslar\u0131yla dikkat \u00e7eken isimler aras\u0131nda, &#8220;\u015eu an ligdeki en iyi oyuncu olarak Osimhen&#8217;i g\u00f6sterebilirim. Ger\u00e7ekten ola\u011fan\u00fcst\u00fc bir performans sergiliyor. Bunun yan\u0131 s\u0131ra Talisca&#8217;y\u0131 da \u00e7ok be\u011fendi\u011fimi eklemek isterim,&#8221; diyerek favori oyuncular\u0131n\u0131 belirtti.<\/p>\n<p>Futbol kariyerinin ba\u015flang\u0131c\u0131na ve arka plan\u0131na \u0131\u015f\u0131k tutan Serginho, ailesinin kendisi i\u00e7in en b\u00fcy\u00fck motivasyon kayna\u011f\u0131 oldu\u011funu \u00f6nemle belirtti. Brezilya&#8217;daki yo\u011fun rekabet ortam\u0131n\u0131n zorluklar\u0131na dikkat \u00e7eken 30 ya\u015f\u0131ndaki futbolcu, &#8220;Her \u015feyi ailem i\u00e7in yapt\u0131\u011f\u0131m\u0131 s\u00f6yleyebilirim. Kariyerimin ilk ad\u0131mlar\u0131nda ailemin deste\u011fi benim i\u00e7in hayatiydi. Buralara gelebilmek ger\u00e7ekten \u00e7ok me\u015fakkatliydi. Brezilya gibi 200 milyonluk bir \u00fclkede profesyonel bir futbolcu olmak, destek bulmak \u00e7ok zor. Benim bir menajerim bile yoktu, sadece ailem vard\u0131. Onlara yard\u0131mc\u0131 olmak i\u00e7in bu yola \u00e7\u0131kt\u0131m. Bu denli b\u00fcy\u00fck bir n\u00fcfusta profesyonelli\u011fe ula\u015fmak, muazzam rekabet nedeniyle \u00e7ok daha zorla\u015f\u0131yor. Ancak ben kendime ve Tanr\u0131&#8217;ya inanarak buralara kadar gelmeyi ba\u015fard\u0131m,&#8221; s\u00f6zleriyle zorlu yolculu\u011funu anlatt\u0131.<\/p>\n<p>Sezon sonuna tam odakland\u0131\u011f\u0131n\u0131 belirten Serginho, \u015fu anki en b\u00fcy\u00fck hedefinin Fatih Karag\u00fcmr\u00fck&#8217;\u00fc S\u00fcper Lig&#8217;de tutmak oldu\u011funu a\u00e7\u0131k\u00e7a ifade etti. 30 ya\u015f\u0131ndaki tecr\u00fcbeli oyuncu, ki\u015fisel gelecek planlar\u0131n\u0131 \u015fimdilik ikinci planda tuttu\u011funu vurgulayarak, &#8220;\u015eu an sadece bu sezonu en iyi \u015fekilde tamamlamay\u0131 ve tak\u0131m\u0131m\u0131 k\u00fcmede tutmay\u0131 istiyorum. Ba\u015fka hi\u00e7bir hedefim yok,&#8221; \u015feklinde konu\u015ftu.<\/p>\n<p>T\u00fcrkiye&#8217;deki farkl\u0131 \u015fehir deneyimlerini, Karadeniz&#8217;i ve \u0130stanbul&#8217;u ya\u015fayan Serginho, bu b\u00f6lgelerdeki ya\u015fam farkl\u0131l\u0131klar\u0131na da de\u011findi. Daha sakin bir ya\u015fam tarz\u0131n\u0131 benimsedi\u011fini belirten Brezilyal\u0131 futbolcu, &#8220;D\u0131\u015far\u0131ya \u00e7ok s\u0131k \u00e7\u0131kan biri de\u011filim. Giresun&#8217;da da, \u0130stanbul&#8217;da da genellikle evde vakit ge\u00e7irmeyi ve oyun oynamay\u0131 tercih ediyorum,&#8221; dedi. \u0130stanbul&#8217;un sundu\u011fu olanaklara dikkat \u00e7ekerek, &#8220;\u0130stanbul&#8217;da tabii ki \u00e7ok daha fazla imkan var; g\u00fczel restoranlar, al\u0131\u015fveri\u015f merkezleri&#8230; Giresun ise daha k\u00fc\u00e7\u00fck bir \u015fehirdi ve se\u00e7enekler k\u0131s\u0131tl\u0131yd\u0131. Bu nedenle bazen Rize, Trabzon veya Samsun&#8217;a gitmek durumunda kal\u0131yorduk. Her iki senaryo da benim i\u00e7in uygundu, herhangi b\u00fcy\u00fck bir sorun ya\u015fad\u0131\u011f\u0131m\u0131 s\u00f6yleyemem,&#8221; s\u00f6zleriyle ki\u015fisel tercihlerini anlatt\u0131.<\/p>\n<p>T\u00fcrkiye&#8217;deki deplasman atmosferlerinin yo\u011funlu\u011funa da de\u011finen Serginho, T\u00fcrk futbol ortam\u0131n\u0131n genel zorlu\u011funa vurgu yapt\u0131. \u00d6zellikle b\u00fcy\u00fck ma\u00e7lardaki taraftar deste\u011fini ve atmosferi \u00f6ven Brezilyal\u0131 oyuncu, &#8220;Asl\u0131nda zor bir soru. Bence deplasmanlarda iyi bir performans sergiliyoruz. Hen\u00fcz Be\u015fikta\u015f&#8217;a kar\u015f\u0131 oynamad\u0131k ancak Galatasaray ve Fenerbah\u00e7e ma\u00e7lar\u0131ndaki atmosferin ger\u00e7ekten muhte\u015fem oldu\u011funu s\u00f6yleyebilirim. Daha \u00f6nceki T\u00fcrkiye ser\u00fcvenimde, korona d\u00f6neminde Bursa&#8217;ya kar\u015f\u0131 oynam\u0131\u015ft\u0131m ve oradaki atmosferin de olduk\u00e7a zorlay\u0131c\u0131 oldu\u011funu hat\u0131rl\u0131yorum,&#8221; ifadelerini kulland\u0131.<\/p>\n<p>Serginho, bireysel de\u011ferlendirmelerinde de \u00e7arp\u0131c\u0131 a\u00e7\u0131klamalarda bulundu. S\u00fcper Lig&#8217;de kar\u015f\u0131la\u015ft\u0131\u011f\u0131 en iyi savunma oyuncusunun Davinson Sanchez oldu\u011funu belirten Fatih Karag\u00fcmr\u00fckl\u00fc y\u0131ld\u0131z, kariyerindeki en unutulmaz gol\u00fcn\u00fcn Fenerbah\u00e7e&#8217;ye att\u0131\u011f\u0131 ilk gol oldu\u011funu dile getirdi. 30 ya\u015f\u0131ndaki ba\u015far\u0131l\u0131 futbolcu, T\u00fcrkiye&#8217;de izledi\u011fi en iyi Brezilyal\u0131 futbolcunun ise efsane isim Alex de Souza oldu\u011funu s\u00f6zlerine ekledi.<\/p>\n","protected":false},"excerpt":{"rendered":"<p>Fatih Karag\u00fcmr\u00fck&#8217;\u00fcn Brezilyal\u0131 y\u0131ld\u0131z\u0131 Serginho, Demir\u00f6ren Haber Ajans\u0131&#8217;na (DHA) verdi\u011fi \u00f6zel r\u00f6portajda S\u00fcper Lig&#8217;deki k\u00fcme d\u00fc\u015fme m\u00fccadelesi, kritik \u00c7aykur Rizespor kar\u015f\u0131la\u015fmas\u0131, b\u00fcy\u00fck tak\u0131mlara kar\u015f\u0131 sergiledi\u011fi performans ve kariyer planlar\u0131 hakk\u0131nda \u00f6nemli a\u00e7\u0131klamalarda bulundu. 30 ya\u015f\u0131ndaki tecr\u00fcbeli futbolcu, tak\u0131m\u0131n\u0131n gelece\u011fine dair umutlar\u0131n\u0131 ve hedeflerini payla\u015ft\u0131. S\u00fcper Lig&#8217;de alt s\u0131ralardan kurtulma m\u00fccadelesi veren Fatih Karag\u00fcmr\u00fck&#8217;\u00fcn kilit isimlerinden [&hellip;]<\/p>\n","protected":false},"author":0,"featured_media":2736,"comment_status":"open","ping_status":"open","sticky":false,"template":"","format":"standard","meta":{"footnotes":""},"categories":[32],"tags":[],"class_list":["post-2735","post","type-post","status-publish","format-standard","has-post-thumbnail","hentry","category-spor"],"_links":{"self":[{"href":"https:\/\/sunpress4.com\/index.php\/wp-json\/wp\/v2\/posts\/2735","targetHints":{"allow":["GET"]}}],"collection":[{"href":"https:\/\/sunpress4.com\/index.php\/wp-json\/wp\/v2\/posts"}],"about":[{"href":"https:\/\/sunpress4.com\/index.php\/wp-json\/wp\/v2\/types\/post"}],"replies":[{"embeddable":true,"href":"https:\/\/sunpress4.com\/index.php\/wp-json\/wp\/v2\/comments?post=2735"}],"version-history":[{"count":1,"href":"https:\/\/sunpress4.com\/index.php\/wp-json\/wp\/v2\/posts\/2735\/revisions"}],"predecessor-version":[{"id":2737,"href":"https:\/\/sunpress4.com\/index.php\/wp-json\/wp\/v2\/posts\/2735\/revisions\/2737"}],"wp:featuredmedia":[{"embeddable":true,"href":"https:\/\/sunpress4.com\/index.php\/wp-json\/wp\/v2\/media\/2736"}],"wp:attachment":[{"href":"https:\/\/sunpress4.com\/index.php\/wp-json\/wp\/v2\/media?parent=2735"}],"wp:term":[{"taxonomy":"category","embeddable":true,"href":"https:\/\/sunpress4.com\/index.php\/wp-json\/wp\/v2\/categories?post=2735"},{"taxonomy":"post_tag","embeddable":true,"href":"https:\/\/sunpress4.com\/index.php\/wp-json\/wp\/v2\/tags?post=2735"}],"curies":[{"name":"wp","href":"https:\/\/api.w.org\/{rel}","templated":true}]}}