{"id":2744,"date":"2026-04-03T00:00:28","date_gmt":"2026-04-02T21:00:28","guid":{"rendered":"https:\/\/sunpress4.com\/index.php\/2026\/04\/03\/mustafa-denizliden-a-milli-takima-ovgu\/"},"modified":"2026-04-03T00:00:29","modified_gmt":"2026-04-02T21:00:29","slug":"mustafa-denizliden-a-milli-takima-ovgu","status":"publish","type":"post","link":"https:\/\/sunpress4.com\/index.php\/2026\/04\/03\/mustafa-denizliden-a-milli-takima-ovgu\/","title":{"rendered":"Mustafa Denizli&#8217;den A Mill\u00ee Tak\u0131m&#8217;a \u00f6vg\u00fc"},"content":{"rendered":"<p>T\u00fcrk sporunun en k\u00f6kl\u00fc ve prestijli organizasyonlar\u0131ndan biri olan 72. Milliyet Y\u0131l\u0131n Sporcusu \u00d6d\u00fclleri, d\u00fczenlenen g\u00f6rkemli t\u00f6renle sahiplerini buldu. Spor d\u00fcnyas\u0131n\u0131n \u00f6nemli isimlerinin kat\u0131l\u0131m\u0131yla ger\u00e7ekle\u015fen bu \u00f6zel gecede, tecr\u00fcbeli Teknik Direkt\u00f6r Mustafa Denizli de dikkat \u00e7ekici a\u00e7\u0131klamalarda bulundu.<\/p>\n<p>T\u00f6ren \u00f6ncesinde yapt\u0131\u011f\u0131 de\u011ferlendirmede, Milliyet Y\u0131l\u0131n Sporcusu \u00d6d\u00fclleri&#8217;nin T\u00fcrkiye&#8217;deki yerini ve \u00f6nemini vurgulayan Denizli, &#8220;Bu organizasyonun 72 y\u0131ld\u0131r devam etmesi takdire \u015fayan. \u00c7ocuklu\u011fumdan itibaren b\u00fcy\u00fck bir ilgiyle takip etti\u011fim bu \u00f6d\u00fcl t\u00f6renleri, zamanla benim de ya \u00f6d\u00fcl alan ya da \u00f6d\u00fcl veren bir konuk olarak s\u00fcrekli i\u00e7inde bulundu\u011fum bir etkinlik haline geldi&#8221; dedi. \u00dcnl\u00fc teknik adam, &#8220;Milliyet&#8217;in y\u0131l\u0131n sporcusu \u00f6d\u00fcl\u00fc, T\u00fcrkiye&#8217;de e\u015fi benzeri olmayan, adeta bir gelenek olarak kabul edilen k\u00f6kl\u00fc bir spor aktivitesidir. Bu de\u011ferli etkinli\u011fi s\u00fcrd\u00fcren herkesi y\u00fcrekten kutluyorum&#8221; s\u00f6zleriyle organizasyonun ta\u015f\u0131d\u0131\u011f\u0131 anlam\u0131 peki\u015ftirdi.<\/p>\n<p>Mustafa Denizli, A Milli Futbol Tak\u0131m\u0131&#8217;n\u0131n son d\u00f6nemdeki performans\u0131na ve gelece\u011fine dair de umut verici mesajlar payla\u015ft\u0131. Milli Tak\u0131m&#8217;\u0131n mevcut durumunu &#8220;Harika bir d\u00f6nem ge\u00e7iriyoruz&#8221; s\u00f6zleriyle \u00f6zetleyen tecr\u00fcbeli \u00e7al\u0131\u015ft\u0131r\u0131c\u0131, &#8220;Bu milli tak\u0131m bize b\u00fcy\u00fck umutlar a\u015f\u0131l\u0131yor. Zorlu ve me\u015fakkatli yollardan ge\u00e7erek bu seviyeye geldiler. Ben yakla\u015fan kupa i\u00e7in olduk\u00e7a \u00fcmitliyim. Elbette \u00f6n\u00fcm\u00fczde daha kat etmemiz gereken bir yol var, in\u015fallah bu ba\u015far\u0131 grafi\u011fini s\u00fcrd\u00fcrerek hedeflerimize ula\u015f\u0131r\u0131z&#8221; ifadelerini kullanarak T\u00fcrk futbolseverlere moral verdi.<\/p>\n","protected":false},"excerpt":{"rendered":"<p>T\u00fcrk sporunun en k\u00f6kl\u00fc ve prestijli organizasyonlar\u0131ndan biri olan 72. Milliyet Y\u0131l\u0131n Sporcusu \u00d6d\u00fclleri, d\u00fczenlenen g\u00f6rkemli t\u00f6renle sahiplerini buldu. Spor d\u00fcnyas\u0131n\u0131n \u00f6nemli isimlerinin kat\u0131l\u0131m\u0131yla ger\u00e7ekle\u015fen bu \u00f6zel gecede, tecr\u00fcbeli Teknik Direkt\u00f6r Mustafa Denizli de dikkat \u00e7ekici a\u00e7\u0131klamalarda bulundu. T\u00f6ren \u00f6ncesinde yapt\u0131\u011f\u0131 de\u011ferlendirmede, Milliyet Y\u0131l\u0131n Sporcusu \u00d6d\u00fclleri&#8217;nin T\u00fcrkiye&#8217;deki yerini ve \u00f6nemini vurgulayan Denizli, &#8220;Bu organizasyonun 72 [&hellip;]<\/p>\n","protected":false},"author":0,"featured_media":2745,"comment_status":"open","ping_status":"open","sticky":false,"template":"","format":"standard","meta":{"footnotes":""},"categories":[32],"tags":[],"class_list":["post-2744","post","type-post","status-publish","format-standard","has-post-thumbnail","hentry","category-spor"],"_links":{"self":[{"href":"https:\/\/sunpress4.com\/index.php\/wp-json\/wp\/v2\/posts\/2744","targetHints":{"allow":["GET"]}}],"collection":[{"href":"https:\/\/sunpress4.com\/index.php\/wp-json\/wp\/v2\/posts"}],"about":[{"href":"https:\/\/sunpress4.com\/index.php\/wp-json\/wp\/v2\/types\/post"}],"replies":[{"embeddable":true,"href":"https:\/\/sunpress4.com\/index.php\/wp-json\/wp\/v2\/comments?post=2744"}],"version-history":[{"count":1,"href":"https:\/\/sunpress4.com\/index.php\/wp-json\/wp\/v2\/posts\/2744\/revisions"}],"predecessor-version":[{"id":2746,"href":"https:\/\/sunpress4.com\/index.php\/wp-json\/wp\/v2\/posts\/2744\/revisions\/2746"}],"wp:featuredmedia":[{"embeddable":true,"href":"https:\/\/sunpress4.com\/index.php\/wp-json\/wp\/v2\/media\/2745"}],"wp:attachment":[{"href":"https:\/\/sunpress4.com\/index.php\/wp-json\/wp\/v2\/media?parent=2744"}],"wp:term":[{"taxonomy":"category","embeddable":true,"href":"https:\/\/sunpress4.com\/index.php\/wp-json\/wp\/v2\/categories?post=2744"},{"taxonomy":"post_tag","embeddable":true,"href":"https:\/\/sunpress4.com\/index.php\/wp-json\/wp\/v2\/tags?post=2744"}],"curies":[{"name":"wp","href":"https:\/\/api.w.org\/{rel}","templated":true}]}}