{"id":3177,"date":"2026-04-22T00:00:26","date_gmt":"2026-04-21T21:00:26","guid":{"rendered":"https:\/\/sunpress4.com\/index.php\/2026\/04\/22\/fenerbahcenin-yildizi-ismail-yuksek-tek-kelimeyle-rezillik\/"},"modified":"2026-04-22T00:00:27","modified_gmt":"2026-04-21T21:00:27","slug":"fenerbahcenin-yildizi-ismail-yuksek-tek-kelimeyle-rezillik","status":"publish","type":"post","link":"https:\/\/sunpress4.com\/index.php\/2026\/04\/22\/fenerbahcenin-yildizi-ismail-yuksek-tek-kelimeyle-rezillik\/","title":{"rendered":"Fenerbah\u00e7e&#8217;nin y\u0131ld\u0131z\u0131 \u0130smail Y\u00fcksek: &#8216;Tek kelimeyle rezillik&#8217;"},"content":{"rendered":"<p>Ziraat T\u00fcrkiye Kupas\u0131 \u00e7eyrek final kar\u015f\u0131la\u015fmas\u0131nda deplasmanda Konyaspor&#8217;a 1-0 yenilerek turnuvaya veda eden Fenerbah\u00e7e&#8217;de, m\u00fccadelenin ard\u0131ndan y\u0131ld\u0131z oyuncu \u0130smail Y\u00fcksek \u00e7arp\u0131c\u0131 a\u00e7\u0131klamalarda bulundu.<\/p>\n<p>Kupaya veda etmenin yaratt\u0131\u011f\u0131 hayal k\u0131r\u0131kl\u0131\u011f\u0131n\u0131 dile getiren ve taraftarlardan, camiadan \u00f6z\u00fcr dileyen \u0130smail Y\u00fcksek, kar\u015f\u0131la\u015fmadaki dramatik anlar\u0131 ve kendi performans\u0131n\u0131 de\u011ferlendirdi. Y\u00fcksek, \u015fu ifadeleri kulland\u0131: &#8220;Dramatik bir son, ger\u00e7ekten b\u00f6yle. Son dakikada penalt\u0131, yedi\u011fimiz gol, sonra \u00e7izgiden \u00e7\u0131kan top. Belki de ataca\u011f\u0131m\u0131z bir golle \u00e7\u0131kabilirdik. Oraya b\u0131rakmam\u0131z daha b\u00fcy\u00fck hata.&#8221;<\/p>\n<p>Kendi performans\u0131na y\u00f6nelik de sert bir \u00f6zele\u015ftiri yapan gen\u00e7 futbolcu, &#8220;Son 2 haftad\u0131r istedi\u011fimiz performans\u0131 veremiyorum. Tek kelimeyle rezillik. Futbolcular olarak camiadan, taraftardan \u00f6z\u00fcr diliyoruz. Son 2 haftada ya\u015fananlar utan\u00e7 verici. Yak\u0131\u015fm\u0131yor bu camiaya.&#8221; s\u00f6zleriyle durumun vahametini g\u00f6zler \u00f6n\u00fcne serdi.<\/p>\n<p>\u00d6nemli hedeflerden birini kaybetmenin \u00fcz\u00fcnt\u00fcs\u00fcn\u00fc ta\u015f\u0131d\u0131klar\u0131n\u0131 belirten \u0130smail Y\u00fcksek, \u00f6nlerindeki kritik derbi ma\u00e7\u0131 hakk\u0131nda da konu\u015ftu: &#8220;\u00d6nemli bir derbi var. B\u00fcy\u00fck tak\u0131m, b\u00fcy\u00fck futbolcular\u0131n bug\u00fcn\u00fc unutup derbiye bakmas\u0131, tam konsantre gitmesi laz\u0131m. Tak\u0131m i\u00e7inde konu\u015fup daha ciddi haz\u0131rlanmam\u0131z gerekiyor. Kazanmam\u0131z gereken zor bir deplasman. Yapabilece\u011fimiz \u015fey bu art\u0131k.&#8221;<\/p>\n","protected":false},"excerpt":{"rendered":"<p>Ziraat T\u00fcrkiye Kupas\u0131 \u00e7eyrek final kar\u015f\u0131la\u015fmas\u0131nda deplasmanda Konyaspor&#8217;a 1-0 yenilerek turnuvaya veda eden Fenerbah\u00e7e&#8217;de, m\u00fccadelenin ard\u0131ndan y\u0131ld\u0131z oyuncu \u0130smail Y\u00fcksek \u00e7arp\u0131c\u0131 a\u00e7\u0131klamalarda bulundu. Kupaya veda etmenin yaratt\u0131\u011f\u0131 hayal k\u0131r\u0131kl\u0131\u011f\u0131n\u0131 dile getiren ve taraftarlardan, camiadan \u00f6z\u00fcr dileyen \u0130smail Y\u00fcksek, kar\u015f\u0131la\u015fmadaki dramatik anlar\u0131 ve kendi performans\u0131n\u0131 de\u011ferlendirdi. Y\u00fcksek, \u015fu ifadeleri kulland\u0131: &#8220;Dramatik bir son, ger\u00e7ekten b\u00f6yle. Son [&hellip;]<\/p>\n","protected":false},"author":0,"featured_media":3178,"comment_status":"open","ping_status":"open","sticky":false,"template":"","format":"standard","meta":{"footnotes":""},"categories":[32],"tags":[],"class_list":["post-3177","post","type-post","status-publish","format-standard","has-post-thumbnail","hentry","category-spor"],"_links":{"self":[{"href":"https:\/\/sunpress4.com\/index.php\/wp-json\/wp\/v2\/posts\/3177","targetHints":{"allow":["GET"]}}],"collection":[{"href":"https:\/\/sunpress4.com\/index.php\/wp-json\/wp\/v2\/posts"}],"about":[{"href":"https:\/\/sunpress4.com\/index.php\/wp-json\/wp\/v2\/types\/post"}],"replies":[{"embeddable":true,"href":"https:\/\/sunpress4.com\/index.php\/wp-json\/wp\/v2\/comments?post=3177"}],"version-history":[{"count":1,"href":"https:\/\/sunpress4.com\/index.php\/wp-json\/wp\/v2\/posts\/3177\/revisions"}],"predecessor-version":[{"id":3179,"href":"https:\/\/sunpress4.com\/index.php\/wp-json\/wp\/v2\/posts\/3177\/revisions\/3179"}],"wp:featuredmedia":[{"embeddable":true,"href":"https:\/\/sunpress4.com\/index.php\/wp-json\/wp\/v2\/media\/3178"}],"wp:attachment":[{"href":"https:\/\/sunpress4.com\/index.php\/wp-json\/wp\/v2\/media?parent=3177"}],"wp:term":[{"taxonomy":"category","embeddable":true,"href":"https:\/\/sunpress4.com\/index.php\/wp-json\/wp\/v2\/categories?post=3177"},{"taxonomy":"post_tag","embeddable":true,"href":"https:\/\/sunpress4.com\/index.php\/wp-json\/wp\/v2\/tags?post=3177"}],"curies":[{"name":"wp","href":"https:\/\/api.w.org\/{rel}","templated":true}]}}