{"id":3198,"date":"2026-04-23T00:00:38","date_gmt":"2026-04-22T21:00:38","guid":{"rendered":"https:\/\/sunpress4.com\/index.php\/2026\/04\/23\/volkan-demirelden-galatasaray-zaferi-yorumu-nasip-buguneymis\/"},"modified":"2026-04-23T00:00:39","modified_gmt":"2026-04-22T21:00:39","slug":"volkan-demirelden-galatasaray-zaferi-yorumu-nasip-buguneymis","status":"publish","type":"post","link":"https:\/\/sunpress4.com\/index.php\/2026\/04\/23\/volkan-demirelden-galatasaray-zaferi-yorumu-nasip-buguneymis\/","title":{"rendered":"Volkan Demirel&#8217;den Galatasaray zaferi yorumu.. &#8216;Nasip bug\u00fcneymi\u015f&#8217;"},"content":{"rendered":"<p>Ziraat T\u00fcrkiye Kupas\u0131 \u00e7eyrek finalinde Galatasaray&#8217;\u0131 deplasmanda eleyerek yar\u0131 finale y\u00fckselen Gen\u00e7lerbirli\u011fi&#8217;nde teknik direkt\u00f6r Volkan Demirel, tarihi zaferin ard\u0131ndan \u00f6nemli a\u00e7\u0131klamalarda bulundu. Demirel, bu anlaml\u0131 galibiyetin tak\u0131m i\u00e7in bir d\u00f6n\u00fcm noktas\u0131 olmas\u0131n\u0131 umdu\u011funu ve ligdeki hedeflerine ula\u015fma yolunda b\u00fcy\u00fck motivasyon sa\u011flad\u0131\u011f\u0131n\u0131 belirtti.<\/p>\n<p><strong>Galatasaray Zaferi: Hatalar\u0131m\u0131zdan Ders \u00c7\u0131kard\u0131k<\/strong><\/p>\n<p>Kupa heyecan\u0131n\u0131n ard\u0131ndan duygular\u0131n\u0131 dile getiren Volkan Demirel, &#8220;G\u00fczel bir galibiyet. Burada Galatasaray&#8217;\u0131 yenmek&#8230; Galatasaray&#8217;\u0131 herkes biliyor. Lig ma\u00e7\u0131nda da ilk dakikada yedi\u011fimiz gol, yoksa \u00e7ok iyi haz\u0131rlanm\u0131\u015ft\u0131k. Nasip bug\u00fcneymi\u015f. O ma\u00e7ta hatalar\u0131m\u0131z\u0131 g\u00f6rd\u00fck. Bug\u00fcn de sahaya \u00e7\u0131kt\u0131\u011f\u0131m\u0131z tak\u0131m, baz\u0131lar\u0131 gen\u00e7, baz\u0131lar\u0131 az s\u00fcre alan oyuncular\u0131m\u0131z ama ne dediysek yapt\u0131lar&#8221; ifadelerini kullanarak, \u00f6zellikle gen\u00e7 ve az s\u00fcre alan oyuncular\u0131n performans\u0131ndan duydu\u011fu memnuniyeti dile getirdi.<\/p>\n<p><strong>Tak\u0131m Ruhu ve Ligdeki Hedefler<\/strong><\/p>\n<p>Ma\u00e7taki kritik anlara da de\u011finen Demirel, &#8220;60-65 dakikadan sonra Galatasaray&#8217;\u0131n performans olarak d\u00fc\u015ft\u00fc\u011f\u00fc bir durum var&#8221; tespitinde bulundu. Kaleci Erhan&#8217;dan 19 ya\u015f\u0131ndaki Osman&#8217;a kadar t\u00fcm oyuncular\u0131n\u0131 tebrik eden gen\u00e7 teknik adam, Gen\u00e7lerbirli\u011fi taraftar\u0131na da selam g\u00f6ndererek, &#8220;Bu ak\u015fam\u0131n keyfini ya\u015fas\u0131nlar. Ben bu tak\u0131ma \u00e7ok g\u00fcveniyorum, \u00e7ok \u00e7al\u0131\u015f\u0131yorlar. \u0130n\u015fallah bu ma\u00e7 bir k\u0131r\u0131lma olur ve bundan sonra istediklerimizi al\u0131r\u0131z&#8221; s\u00f6zleriyle umutlu mesajlar verdi.<\/p>\n<p><strong>32 Puan Hedefi ve S\u00fcper Lig&#8217;de Kalma M\u00fccadelesi<\/strong><\/p>\n<p>Volkan Demirel, kupadaki ba\u015far\u0131n\u0131n ligdeki hedeflerine de yans\u0131yaca\u011f\u0131n\u0131 vurgulad\u0131. &#8220;32 puan hedefim var. Oynad\u0131\u011f\u0131m tak\u0131mlar hep g\u00fc\u00e7l\u00fc tak\u0131mlard\u0131 ama bug\u00fcnk\u00fc galibiyet bizim i\u00e7in \u00e7ok anlaml\u0131 oldu. Umutlu bakaca\u011f\u0131z ileriye do\u011fru. Bu tak\u0131ma \u00e7ok g\u00fcveniyorum. \u0130n\u015fallah hafta sonu \u00e7ok iyi oynayarak ligdeki yerimizi sa\u011flamla\u015ft\u0131raca\u011f\u0131z. B\u00fct\u00fcn d\u00fc\u015f\u00fcncemiz o&#8221; diyerek, Gen\u00e7lerbirli\u011fi&#8217;nin S\u00fcper Lig&#8217;de kalma m\u00fccadelesindeki kararl\u0131l\u0131\u011f\u0131n\u0131 ve bu galibiyetin sa\u011flad\u0131\u011f\u0131 moral deste\u011fini net bir \u015fekilde ortaya koydu.<\/p>\n","protected":false},"excerpt":{"rendered":"<p>Ziraat T\u00fcrkiye Kupas\u0131 \u00e7eyrek finalinde Galatasaray&#8217;\u0131 deplasmanda eleyerek yar\u0131 finale y\u00fckselen Gen\u00e7lerbirli\u011fi&#8217;nde teknik direkt\u00f6r Volkan Demirel, tarihi zaferin ard\u0131ndan \u00f6nemli a\u00e7\u0131klamalarda bulundu. Demirel, bu anlaml\u0131 galibiyetin tak\u0131m i\u00e7in bir d\u00f6n\u00fcm noktas\u0131 olmas\u0131n\u0131 umdu\u011funu ve ligdeki hedeflerine ula\u015fma yolunda b\u00fcy\u00fck motivasyon sa\u011flad\u0131\u011f\u0131n\u0131 belirtti. Galatasaray Zaferi: Hatalar\u0131m\u0131zdan Ders \u00c7\u0131kard\u0131k Kupa heyecan\u0131n\u0131n ard\u0131ndan duygular\u0131n\u0131 dile getiren Volkan Demirel, [&hellip;]<\/p>\n","protected":false},"author":0,"featured_media":3199,"comment_status":"open","ping_status":"open","sticky":false,"template":"","format":"standard","meta":{"footnotes":""},"categories":[32],"tags":[],"class_list":["post-3198","post","type-post","status-publish","format-standard","has-post-thumbnail","hentry","category-spor"],"_links":{"self":[{"href":"https:\/\/sunpress4.com\/index.php\/wp-json\/wp\/v2\/posts\/3198","targetHints":{"allow":["GET"]}}],"collection":[{"href":"https:\/\/sunpress4.com\/index.php\/wp-json\/wp\/v2\/posts"}],"about":[{"href":"https:\/\/sunpress4.com\/index.php\/wp-json\/wp\/v2\/types\/post"}],"replies":[{"embeddable":true,"href":"https:\/\/sunpress4.com\/index.php\/wp-json\/wp\/v2\/comments?post=3198"}],"version-history":[{"count":1,"href":"https:\/\/sunpress4.com\/index.php\/wp-json\/wp\/v2\/posts\/3198\/revisions"}],"predecessor-version":[{"id":3200,"href":"https:\/\/sunpress4.com\/index.php\/wp-json\/wp\/v2\/posts\/3198\/revisions\/3200"}],"wp:featuredmedia":[{"embeddable":true,"href":"https:\/\/sunpress4.com\/index.php\/wp-json\/wp\/v2\/media\/3199"}],"wp:attachment":[{"href":"https:\/\/sunpress4.com\/index.php\/wp-json\/wp\/v2\/media?parent=3198"}],"wp:term":[{"taxonomy":"category","embeddable":true,"href":"https:\/\/sunpress4.com\/index.php\/wp-json\/wp\/v2\/categories?post=3198"},{"taxonomy":"post_tag","embeddable":true,"href":"https:\/\/sunpress4.com\/index.php\/wp-json\/wp\/v2\/tags?post=3198"}],"curies":[{"name":"wp","href":"https:\/\/api.w.org\/{rel}","templated":true}]}}